{"id":3251,"date":"2026-06-15T23:53:10","date_gmt":"2026-06-15T23:53:10","guid":{"rendered":"https:\/\/turkiyemhaber.com\/?p=3251"},"modified":"2026-06-15T23:53:14","modified_gmt":"2026-06-15T23:53:14","slug":"sarp-levendoglu-ve-felicia-sagnak-tatilde-16-yas-kucuk-sevgilisiyle-aska-geldi","status":"publish","type":"post","link":"https:\/\/turkiyemhaber.com\/?p=3251","title":{"rendered":"Sarp Levendo\u011flu ve Felicia Sa\u011fnak tatilde! 16 ya\u015f k\u00fc\u00e7\u00fck sevgilisiyle a\u015fka geldi"},"content":{"rendered":"\n<p class=\"wp-block-paragraph\">Arka Sokaklar dizisinde birlikte rol alan Sarp Levendo\u011flu ve Felicia Sa\u011fnak, bir s\u00fcredir konu\u015fulan a\u015fk iddialar\u0131n\u0131 tatil payla\u015f\u0131mlar\u0131yla do\u011frulad\u0131. Sa\u011fnak&#8217;\u0131n birlikte \u00e7ekildikleri foto\u011fraflar\u0131 beyaz kalp emojisiyle payla\u015fmas\u0131 dikkat \u00e7ekerken, \u00e7iftin ili\u015fkisi kadar aralar\u0131ndaki 16 ya\u015f fark\u0131 da g\u00fcndem oldu.<\/p>\n\n\n\n<p class=\"wp-block-paragraph\">\u201cArka Sokaklar\u201d dizisinde birlikte rol alan&nbsp;<a href=\"https:\/\/www.sondakika.com\/sarp-levendoglu\/\">Sarp Levendo\u011flu<\/a>&nbsp;ile Felicia Sa\u011fnak, sosyal medya payla\u015f\u0131mlar\u0131yla a\u015fk iddialar\u0131n\u0131 do\u011frulad\u0131. Tatilden payla\u015ft\u0131klar\u0131 kareler k\u0131sa s\u00fcrede b\u00fcy\u00fck ilgi g\u00f6rd\u00fc.<\/p>\n\n\n\n<h3 class=\"wp-block-heading\">TAT\u0130L PAYLA\u015eIMLARI \u0130DD\u0130ALARI DO\u011eRULADI<\/h3>\n\n\n\n<p class=\"wp-block-paragraph\">Kanal D&#8217;nin uzun y\u0131llard\u0131r ekranlarda olan dizisi &#8220;Arka Sokaklar&#8221;da birlikte rol alan Sarp Levendo\u011flu ve Felicia Sa\u011fnak, bir s\u00fcredir haklar\u0131nda \u00e7\u0131kan a\u015fk iddialar\u0131na sosyal medya \u00fczerinden yan\u0131t verdi.<\/p>\n\n\n\n<figure class=\"wp-block-image\"><img decoding=\"async\" src=\"https:\/\/foto.sondakika.com\/haber\/2026\/06\/15\/sarp-levendoglu-ve-felicia-sag-19950618-2381_1_m.jpg\" alt=\"Sarp Levendo\u011flu ve Felicia Sa\u011fnak tatilde! 16 ya\u015f k\u00fc\u00e7\u00fck sevgilisiyle a\u015fka geldi\"\/><\/figure>\n\n\n\n<p class=\"wp-block-paragraph\">Birlikte \u00e7\u0131kt\u0131klar\u0131 tatilden foto\u011fraflar payla\u015fan ikili, ili\u015fkilerini g\u00f6zlerden uzak tutmak yerine takip\u00e7ileriyle payla\u015fmay\u0131 tercih etti.<\/p>\n\n\n\n<h3 class=\"wp-block-heading\">BEYAZ KALP DETAYI D\u0130KKAT \u00c7EKT\u0130<\/h3>\n\n\n\n<p class=\"wp-block-paragraph\">Felicia Sa\u011fnak&#8217;\u0131n Sarp Levendo\u011flu ile birlikte \u00e7ekilen foto\u011fraflar\u0131n\u0131 beyaz kalp emojisiyle payla\u015fmas\u0131, takip\u00e7ileri taraf\u0131ndan a\u015fk ilan\u0131 olarak yorumland\u0131.<\/p>\n\n\n\n<figure class=\"wp-block-image\"><img decoding=\"async\" src=\"https:\/\/foto.sondakika.com\/haber\/2026\/06\/15\/sarp-levendoglu-ve-felicia-sag-19950618-2273_2_m.jpg\" alt=\"Sarp Levendo\u011flu ve Felicia Sa\u011fnak tatilde! 16 ya\u015f k\u00fc\u00e7\u00fck sevgilisiyle a\u015fka geldi\"\/><\/figure>\n\n\n\n<p class=\"wp-block-paragraph\">K\u0131sa s\u00fcrede \u00e7ok say\u0131da be\u011feni ve yorum alan payla\u015f\u0131mlar,&nbsp;<a href=\"https:\/\/www.sondakika.com\/magazin\/\">magazin<\/a>&nbsp;g\u00fcndeminde geni\u015f yank\u0131 uyand\u0131rd\u0131.<\/p>\n\n\n\n<h3 class=\"wp-block-heading\">YA\u015e FARKI DA G\u00dcNDEM OLDU<\/h3>\n\n\n\n<p class=\"wp-block-paragraph\">\u00c7iftin ili\u015fkisi kadar aralar\u0131ndaki ya\u015f fark\u0131 da dikkat \u00e7ekti. 44 ya\u015f\u0131ndaki Sarp Levendo\u011flu ile 28 ya\u015f\u0131ndaki Felicia Sa\u011fnak aras\u0131ndaki 16 ya\u015f fark\u0131, takip\u00e7ilerin en \u00e7ok konu\u015ftu\u011fu konular aras\u0131nda yer ald\u0131.<\/p>\n","protected":false},"excerpt":{"rendered":"<p>Arka Sokaklar dizisinde birlikte rol alan Sarp Levendo\u011flu ve Felicia Sa\u011fnak, bir s\u00fcredir konu\u015fulan a\u015fk<\/p>\n","protected":false},"author":1,"featured_media":3252,"comment_status":"open","ping_status":"open","sticky":false,"template":"","format":"standard","meta":{"_rtcl_gb_attr":"","footnotes":""},"categories":[41],"tags":[],"class_list":["post-3251","post","type-post","status-publish","format-standard","has-post-thumbnail","hentry","category-magazin"],"_links":{"self":[{"href":"https:\/\/turkiyemhaber.com\/index.php?rest_route=\/wp\/v2\/posts\/3251","targetHints":{"allow":["GET"]}}],"collection":[{"href":"https:\/\/turkiyemhaber.com\/index.php?rest_route=\/wp\/v2\/posts"}],"about":[{"href":"https:\/\/turkiyemhaber.com\/index.php?rest_route=\/wp\/v2\/types\/post"}],"author":[{"embeddable":true,"href":"https:\/\/turkiyemhaber.com\/index.php?rest_route=\/wp\/v2\/users\/1"}],"replies":[{"embeddable":true,"href":"https:\/\/turkiyemhaber.com\/index.php?rest_route=%2Fwp%2Fv2%2Fcomments&post=3251"}],"version-history":[{"count":1,"href":"https:\/\/turkiyemhaber.com\/index.php?rest_route=\/wp\/v2\/posts\/3251\/revisions"}],"predecessor-version":[{"id":3253,"href":"https:\/\/turkiyemhaber.com\/index.php?rest_route=\/wp\/v2\/posts\/3251\/revisions\/3253"}],"wp:featuredmedia":[{"embeddable":true,"href":"https:\/\/turkiyemhaber.com\/index.php?rest_route=\/wp\/v2\/media\/3252"}],"wp:attachment":[{"href":"https:\/\/turkiyemhaber.com\/index.php?rest_route=%2Fwp%2Fv2%2Fmedia&parent=3251"}],"wp:term":[{"taxonomy":"category","embeddable":true,"href":"https:\/\/turkiyemhaber.com\/index.php?rest_route=%2Fwp%2Fv2%2Fcategories&post=3251"},{"taxonomy":"post_tag","embeddable":true,"href":"https:\/\/turkiyemhaber.com\/index.php?rest_route=%2Fwp%2Fv2%2Ftags&post=3251"}],"curies":[{"name":"wp","href":"https:\/\/api.w.org\/{rel}","templated":true}]}}