{"id":3248,"date":"2026-06-15T23:46:14","date_gmt":"2026-06-15T23:46:14","guid":{"rendered":"https:\/\/turkiyemhaber.com\/?p=3248"},"modified":"2026-06-15T23:46:18","modified_gmt":"2026-06-15T23:46:18","slug":"partisiz-kalan-ozgur-ozele-surpriz-teklif-bize-gelin","status":"publish","type":"post","link":"https:\/\/turkiyemhaber.com\/?p=3248","title":{"rendered":"Partisiz kalan \u00d6zg\u00fcr \u00d6zel&#8217;e s\u00fcrpriz teklif: Bize gelin"},"content":{"rendered":"\n<p class=\"wp-block-paragraph\">CHP&#8217;de &#8220;mutlak butlan&#8221; karar\u0131 sonras\u0131 K\u0131l\u0131\u00e7daro\u011flu ile \u00d6zel cephesi aras\u0131ndaki ihra\u00e7 krizi b\u00fcy\u00fcrken, kulislerde ihra\u00e7 edilen vekillerin T\u00fcrkiye \u0130\u015f\u00e7i Partisi \u00e7at\u0131s\u0131 alt\u0131nda birle\u015ferek Meclis&#8217;te 7. grubu kurabilece\u011fi iddias\u0131 g\u00fcndeme bomba gibi d\u00fc\u015ft\u00fc. \u00d6zg\u00fcr \u00d6zel&#8217;in yeni parti i\u00e7in ofis tuttu\u011fu konu\u015fulurken; grup ba\u015fkanvekilliklerinin d\u00fc\u015f\u00fcr\u00fclmesiyle y\u00f6netim krizi ya\u015fayan partide g\u00f6zler, yar\u0131n iki farkl\u0131 y\u00f6netimin kar\u015f\u0131 kar\u015f\u0131ya gelebilece\u011fi kritik grup toplant\u0131s\u0131na \u00e7evrildi.<\/p>\n\n\n\n<p class=\"wp-block-paragraph\">CHP&#8217;de mahkemenin &#8220;mutlak butlan&#8221; karar\u0131 sonras\u0131 genel ba\u015fkanl\u0131k koltu\u011funa yeniden oturan Kemal K\u0131l\u0131\u00e7daro\u011flu ile&nbsp;<a href=\"https:\/\/www.sondakika.com\/ozgur-ozel\/\">\u00d6zg\u00fcr \u00d6zel<\/a>&nbsp;cephesi aras\u0131ndaki g\u00fc\u00e7 sava\u015f\u0131, partiyi b\u00f6l\u00fcnmenin e\u015fi\u011fine getirdi. Kar\u015f\u0131l\u0131kl\u0131 hamleler ve pe\u015f pe\u015fe gelen ihra\u00e7larla t\u0131rmanan kriz, Ankara kulislerini sallayacak yepyeni bir iddiay\u0131 g\u00fcndeme ta\u015f\u0131d\u0131: TBMM&#8217;de 7. bir grubun kurulmas\u0131 ve \u00d6zg\u00fcr \u00d6zel&#8217;in yeni parti i\u00e7in ofis tuttu\u011fu iddias\u0131&#8230;<\/p>\n\n\n\n<h3 class=\"wp-block-heading\">KILI\u00c7DARO\u011eLU \u0130HRA\u00c7LARA DEVAM EDECEK<\/h3>\n\n\n\n<p class=\"wp-block-paragraph\">Kulislerdeki iddialara g\u00f6re, koltu\u011fu yeniden devralan Kemal K\u0131l\u0131\u00e7daro\u011flu\u2019nun, \u00d6zg\u00fcr \u00d6zel\u2019e yak\u0131n isimleri tasfiye etmek amac\u0131yla ba\u015flatt\u0131\u011f\u0131 ihra\u00e7 dalgas\u0131n\u0131 s\u00fcrd\u00fcrmeye kararl\u0131 oldu\u011fu \u00f6ne s\u00fcr\u00fcl\u00fcyor. Buna kar\u015f\u0131l\u0131k \u00d6zg\u00fcr \u00d6zel cephesi ise son ana kadar parti i\u00e7i siyasi m\u00fccadeleyi b\u0131rakmayacak mesaj\u0131n\u0131 veriyor. Ancak perde arkas\u0131nda \u00d6zg\u00fcr \u00d6zel\u2019in yeni bir parti kurma haz\u0131rl\u0131klar\u0131na ba\u015flad\u0131\u011f\u0131 ve \u015fimdiden bir \u00e7al\u0131\u015fma ofisi tuttu\u011fu iddialar\u0131 siyaset kulislerinde y\u00fcksek sesle konu\u015fuluyor.<\/p>\n\n\n\n<h3 class=\"wp-block-heading\">BOMBA FORM\u00dcL: CHP&#8217;DEN \u0130HRA\u00c7 ED\u0130LENLER T\u0130P&#8217;E GE\u00c7EB\u0130L\u0130R<\/h3>\n\n\n\n<p class=\"wp-block-paragraph\"><a href=\"https:\/\/www.sondakika.com\/Ekonomi\/\">Ekonomi<\/a>&nbsp;gazetesinde yer alan habere g\u00f6re, CHP\u2019deki b\u00f6l\u00fcnmenin muhalefeti zay\u0131flatmamas\u0131n\u0131 isteyen baz\u0131 isimler Meclis\u2019te dengeleri de\u011fi\u015ftirecek bir form\u00fcl \u00fczerinde duruyor. \u0130ddiaya g\u00f6re, CHP&#8217;den ihra\u00e7 edilen veya istifa eden milletvekillerinin T\u00fcrkiye \u0130\u015f\u00e7i Partisi (T\u0130P) \u00e7at\u0131s\u0131 alt\u0131nda birle\u015ferek Meclis&#8217;te 7. bir grup kurabilece\u011fi de\u011ferlendiriliyor. Hatta T\u0130P Genel Ba\u015fkan\u0131 Erkan Ba\u015f&#8217;\u0131n, Meclis\u2019te daha g\u00fc\u00e7l\u00fc bir temsil ve ortak zemin yaratmak ad\u0131na \u00d6zg\u00fcr \u00d6zel&#8217;e bu y\u00f6nde bir teklif g\u00f6t\u00fcrd\u00fc\u011f\u00fc de s\u0131zan iddialar aras\u0131nda.<\/p>\n\n\n\n<h3 class=\"wp-block-heading\">MECL\u0130S GRUBUNDA &#8220;Y\u00d6NET\u0130M&#8221; B\u0130LMECES\u0130<\/h3>\n\n\n\n<p class=\"wp-block-paragraph\">Ge\u00e7ti\u011fimiz hafta 9 milletvekilinin \u00fcyeli\u011finin tedbirli olarak ask\u0131ya al\u0131nmas\u0131, CHP&#8217;nin TBMM&#8217;deki i\u015fleyi\u015fini de kilitledi. \u0130hra\u00e7 listesinde Grup Ba\u015fkanvekilleri Ali Mahir Ba\u015far\u0131r ve G\u00f6khan G\u00fcnayd\u0131n&#8217;\u0131n da yer almas\u0131yla Meclis y\u00f6netiminde b\u00fcy\u00fck bir bo\u015fluk olu\u015ftu.&nbsp;\u015eu an resmi kay\u0131tlara g\u00f6re tek Grup Ba\u015fkanvekili olarak Murat Emir g\u00f6r\u00fcn\u00fcrken, bo\u015falan koltuklar i\u00e7in yeni bir kriz kap\u0131da:<\/p>\n\n\n\n<ul class=\"wp-block-list\">\n<li>K\u0131l\u0131\u00e7daro\u011flu Cephesi: Bo\u015falan grup ba\u015fkanvekilliklerine do\u011frudan atama yap\u0131labilece\u011fini savunuyor.<\/li>\n\n\n\n<li>\u00d6zg\u00fcr \u00d6zel Cephesi: Parti t\u00fcz\u00fc\u011f\u00fc gere\u011fi yeni isimlerin mutlaka kapal\u0131 grup toplant\u0131s\u0131nda se\u00e7imle belirlenmesi gerekti\u011finde diretiyor.<\/li>\n<\/ul>\n\n\n\n<h3 class=\"wp-block-heading\">G\u00d6ZLER YARINK\u0130 GRUP TOPLANTISINDA<\/h3>\n\n\n\n<p class=\"wp-block-paragraph\">Siyasi krizin g\u00f6lgesinde g\u00f6zler yar\u0131n Meclis\u2019te yap\u0131lmas\u0131 planlanan CHP grup toplant\u0131s\u0131na \u00e7evrildi. E\u011fer taraflar son dakikada bir uzla\u015f\u0131ya varamazsa, t\u0131pk\u0131 ge\u00e7ti\u011fimiz hafta oldu\u011fu gibi Meclis \u00e7at\u0131s\u0131 alt\u0131nda yine iki farkl\u0131 idari g\u00f6r\u00fcnt\u00fcn\u00fcn ortaya \u00e7\u0131kmas\u0131 ve sert tart\u0131\u015fmalar\u0131n ya\u015fanmas\u0131 bekleniyor.<\/p>\n","protected":false},"excerpt":{"rendered":"<p>CHP&#8217;de &#8220;mutlak butlan&#8221; karar\u0131 sonras\u0131 K\u0131l\u0131\u00e7daro\u011flu ile \u00d6zel cephesi aras\u0131ndaki ihra\u00e7 krizi b\u00fcy\u00fcrken, kulislerde ihra\u00e7<\/p>\n","protected":false},"author":1,"featured_media":3249,"comment_status":"open","ping_status":"open","sticky":false,"template":"","format":"standard","meta":{"_rtcl_gb_attr":"","footnotes":""},"categories":[44],"tags":[],"class_list":["post-3248","post","type-post","status-publish","format-standard","has-post-thumbnail","hentry","category-politika"],"_links":{"self":[{"href":"https:\/\/turkiyemhaber.com\/index.php?rest_route=\/wp\/v2\/posts\/3248","targetHints":{"allow":["GET"]}}],"collection":[{"href":"https:\/\/turkiyemhaber.com\/index.php?rest_route=\/wp\/v2\/posts"}],"about":[{"href":"https:\/\/turkiyemhaber.com\/index.php?rest_route=\/wp\/v2\/types\/post"}],"author":[{"embeddable":true,"href":"https:\/\/turkiyemhaber.com\/index.php?rest_route=\/wp\/v2\/users\/1"}],"replies":[{"embeddable":true,"href":"https:\/\/turkiyemhaber.com\/index.php?rest_route=%2Fwp%2Fv2%2Fcomments&post=3248"}],"version-history":[{"count":1,"href":"https:\/\/turkiyemhaber.com\/index.php?rest_route=\/wp\/v2\/posts\/3248\/revisions"}],"predecessor-version":[{"id":3250,"href":"https:\/\/turkiyemhaber.com\/index.php?rest_route=\/wp\/v2\/posts\/3248\/revisions\/3250"}],"wp:featuredmedia":[{"embeddable":true,"href":"https:\/\/turkiyemhaber.com\/index.php?rest_route=\/wp\/v2\/media\/3249"}],"wp:attachment":[{"href":"https:\/\/turkiyemhaber.com\/index.php?rest_route=%2Fwp%2Fv2%2Fmedia&parent=3248"}],"wp:term":[{"taxonomy":"category","embeddable":true,"href":"https:\/\/turkiyemhaber.com\/index.php?rest_route=%2Fwp%2Fv2%2Fcategories&post=3248"},{"taxonomy":"post_tag","embeddable":true,"href":"https:\/\/turkiyemhaber.com\/index.php?rest_route=%2Fwp%2Fv2%2Ftags&post=3248"}],"curies":[{"name":"wp","href":"https:\/\/api.w.org\/{rel}","templated":true}]}}