{"id":3245,"date":"2026-06-15T23:44:01","date_gmt":"2026-06-15T23:44:01","guid":{"rendered":"https:\/\/turkiyemhaber.com\/?p=3245"},"modified":"2026-06-15T23:44:04","modified_gmt":"2026-06-15T23:44:04","slug":"igdir-fk-dunya-kupasina-damga-vuruyor","status":"publish","type":"post","link":"https:\/\/turkiyemhaber.com\/?p=3245","title":{"rendered":"I\u011fd\u0131r FK, D\u00fcnya Kupas\u0131&#8217;na damga vuruyor"},"content":{"rendered":"\n<p class=\"wp-block-paragraph\">FIFA 2026 D\u00fcnya Kupas\u0131&#8217;nda Almanya ile kar\u015f\u0131la\u015fan Cura\u00e7ao&#8217;da sahaya kaptan olarak I\u011fd\u0131r FK&#8217;da oynayan Juninho Bacuna \u00e7\u0131km\u0131\u015ft\u0131. Bug\u00fcn de \u0130spanya ile kar\u015f\u0131la\u015fan Ye\u015fil Burun Adalar\u0131&#8217;nda sahaya kaptan olarak bir ba\u015fka I\u011fd\u0131r FK formas\u0131 giyen Ryan Mendes \u00e7\u0131kt\u0131.<\/p>\n\n\n\n<p class=\"wp-block-paragraph\">Trendyol 1. Lig ekiplerinden&nbsp;<a href=\"https:\/\/www.sondakika.com\/igdir\/\">I\u011fd\u0131r<\/a>&nbsp;FK, uluslararas\u0131 arenada ad\u0131ndan s\u00f6z ettirmeye devam ediyor.&nbsp;<\/p>\n\n\n\n<h3 class=\"wp-block-heading\">I\u011eDIR FK OYUNCULARI D\u00dcNYA KUPASI&#8217;NDA BOY G\u00d6STER\u0130YOR<\/h3>\n\n\n\n<p class=\"wp-block-paragraph\">Geride b\u0131rakt\u0131\u011f\u0131m\u0131z g\u00fcn FIFA 2026&nbsp;<a href=\"https:\/\/www.sondakika.com\/dunya-kupasi\/\">D\u00fcnya Kupas\u0131<\/a>&#8216;nda&nbsp;<a href=\"https:\/\/www.sondakika.com\/almanya\/\">Almanya<\/a>&nbsp;ile kar\u015f\u0131la\u015fan Cura\u00e7ao Milli Tak\u0131m\u0131&#8217;nda, I\u011fd\u0131r FK&#8217;n\u0131n ba\u015far\u0131l\u0131 futbolcusu&nbsp;<a href=\"https:\/\/www.sondakika.com\/juninho\/\">Juninho<\/a>&nbsp;Bacuna sahaya kaptan olarak \u00e7\u0131karak kul\u00fcb\u00fcn\u00fc gururland\u0131rm\u0131\u015ft\u0131.&nbsp;I\u011fd\u0131r temsilcisinin milli gururu bununla da s\u0131n\u0131rl\u0131 kalmad\u0131. Bug\u00fcn&nbsp;<a href=\"https:\/\/www.sondakika.com\/ispanya\/\">\u0130spanya<\/a>&nbsp;ile kozlar\u0131n\u0131 payla\u015fan&nbsp;<a href=\"https:\/\/www.sondakika.com\/yesil-burun-adalari\/\">Ye\u015fil Burun Adalar\u0131<\/a>&#8216;nda, sahaya kaptanl\u0131k band\u0131yla \u00e7\u0131kan isim bir ba\u015fka I\u011fd\u0131r FK formas\u0131 giyen Ryan Mendes oldu.<\/p>\n\n\n\n<h3 class=\"wp-block-heading\">DO\u011eRU TRANSFER YATIRIMLARI D\u0130KKAT \u00c7EKT\u0130<\/h3>\n\n\n\n<p class=\"wp-block-paragraph\">D\u00fcnya devlerine kar\u015f\u0131 oynanan haz\u0131rl\u0131k ma\u00e7lar\u0131nda iki farkl\u0131 oyuncusunun milli tak\u0131mlar\u0131na liderlik etmesi, I\u011fd\u0131r ekibinde b\u00fcy\u00fck bir sevin\u00e7 ve gurur dalgas\u0131 yaratt\u0131. Ye\u015fil-beyazl\u0131 kul\u00fcb\u00fcn yapt\u0131\u011f\u0131 do\u011fru transfer yat\u0131r\u0131mlar\u0131 ve kadro kalitesi, futbol kamuoyunun da dikkatini \u00e7ekmeyi ba\u015fard\u0131.<\/p>\n","protected":false},"excerpt":{"rendered":"<p>FIFA 2026 D\u00fcnya Kupas\u0131&#8217;nda Almanya ile kar\u015f\u0131la\u015fan Cura\u00e7ao&#8217;da sahaya kaptan olarak I\u011fd\u0131r FK&#8217;da oynayan Juninho<\/p>\n","protected":false},"author":1,"featured_media":3246,"comment_status":"open","ping_status":"open","sticky":false,"template":"","format":"standard","meta":{"_rtcl_gb_attr":"","footnotes":""},"categories":[3],"tags":[],"class_list":["post-3245","post","type-post","status-publish","format-standard","has-post-thumbnail","hentry","category-spor"],"_links":{"self":[{"href":"https:\/\/turkiyemhaber.com\/index.php?rest_route=\/wp\/v2\/posts\/3245","targetHints":{"allow":["GET"]}}],"collection":[{"href":"https:\/\/turkiyemhaber.com\/index.php?rest_route=\/wp\/v2\/posts"}],"about":[{"href":"https:\/\/turkiyemhaber.com\/index.php?rest_route=\/wp\/v2\/types\/post"}],"author":[{"embeddable":true,"href":"https:\/\/turkiyemhaber.com\/index.php?rest_route=\/wp\/v2\/users\/1"}],"replies":[{"embeddable":true,"href":"https:\/\/turkiyemhaber.com\/index.php?rest_route=%2Fwp%2Fv2%2Fcomments&post=3245"}],"version-history":[{"count":1,"href":"https:\/\/turkiyemhaber.com\/index.php?rest_route=\/wp\/v2\/posts\/3245\/revisions"}],"predecessor-version":[{"id":3247,"href":"https:\/\/turkiyemhaber.com\/index.php?rest_route=\/wp\/v2\/posts\/3245\/revisions\/3247"}],"wp:featuredmedia":[{"embeddable":true,"href":"https:\/\/turkiyemhaber.com\/index.php?rest_route=\/wp\/v2\/media\/3246"}],"wp:attachment":[{"href":"https:\/\/turkiyemhaber.com\/index.php?rest_route=%2Fwp%2Fv2%2Fmedia&parent=3245"}],"wp:term":[{"taxonomy":"category","embeddable":true,"href":"https:\/\/turkiyemhaber.com\/index.php?rest_route=%2Fwp%2Fv2%2Fcategories&post=3245"},{"taxonomy":"post_tag","embeddable":true,"href":"https:\/\/turkiyemhaber.com\/index.php?rest_route=%2Fwp%2Fv2%2Ftags&post=3245"}],"curies":[{"name":"wp","href":"https:\/\/api.w.org\/{rel}","templated":true}]}}