{"id":3242,"date":"2026-06-15T23:41:48","date_gmt":"2026-06-15T23:41:48","guid":{"rendered":"https:\/\/turkiyemhaber.com\/?p=3242"},"modified":"2026-06-15T23:41:52","modified_gmt":"2026-06-15T23:41:52","slug":"asena-agabeyim-dedigi-insanla-ask-yasamaya-basladi","status":"publish","type":"post","link":"https:\/\/turkiyemhaber.com\/?p=3242","title":{"rendered":"Asena, &#8220;a\u011fabeyim&#8221; dedi\u011fi insanla a\u015fk ya\u015famaya ba\u015flad\u0131"},"content":{"rendered":"\n<p class=\"wp-block-paragraph\">8 y\u0131ll\u0131k evlili\u011fini bitirdikten sonra sahnelere yeniden d\u00f6nen 48 ya\u015f\u0131ndaki \u00fcnl\u00fc oryantal Asena, yeni a\u015fk\u0131yla g\u00fcndeme geldi. Asena, daha \u00f6nce &#8220;a\u011fabeyim&#8221; dedi\u011fi, reklam y\u00fcz\u00fc oldu\u011fu in\u015faat \u015firketinin sahibi i\u015f insan\u0131 Kani Kudu ile a\u015fk ya\u015famaya ba\u015flad\u0131. Asena, 50 ya\u015f\u0131ndaki Kudu&#8217;nun Yalova&#8217;daki \u00e7iftli\u011fine yerle\u015firken, g\u00fcn\u00fcn\u00fc koyun, kuzu ve k\u00f6pekleriyle ilgilenerek ge\u00e7iriyor.<\/p>\n\n\n\n<p class=\"wp-block-paragraph\">Sekiz y\u0131ll\u0131k evlili\u011fini sonland\u0131rarak sahnelere geri d\u00f6nen 48 ya\u015f\u0131ndaki \u00fcnl\u00fc oryantal&nbsp;<a href=\"https:\/\/www.sondakika.com\/asena\/\">Asena<\/a>, \u00f6zel hayat\u0131yla yeniden dikkat \u00e7ekti. Asena, daha \u00f6nce &#8220;a\u011fabeyim&#8221; olarak hitap etti\u011fi ve reklam y\u00fcz\u00fc oldu\u011fu in\u015faat \u015firketinin sahibi, 50 ya\u015f\u0131ndaki i\u015f insan\u0131 Kani Kudu ile a\u015fk ya\u015famaya ba\u015flad\u0131.<\/p>\n\n\n\n<h3 class=\"wp-block-heading\">YALOVA&#8217;DA \u00c7\u0130FTL\u0130\u011eE YERLE\u015eT\u0130<\/h3>\n\n\n\n<p class=\"wp-block-paragraph\">Yeni ili\u015fkisiyle dikkat \u00e7eken \u00fcnl\u00fc oryantal, sevgilisinin Yalova\u2019da bulunan \u00e7iftli\u011fine yerle\u015fti. Sahne \u00e7al\u0131\u015fmalar\u0131n\u0131n d\u0131\u015f\u0131ndaki zaman\u0131n\u0131 burada ge\u00e7iren Asena, g\u00f6zlerden uzak bir ya\u015fam s\u00fcrerek g\u00fcnlerini koyun, kuzu ve k\u00f6pekleriyle ilgilenerek ge\u00e7iriyor.<\/p>\n","protected":false},"excerpt":{"rendered":"<p>8 y\u0131ll\u0131k evlili\u011fini bitirdikten sonra sahnelere yeniden d\u00f6nen 48 ya\u015f\u0131ndaki \u00fcnl\u00fc oryantal Asena, yeni a\u015fk\u0131yla<\/p>\n","protected":false},"author":1,"featured_media":3243,"comment_status":"open","ping_status":"open","sticky":false,"template":"","format":"standard","meta":{"_rtcl_gb_attr":"","footnotes":""},"categories":[41],"tags":[],"class_list":["post-3242","post","type-post","status-publish","format-standard","has-post-thumbnail","hentry","category-magazin"],"_links":{"self":[{"href":"https:\/\/turkiyemhaber.com\/index.php?rest_route=\/wp\/v2\/posts\/3242","targetHints":{"allow":["GET"]}}],"collection":[{"href":"https:\/\/turkiyemhaber.com\/index.php?rest_route=\/wp\/v2\/posts"}],"about":[{"href":"https:\/\/turkiyemhaber.com\/index.php?rest_route=\/wp\/v2\/types\/post"}],"author":[{"embeddable":true,"href":"https:\/\/turkiyemhaber.com\/index.php?rest_route=\/wp\/v2\/users\/1"}],"replies":[{"embeddable":true,"href":"https:\/\/turkiyemhaber.com\/index.php?rest_route=%2Fwp%2Fv2%2Fcomments&post=3242"}],"version-history":[{"count":1,"href":"https:\/\/turkiyemhaber.com\/index.php?rest_route=\/wp\/v2\/posts\/3242\/revisions"}],"predecessor-version":[{"id":3244,"href":"https:\/\/turkiyemhaber.com\/index.php?rest_route=\/wp\/v2\/posts\/3242\/revisions\/3244"}],"wp:featuredmedia":[{"embeddable":true,"href":"https:\/\/turkiyemhaber.com\/index.php?rest_route=\/wp\/v2\/media\/3243"}],"wp:attachment":[{"href":"https:\/\/turkiyemhaber.com\/index.php?rest_route=%2Fwp%2Fv2%2Fmedia&parent=3242"}],"wp:term":[{"taxonomy":"category","embeddable":true,"href":"https:\/\/turkiyemhaber.com\/index.php?rest_route=%2Fwp%2Fv2%2Fcategories&post=3242"},{"taxonomy":"post_tag","embeddable":true,"href":"https:\/\/turkiyemhaber.com\/index.php?rest_route=%2Fwp%2Fv2%2Ftags&post=3242"}],"curies":[{"name":"wp","href":"https:\/\/api.w.org\/{rel}","templated":true}]}}