{"id":3239,"date":"2026-06-15T23:39:21","date_gmt":"2026-06-15T23:39:21","guid":{"rendered":"https:\/\/turkiyemhaber.com\/?p=3239"},"modified":"2026-06-15T23:39:24","modified_gmt":"2026-06-15T23:39:24","slug":"ak-parti-milletvekili-faruk-celikten-baraj-insaatini-tamamlamayan-sirkete-tepki-ya-yapin-ya-da-defolun-gidin","status":"publish","type":"post","link":"https:\/\/turkiyemhaber.com\/?p=3239","title":{"rendered":"AK Parti Milletvekili Faruk \u00c7elik&#8217;ten baraj in\u015faat\u0131n\u0131 tamamlamayan \u015firkete tepki: Ya yap\u0131n ya da defolun gidin"},"content":{"rendered":"\n<p class=\"wp-block-paragraph\">Artvin&#8217;de \u015eav\u015fat Deresi&#8217;ne u\u00e7an kamyonetteki baba ve o\u011flunu arama \u00e7al\u0131\u015fmalar\u0131 s\u00fcrerken, AK Parti Artvin Milletvekili Faruk \u00c7elik b\u00f6lgedeki yol yap\u0131m\u0131n\u0131 t\u0131kayan y\u00fcklenici firmaya adeta ate\u015f p\u00fcsk\u00fcrd\u00fc. \u015eav\u015fat yolunun bahar aylar\u0131nda &#8216;\u00f6l\u00fcm yolu&#8217;na d\u00f6nd\u00fc\u011f\u00fcn\u00fc belirten \u00c7elik, 10 y\u0131ld\u0131r in\u015faata ba\u015flamayan firmaya seslenerek, &#8220;Artvinli bir a\u00e7maz\u0131n i\u00e7inde, art\u0131k yeter! Ya bu barajlar\u0131 yap\u0131n ya da defolun gidin&#8221; dedi.<\/p>\n\n\n\n<p class=\"wp-block-paragraph\">Artvin\u2019de, Artvin-Ardahan karayolunun 46. kilometresi olan \u00c7ifte Hanlar mevkisindeki&nbsp;<a href=\"https:\/\/www.sondakika.com\/savsat\/\">\u015eav\u015fat<\/a>&nbsp;Deresi\u2019ne u\u00e7an kamyonette bulunan Selahaddin Kaya (65) ile o\u011flu Mecit Kaya\u2019y\u0131 (45) arama \u00e7al\u0131\u015fmalar\u0131 devam ediyor.<\/p>\n\n\n\n<h3 class=\"wp-block-heading\">\u00c7ALI\u015eMALAR GEN\u0130\u015eLET\u0130LD\u0130<\/h3>\n\n\n\n<p class=\"wp-block-paragraph\">Ekiplerin \u00e7al\u0131\u015fmas\u0131yla sudan \u00e7\u0131kar\u0131lan ara\u00e7ta yap\u0131lan incelemelerde, baba ve o\u011fluna ula\u015f\u0131lamad\u0131. \u0130\u015f makineleriyle dere kenar\u0131nda yol a\u00e7\u0131lmas\u0131n\u0131n ard\u0131ndan kamyonet sudan \u00e7\u0131kar\u0131ld\u0131. Ancak ara\u00e7 i\u00e7inde baba ve o\u011fluna rastlanmamas\u0131 \u00fczerine ekipler b\u00f6lgede arama \u00e7al\u0131\u015fmalar\u0131n\u0131 geni\u015fletti. \u015eav\u015fat Kaymakam\u0131 Bayram K\u00f6se, Belediye Ba\u015fkan\u0131 Durmu\u015f Ayd\u0131n ve \u0130l Afet ve Acil Durum M\u00fcd\u00fcr\u00fc Kemal \u015eenlio\u011flu da \u00e7al\u0131\u015fmalar\u0131 yerinde takip etti.<\/p>\n\n\n\n<h3 class=\"wp-block-heading\">AK PART\u0130\u2019L\u0130 \u00c7EL\u0130K\u2019TEN TEPK\u0130: F\u0130RMAYA BURADAN SESLEN\u0130YORUM YA BU BARAJLARI YAPIN YA DA DEFOLUN G\u0130D\u0130N<\/h3>\n\n\n\n<p class=\"wp-block-paragraph\"><a href=\"https:\/\/www.sondakika.com\/ak-parti\/\">AK Parti<\/a>&nbsp;h\u00fck\u00fcmetlerinde \u00c7al\u0131\u015fma ve Sosyal G\u00fcvenlik Bakanl\u0131\u011f\u0131, G\u0131da, Tar\u0131m ve Hayvanc\u0131l\u0131k Bakanl\u0131\u011f\u0131 ve Devlet Bakanl\u0131\u011f\u0131 g\u00f6revlerinde bulunan Artvin&nbsp;<a href=\"https:\/\/www.sondakika.com\/milletvekili\/\">Milletvekili<\/a>&nbsp;<a href=\"https:\/\/www.sondakika.com\/faruk-celik\/\">Faruk \u00c7elik<\/a>, kazaya ili\u015fkin sosyal medya hesab\u0131ndan dikkat \u00e7eken bir a\u00e7\u0131klamada bulundu.&nbsp;Artvin \u015eav\u015fat yolunun \u00f6zellikle bahar aylar\u0131nda &#8216;\u00f6l\u00fcm yolu&#8217;na d\u00f6n\u00fc\u015ft\u00fc\u011f\u00fcn\u00fc vurgulayan \u00c7elik, b\u00f6lgede yap\u0131lmas\u0131 planlanan 3 baraj\u0131n y\u00fcklenici firmas\u0131n\u0131n in\u015faatlara ba\u015flamad\u0131\u011f\u0131n\u0131 ve bu nedenle yol da yap\u0131lamad\u0131\u011f\u0131n\u0131 belirterek \u201cYa bu barajlar\u0131 yap\u0131n ya da defolun gidin\u201d dedi.<\/p>\n\n\n\n<p class=\"wp-block-paragraph\">\u00c7elik, \u015fu ifadeleri kulland\u0131: \u201cBug\u00fcn Artvin-\u015eav\u015fat yolunda bir kez daha elim bir kaza ile kar\u015f\u0131 kar\u015f\u0131ya kald\u0131k. 2 kayb\u0131m\u0131z\u0131 arama faaliyetleri, baraj sular\u0131nda devam ediyor. D\u00fcnya cenneti \u015eav\u015fat\u2019a giden yol bahar aylar\u0131nda adeta bir \u00f6l\u00fcm yolu. Standartlar\u0131n alt\u0131nda bir yola hem\u015ferilerimiz mahkum durumda ve bu duruma kahroluyorum. B\u00f6lgede planlanan 3 baraj\u0131 yapacak y\u00fcklenici Energo-Pro firmas\u0131na 10 y\u0131ld\u0131r in\u015faatlara ba\u015fla diyoruz ba\u015flam\u0131yor, b\u0131rak diyoruz b\u0131rakm\u0131yor. Bu nedenle de yeni yol da yap\u0131lam\u0131yor. Artvinli bir a\u00e7maz\u0131n i\u00e7inde. Art\u0131k yeter. Firmaya buradan sesleniyorum ya bu barajlar\u0131 yap\u0131n ya da defolun gidin. Enerji Bakanl\u0131\u011f\u0131m\u0131za da sesleniyorum art\u0131k sonu gelmeyece\u011fi anla\u015f\u0131lan baraj yap\u0131m s\u00fcrecini sonland\u0131r\u0131n.\u201d<\/p>\n\n\n\n<figure class=\"wp-block-image\"><img decoding=\"async\" src=\"https:\/\/foto.sondakika.com\/haber\/2026\/06\/15\/20260615_fb4037b43e0c4be283a4b0369b4faaa3.jpg\" alt=\"AK Parti Milletvekili Faruk \u00c7elik'ten baraj in\u015faat\u0131n\u0131 tamamlamayan \u015firkete tepki: Ya yap\u0131n ya da defolun gidin\"\/><\/figure>\n","protected":false},"excerpt":{"rendered":"<p>Artvin&#8217;de \u015eav\u015fat Deresi&#8217;ne u\u00e7an kamyonetteki baba ve o\u011flunu arama \u00e7al\u0131\u015fmalar\u0131 s\u00fcrerken, AK Parti Artvin Milletvekili<\/p>\n","protected":false},"author":1,"featured_media":3240,"comment_status":"open","ping_status":"open","sticky":false,"template":"","format":"standard","meta":{"_rtcl_gb_attr":"","footnotes":""},"categories":[1],"tags":[],"class_list":["post-3239","post","type-post","status-publish","format-standard","has-post-thumbnail","hentry","category-http-turkiyemhaber-com-wp-content-uploads-2026-03-saray-59-haber-13-mart-pdf"],"_links":{"self":[{"href":"https:\/\/turkiyemhaber.com\/index.php?rest_route=\/wp\/v2\/posts\/3239","targetHints":{"allow":["GET"]}}],"collection":[{"href":"https:\/\/turkiyemhaber.com\/index.php?rest_route=\/wp\/v2\/posts"}],"about":[{"href":"https:\/\/turkiyemhaber.com\/index.php?rest_route=\/wp\/v2\/types\/post"}],"author":[{"embeddable":true,"href":"https:\/\/turkiyemhaber.com\/index.php?rest_route=\/wp\/v2\/users\/1"}],"replies":[{"embeddable":true,"href":"https:\/\/turkiyemhaber.com\/index.php?rest_route=%2Fwp%2Fv2%2Fcomments&post=3239"}],"version-history":[{"count":1,"href":"https:\/\/turkiyemhaber.com\/index.php?rest_route=\/wp\/v2\/posts\/3239\/revisions"}],"predecessor-version":[{"id":3241,"href":"https:\/\/turkiyemhaber.com\/index.php?rest_route=\/wp\/v2\/posts\/3239\/revisions\/3241"}],"wp:featuredmedia":[{"embeddable":true,"href":"https:\/\/turkiyemhaber.com\/index.php?rest_route=\/wp\/v2\/media\/3240"}],"wp:attachment":[{"href":"https:\/\/turkiyemhaber.com\/index.php?rest_route=%2Fwp%2Fv2%2Fmedia&parent=3239"}],"wp:term":[{"taxonomy":"category","embeddable":true,"href":"https:\/\/turkiyemhaber.com\/index.php?rest_route=%2Fwp%2Fv2%2Fcategories&post=3239"},{"taxonomy":"post_tag","embeddable":true,"href":"https:\/\/turkiyemhaber.com\/index.php?rest_route=%2Fwp%2Fv2%2Ftags&post=3239"}],"curies":[{"name":"wp","href":"https:\/\/api.w.org\/{rel}","templated":true}]}}