{"id":3236,"date":"2026-06-15T23:36:42","date_gmt":"2026-06-15T23:36:42","guid":{"rendered":"https:\/\/turkiyemhaber.com\/?p=3236"},"modified":"2026-06-15T23:36:46","modified_gmt":"2026-06-15T23:36:46","slug":"herkes-bu-cocugu-konusuyor-futbolculugunun-yani-sira-fizik-ve-matematik-profesoruymus","status":"publish","type":"post","link":"https:\/\/turkiyemhaber.com\/?p=3236","title":{"rendered":"Herkes bu \u00e7ocu\u011fu konu\u015fuyor! Futbolculu\u011funun yan\u0131 s\u0131ra fizik ve matematik profes\u00f6r\u00fcym\u00fc\u015f"},"content":{"rendered":"\n<p class=\"wp-block-paragraph\">FIFA 2026 D\u00fcnya Kupas\u0131&#8217;nda Brezilya kar\u015f\u0131s\u0131ndaki performans\u0131yla dikkat \u00e7eken Fasl\u0131 orta saha Ayoub Bouaddi&#8217;nin, futbol kariyerinin yan\u0131nda fizik ve matematik alanlar\u0131nda da \u00fcst\u00fcn derecede ba\u015far\u0131l\u0131 oldu\u011fu ortaya \u00e7\u0131kt\u0131. Brezilya orta sahas\u0131n\u0131 neredeyse tek ba\u015f\u0131na durduran y\u0131ld\u0131z oyuncunun ba\u015far\u0131s\u0131 t\u00fcm d\u00fcnyada g\u00fcndem oldu.<\/p>\n\n\n\n<p class=\"wp-block-paragraph\">FIFA&nbsp;2026&nbsp;<a href=\"https:\/\/www.sondakika.com\/dunya-kupasi\/\">D\u00fcnya Kupas\u0131<\/a>&nbsp;C Grubu&#8217;nda&nbsp;<a href=\"https:\/\/www.sondakika.com\/brezilya\/\">Brezilya<\/a>&nbsp;ile 1-1 berabere kalan&nbsp;<a href=\"https:\/\/www.sondakika.com\/fas\/\">Fas<\/a>&#8216;ta ma\u00e7\u0131n ard\u0131ndan en \u00e7ok konu\u015fulan isim Ayoub Bouaddi oldu. Fransa&#8217;n\u0131n Lille tak\u0131m\u0131nda forma giyen 18 ya\u015f\u0131ndaki orta saha oyuncusu, sahadaki performans\u0131n\u0131n yan\u0131 s\u0131ra e\u011fitim hayat\u0131ndaki ba\u015far\u0131lar\u0131yla da dikkat \u00e7ekti.<\/p>\n\n\n\n<h3 class=\"wp-block-heading\">BREZ\u0130LYA&#8217;YA DUVAR \u00d6RD\u00dc<\/h3>\n\n\n\n<p class=\"wp-block-paragraph\">Brezilya&#8217;n\u0131n y\u0131ld\u0131zlarla dolu h\u00fccum hatt\u0131na kar\u015f\u0131 sergiledi\u011fi olgun futboluyla \u00f6ne \u00e7\u0131kan Bouaddi, \u015fimdiden turnuvan\u0131n en dikkat \u00e7eken gen\u00e7 yeteneklerinden biri olarak g\u00f6sterildi.&nbsp;<\/p>\n\n\n\n<h3 class=\"wp-block-heading\">F\u0130Z\u0130K VE MATEMAT\u0130K PROFES\u00d6R\u00dc&nbsp;<\/h3>\n\n\n\n<p class=\"wp-block-paragraph\">Fransa do\u011fumlu ve Fas as\u0131ll\u0131 olan Bouaddi&#8217;nin yaln\u0131zca futbolda de\u011fil, akademik alanda da \u00f6nemli ba\u015far\u0131lara sahip oldu\u011fu ortaya \u00e7\u0131kt\u0131.&nbsp;Gen\u00e7 futbolcu, Fransa&#8217;da lise bitirme s\u0131nav\u0131 olan bilim bakaloryas\u0131n\u0131 (Baccalaur\u00e9at Scientifique) en y\u00fcksek onur derecelerinden biriyle tamamlad\u0131. Profesyonel futbol kariyerini s\u00fcrd\u00fcr\u00fcrken ayn\u0131 zamanda fizik ve matematik alanlar\u0131nda \u00fcniversite e\u011fitimi almaya devam ediyor.&nbsp;Bouaddi, daha \u00f6nce verdi\u011fi bir r\u00f6portajda yo\u011fun e\u011fitim program\u0131n\u0131n futboluna da katk\u0131 sa\u011flad\u0131\u011f\u0131n\u0131 belirterek, &#8220;Bu \u015fekilde yeti\u015ftirildim. Bu dersler zihnimi keskin ve uyan\u0131k tutmama yard\u0131mc\u0131 oluyor.&#8221; ifadelerini kullanm\u0131\u015ft\u0131.<\/p>\n\n\n\n<h3 class=\"wp-block-heading\">BABASI S\u0130YASET\u00c7\u0130, KEND\u0130S\u0130 H\u0130TABETTE DE \u00d6D\u00dcLL\u00dc<\/h3>\n\n\n\n<p class=\"wp-block-paragraph\">Ayoub Bouaddi&#8217;nin dikkat \u00e7eken y\u00f6nlerinden biri de liderlik ve ileti\u015fim becerileri.&nbsp;Babas\u0131 Hassan Bouaddi&#8217;nin Fransa&#8217;n\u0131n Creil kentinde belediye ba\u015fkan yard\u0131mc\u0131l\u0131\u011f\u0131 yapt\u0131\u011f\u0131 \u00f6\u011frenilirken, gen\u00e7 futbolcu da Fransa&#8217;daki profesyonel futbol akademileri aras\u0131nda d\u00fczenlenen ve Brigitte Macron&#8217;un da kat\u0131ld\u0131\u011f\u0131 hitabet yar\u0131\u015fmas\u0131nda birincilik elde etti.<\/p>\n\n\n\n<h3 class=\"wp-block-heading\">FRANSA&#8217;YI DE\u011e\u0130L FAS&#8217;I SE\u00c7T\u0130<\/h3>\n\n\n\n<p class=\"wp-block-paragraph\">Mart 2026&#8217;ya kadar Fransa U21 Milli Tak\u0131m\u0131&#8217;n\u0131n kaptanl\u0131\u011f\u0131n\u0131 yapan Bouaddi, uzun s\u00fcre Frans\u0131z futbolunun gelecekteki y\u0131ld\u0131zlar\u0131ndan biri olarak g\u00f6r\u00fcl\u00fcyordu.&nbsp;Ancak Fas&nbsp;<a href=\"https:\/\/www.sondakika.com\/futbol\/\">Futbol<\/a>&nbsp;Federasyonu&#8217;nun y\u00fcr\u00fctt\u00fc\u011f\u00fc \u00e7al\u0131\u015fmalar\u0131n ard\u0131ndan gen\u00e7 oyuncu milli tak\u0131m tercihini Fas&#8217;tan yana kulland\u0131. May\u0131s 2026&#8217;da FIFA onay\u0131yla resmen Fas Milli Tak\u0131m\u0131 formas\u0131n\u0131 giymeye ba\u015flayan Bouaddi&#8217;nin karar\u0131 Fransa&#8217;da geni\u015f yank\u0131 uyand\u0131rd\u0131.<\/p>\n\n\n\n<h3 class=\"wp-block-heading\">AVRUPA DEVLER\u0130 TAK\u0130PTE<\/h3>\n\n\n\n<p class=\"wp-block-paragraph\">D\u00fcnya Kupas\u0131&#8217;nda Brezilya kar\u015f\u0131s\u0131nda ortaya koydu\u011fu performansla dikkatleri \u00fczerine \u00e7eken Ayoub Bouaddi, Avrupa&#8217;n\u0131n \u00f6nemli kul\u00fcplerinin de radar\u0131na girdi.&nbsp;18 ya\u015f\u0131ndaki futbolcuyla \u0130ngiltere Premier Lig ekiplerinden Arsenal ve Liverpool&#8217;un yak\u0131ndan ilgilendi\u011fi belirtilirken, gen\u00e7 y\u0131ld\u0131z\u0131n D\u00fcnya Kupas\u0131 sonras\u0131nda transfer piyasas\u0131n\u0131n en \u00e7ok konu\u015fulan isimlerinden biri olmas\u0131 bekleniyor.<\/p>\n","protected":false},"excerpt":{"rendered":"<p>FIFA 2026 D\u00fcnya Kupas\u0131&#8217;nda Brezilya kar\u015f\u0131s\u0131ndaki performans\u0131yla dikkat \u00e7eken Fasl\u0131 orta saha Ayoub Bouaddi&#8217;nin, futbol<\/p>\n","protected":false},"author":1,"featured_media":3237,"comment_status":"open","ping_status":"open","sticky":false,"template":"","format":"standard","meta":{"_rtcl_gb_attr":"","footnotes":""},"categories":[3],"tags":[],"class_list":["post-3236","post","type-post","status-publish","format-standard","has-post-thumbnail","hentry","category-spor"],"_links":{"self":[{"href":"https:\/\/turkiyemhaber.com\/index.php?rest_route=\/wp\/v2\/posts\/3236","targetHints":{"allow":["GET"]}}],"collection":[{"href":"https:\/\/turkiyemhaber.com\/index.php?rest_route=\/wp\/v2\/posts"}],"about":[{"href":"https:\/\/turkiyemhaber.com\/index.php?rest_route=\/wp\/v2\/types\/post"}],"author":[{"embeddable":true,"href":"https:\/\/turkiyemhaber.com\/index.php?rest_route=\/wp\/v2\/users\/1"}],"replies":[{"embeddable":true,"href":"https:\/\/turkiyemhaber.com\/index.php?rest_route=%2Fwp%2Fv2%2Fcomments&post=3236"}],"version-history":[{"count":1,"href":"https:\/\/turkiyemhaber.com\/index.php?rest_route=\/wp\/v2\/posts\/3236\/revisions"}],"predecessor-version":[{"id":3238,"href":"https:\/\/turkiyemhaber.com\/index.php?rest_route=\/wp\/v2\/posts\/3236\/revisions\/3238"}],"wp:featuredmedia":[{"embeddable":true,"href":"https:\/\/turkiyemhaber.com\/index.php?rest_route=\/wp\/v2\/media\/3237"}],"wp:attachment":[{"href":"https:\/\/turkiyemhaber.com\/index.php?rest_route=%2Fwp%2Fv2%2Fmedia&parent=3236"}],"wp:term":[{"taxonomy":"category","embeddable":true,"href":"https:\/\/turkiyemhaber.com\/index.php?rest_route=%2Fwp%2Fv2%2Fcategories&post=3236"},{"taxonomy":"post_tag","embeddable":true,"href":"https:\/\/turkiyemhaber.com\/index.php?rest_route=%2Fwp%2Fv2%2Ftags&post=3236"}],"curies":[{"name":"wp","href":"https:\/\/api.w.org\/{rel}","templated":true}]}}