{"id":3233,"date":"2026-06-15T23:34:30","date_gmt":"2026-06-15T23:34:30","guid":{"rendered":"https:\/\/turkiyemhaber.com\/?p=3233"},"modified":"2026-06-15T23:34:34","modified_gmt":"2026-06-15T23:34:34","slug":"efsane-isim-ilk-kez-acikladi-besiktasa-baskan-olacagim","status":"publish","type":"post","link":"https:\/\/turkiyemhaber.com\/?p=3233","title":{"rendered":"Efsane isim ilk kez a\u00e7\u0131klad\u0131: Be\u015fikta\u015f&#8217;a ba\u015fkan olaca\u011f\u0131m"},"content":{"rendered":"\n<p class=\"wp-block-paragraph\">Be\u015fikta\u015f&#8217;\u0131n efsane isimlerinden Ali G\u00fcltiken, siyah-beyazl\u0131 kul\u00fcpte gelecekte ba\u015fkanl\u0131k g\u00f6revine talip olabilece\u011fini a\u00e7\u0131klad\u0131.<\/p>\n\n\n\n<p class=\"wp-block-paragraph\">Feyyaz U\u00e7ar&#8217;\u0131n YouTube kanal\u0131na konuk olan&nbsp;<a href=\"https:\/\/www.sondakika.com\/ali-gultiken\/\">Ali G\u00fcltiken<\/a>, eski tak\u0131m arkada\u015flar\u0131 Feyyaz U\u00e7ar ve Metin Tekin ile birlikte kat\u0131ld\u0131\u011f\u0131 sohbet program\u0131nda&nbsp;<a href=\"https:\/\/www.sondakika.com\/besiktas\/\">Be\u015fikta\u015f<\/a>&#8216;a dair \u00f6nemli a\u00e7\u0131klamalarda bulundu.&nbsp;Ali G\u00fcltiken, siyah-beyazl\u0131 kul\u00fcpte gelecekte ba\u015fkanl\u0131k veya \u00fcst d\u00fczey y\u00f6netim g\u00f6revi \u00fcstlenebilece\u011finin g\u00fc\u00e7l\u00fc sinyalini verdi.<\/p>\n\n\n\n<h3 class=\"wp-block-heading\">&#8221;\u00c7OK DE\u011eERL\u0130 B\u0130R KU\u015eA\u011eIMIZ VAR&#8221;<\/h3>\n\n\n\n<p class=\"wp-block-paragraph\">Feyyaz U\u00e7ar&#8217;\u0131n &#8220;Var m\u0131 Ali, g\u00fczel bir proje \u00f6n\u00fcm\u00fczdeki d\u00f6nemde? Be\u015fikta\u015f&#8217;a faydal\u0131 olmak ad\u0131na&#8230;&#8221; sorusu \u00fczerine G\u00fcltiken,&nbsp;&#8220;\u015e\u00f6yle bir \u015fey oldu\u011funu d\u00fc\u015f\u00fcn\u00fcyorum Feyyazc\u0131\u011f\u0131m; \u015fimdi hepimizin bu camian\u0131n i\u00e7erisinde ya\u015fad\u0131\u011f\u0131 muazzam g\u00fcnler var ve \u00e7ok da de\u011ferli bir ku\u015fa\u011f\u0131m\u0131z var. Yaln\u0131z bizden ibaret de\u011fil; \u015eifo&#8217;sundan, R\u0131za&#8217;s\u0131ndan, G\u00f6khan&#8217;\u0131ndan, Ulvi&#8217;sinden, Kadir&#8217;inden&#8230; Bir s\u00fcr\u00fc isim sayabiliriz. Bunlar\u0131n hepsinin hakikaten \u00e7ok \u00f6nemli deneyimleri var. Be\u015fikta\u015f&#8217;a \u00e7ok b\u00fcy\u00fck katk\u0131lar\u0131 oldu, bundan sonra da olaca\u011f\u0131n\u0131 d\u00fc\u015f\u00fcn\u00fcyorum.&#8221; dedi.&nbsp;<\/p>\n\n\n\n<figure class=\"wp-block-image\"><img decoding=\"async\" src=\"https:\/\/foto.sondakika.com\/haber\/2026\/06\/15\/efsane-isim-ilk-kez-acikladi-b-86146397-5758_1_m.jpg\" alt=\"Efsane isim ilk kez a\u00e7\u0131klad\u0131: Be\u015fikta\u015f'a ba\u015fkan olaca\u011f\u0131m\"\/><\/figure>\n\n\n\n<h3 class=\"wp-block-heading\">&#8221;\u015eAHSIM ADINA D\u00dc\u015e\u00dcNME SIRASI GELD\u0130&#8221;<\/h3>\n\n\n\n<p class=\"wp-block-paragraph\">Ya\u015f itibar\u0131yla belirli bir olgunlu\u011fa ula\u015ft\u0131klar\u0131n\u0131 belirten G\u00fcltiken, Be\u015fikta\u015f&#8217;a hizmet noktas\u0131nda yeni sorumluluklar alma zaman\u0131n\u0131n geldi\u011fini vurgulayarak,&nbsp;&#8220;Ya\u015f\u0131m\u0131z itibar\u0131yla da belli bir ya\u015flara geldik. Hizmet noktas\u0131nda da bundan sonra ba\u015fkanl\u0131kt\u0131r, ba\u015fkanl\u0131k s\u00fcre\u00e7lerini etkileyebilecek noktalard\u0131r&#8230; Bence bu noktalar\u0131 da art\u0131k ciddi \u015fekilde \u015fahs\u0131m ad\u0131na d\u00fc\u015f\u00fcnme s\u0131ras\u0131n\u0131n geldi\u011fini d\u00fc\u015f\u00fcn\u00fcyorum.&#8221; ifadelerini kulland\u0131.&nbsp;<\/p>\n\n\n\n<figure class=\"wp-block-image\"><img decoding=\"async\" src=\"https:\/\/foto.sondakika.com\/haber\/2026\/06\/15\/efsane-isim-ilk-kez-acikladi-b-f40482676f-5288_1_m.jpg\" alt=\"Efsane isim ilk kez a\u00e7\u0131klad\u0131: Be\u015fikta\u015f'a ba\u015fkan olaca\u011f\u0131m\"\/><\/figure>\n\n\n\n<h3 class=\"wp-block-heading\">&#8221;\u00c7\u0130ZMELER\u0130 HEP B\u0130RL\u0130KTE G\u0130YECE\u011e\u0130Z&#8221;<\/h3>\n\n\n\n<p class=\"wp-block-paragraph\">Metin Tekin&#8217;in &#8220;Biz de heyecanla destekleriz&#8221; s\u00f6zleri \u00fczerine G\u00fcltiken, Be\u015fikta\u015f&#8217;\u0131n ihtiyac\u0131 halinde sorumluluk almaya haz\u0131r olduklar\u0131n\u0131 belirtti:<\/p>\n\n\n\n<p class=\"wp-block-paragraph\">&#8220;Dedi\u011fim gibi \u00e7izmeleri de giyece\u011fiz hep beraber. Bundan sonraki s\u00fcre\u00e7 i\u00e7erisinde temennimiz tabii ki tak\u0131m\u0131m\u0131z\u0131n ba\u015far\u0131l\u0131 olmas\u0131, y\u00f6netimimizin ba\u015far\u0131l\u0131 olmas\u0131, s\u00fcre\u00e7lerin s\u00fcreklilikle devam edebilmesi&#8230; Ama olu\u015fabilecek s\u0131k\u0131nt\u0131l\u0131 bir durum i\u00e7erisinde de art\u0131k bir \u015fekilde bu ta\u015f\u0131n alt\u0131na elimizi koyar\u0131z hep beraber.&#8221;<\/p>\n\n\n\n<h3 class=\"wp-block-heading\">&#8221;ADAYLI\u011eIMIZI KOYARIZ&#8221;<\/h3>\n\n\n\n<p class=\"wp-block-paragraph\">Feyyaz U\u00e7ar&#8217;\u0131n &#8220;Yani diyorsun ki ba\u015fkanl\u0131k s\u00f6z konusu oldu\u011funda elimi ta\u015f\u0131n alt\u0131na koyar\u0131m&#8221; yorumuna ise G\u00fcltiken, &#8220;Koyar\u0131z hep beraber diyorum. Ba\u015fkanl\u0131k&#8230; Adayl\u0131\u011f\u0131m\u0131z\u0131 koyar\u0131z hep beraber diyorum&#8221; diyerek yan\u0131t verdi.<\/p>\n","protected":false},"excerpt":{"rendered":"<p>Be\u015fikta\u015f&#8217;\u0131n efsane isimlerinden Ali G\u00fcltiken, siyah-beyazl\u0131 kul\u00fcpte gelecekte ba\u015fkanl\u0131k g\u00f6revine talip olabilece\u011fini a\u00e7\u0131klad\u0131. Feyyaz U\u00e7ar&#8217;\u0131n<\/p>\n","protected":false},"author":1,"featured_media":3234,"comment_status":"open","ping_status":"open","sticky":false,"template":"","format":"standard","meta":{"_rtcl_gb_attr":"","footnotes":""},"categories":[3],"tags":[],"class_list":["post-3233","post","type-post","status-publish","format-standard","has-post-thumbnail","hentry","category-spor"],"_links":{"self":[{"href":"https:\/\/turkiyemhaber.com\/index.php?rest_route=\/wp\/v2\/posts\/3233","targetHints":{"allow":["GET"]}}],"collection":[{"href":"https:\/\/turkiyemhaber.com\/index.php?rest_route=\/wp\/v2\/posts"}],"about":[{"href":"https:\/\/turkiyemhaber.com\/index.php?rest_route=\/wp\/v2\/types\/post"}],"author":[{"embeddable":true,"href":"https:\/\/turkiyemhaber.com\/index.php?rest_route=\/wp\/v2\/users\/1"}],"replies":[{"embeddable":true,"href":"https:\/\/turkiyemhaber.com\/index.php?rest_route=%2Fwp%2Fv2%2Fcomments&post=3233"}],"version-history":[{"count":1,"href":"https:\/\/turkiyemhaber.com\/index.php?rest_route=\/wp\/v2\/posts\/3233\/revisions"}],"predecessor-version":[{"id":3235,"href":"https:\/\/turkiyemhaber.com\/index.php?rest_route=\/wp\/v2\/posts\/3233\/revisions\/3235"}],"wp:featuredmedia":[{"embeddable":true,"href":"https:\/\/turkiyemhaber.com\/index.php?rest_route=\/wp\/v2\/media\/3234"}],"wp:attachment":[{"href":"https:\/\/turkiyemhaber.com\/index.php?rest_route=%2Fwp%2Fv2%2Fmedia&parent=3233"}],"wp:term":[{"taxonomy":"category","embeddable":true,"href":"https:\/\/turkiyemhaber.com\/index.php?rest_route=%2Fwp%2Fv2%2Fcategories&post=3233"},{"taxonomy":"post_tag","embeddable":true,"href":"https:\/\/turkiyemhaber.com\/index.php?rest_route=%2Fwp%2Fv2%2Ftags&post=3233"}],"curies":[{"name":"wp","href":"https:\/\/api.w.org\/{rel}","templated":true}]}}