{"id":3230,"date":"2026-06-15T23:32:09","date_gmt":"2026-06-15T23:32:09","guid":{"rendered":"https:\/\/turkiyemhaber.com\/?p=3230"},"modified":"2026-06-15T23:32:13","modified_gmt":"2026-06-15T23:32:13","slug":"hayatini-kaybeden-ece-irtemin-kizilcik-serbeti-ekibine-veda-ettigi-anlar","status":"publish","type":"post","link":"https:\/\/turkiyemhaber.com\/?p=3230","title":{"rendered":"Hayat\u0131n\u0131 kaybeden Ece \u0130rtem&#8217;in K\u0131z\u0131lc\u0131k \u015eerbeti ekibine veda etti\u011fi anlar"},"content":{"rendered":"\n<p class=\"wp-block-paragraph\">K\u0131z\u0131lc\u0131k \u015eerbeti dizisinde &#8220;I\u015f\u0131l&#8221; karakterine hayat veren 35 ya\u015f\u0131ndaki oyuncu Ece \u0130rtem&#8217;in kalp krizi sonucu ya\u015fam\u0131n\u0131 yitirmesi sanat d\u00fcnyas\u0131n\u0131 yasa bo\u011fdu. \u00dcnl\u00fc oyuncunun K\u0131z\u0131lc\u0131k \u015eerbeti dizisine veda etti\u011fi anlar ortaya \u00e7\u0131kt\u0131. \u0130rtem i\u00e7in pasta kesilirken, &#8220;Kusurum olduysa affola&#8221; dedi\u011fi g\u00f6r\u00fcld\u00fc.<\/p>\n\n\n\n<p class=\"wp-block-paragraph\">D\u00fcn do\u011fum g\u00fcn\u00fc olan ve 35 ya\u015f\u0131na giren oyuncu Ece \u0130rtem hayat\u0131n\u0131 kaybetti.<\/p>\n\n\n\n<p class=\"wp-block-paragraph\">Oyuncu Ece \u0130rtem, bug\u00fcn evinde hayat\u0131n\u0131 kaybetti. D\u00fcn do\u011fum g\u00fcn\u00fc olan ve 35 ya\u015f\u0131na giren oyuncunun vefat haberi yak\u0131nlar\u0131 ve hayranlar\u0131nda b\u00fcy\u00fck \u00fcz\u00fcnt\u00fcye neden olurken oyuncunun, d\u00fcn sosyal medya hesab\u0131nda do\u011fum g\u00fcn\u00fcne ili\u015fkin payla\u015f\u0131mlar yapt\u0131\u011f\u0131 g\u00f6r\u00fcld\u00fc.<\/p>\n\n\n\n<figure class=\"wp-block-image\"><img decoding=\"async\" src=\"https:\/\/foto.sondakika.com\/haber\/2026\/06\/15\/hayatini-kaybeden-ece-irtemin-19952431-2610_1_m.jpg\" alt=\"Hayat\u0131n\u0131 kaybeden Ece \u0130rtem'in &lt;a class='keyword-sd' href='\/kizilcik-serbeti\/' title='K\u0131z\u0131lc\u0131k \u015eerbeti'&gt;K\u0131z\u0131lc\u0131k \u015eerbeti&lt;\/a&gt; ekibine veda etti\u011fi anlar\"\/><\/figure>\n\n\n\n<h3 class=\"wp-block-heading\">&#8220;KUSURUM OLDUYSA AFFOLA&#8221;<\/h3>\n\n\n\n<p class=\"wp-block-paragraph\">K\u0131z\u0131lc\u0131k \u015eerbeti dizisindeki &#8220;I\u015f\u0131l&#8221; karakteriyle tan\u0131nan \u0130rtem&#8217;in kalp krizi sonucu ya\u015fam\u0131n\u0131 yitirdi\u011fi \u00f6\u011frenildi. \u00dcnl\u00fc oyuncunun diziye veda etti\u011fi anlar kahretti. G\u00f6r\u00fcnt\u00fclerde Ertem i\u00e7in pasta kesildi\u011fi, mumlara \u00fcfledikten sonra, &#8220;Kusurum olduysa affola&#8221; dedi\u011fi g\u00f6r\u00fcld\u00fc.<\/p>\n\n\n\n<figure class=\"wp-block-image\"><img decoding=\"async\" src=\"https:\/\/foto.sondakika.com\/haber\/2026\/06\/15\/hayatini-kaybeden-ece-irtemin-19952431-1546_1_m.jpg\" alt=\"Hayat\u0131n\u0131 kaybeden Ece \u0130rtem'in K\u0131z\u0131lc\u0131k \u015eerbeti ekibine veda etti\u011fi anlar\"\/><\/figure>\n\n\n\n<h3 class=\"wp-block-heading\">ECE \u0130RTEM K\u0130MD\u0130R?<\/h3>\n\n\n\n<p class=\"wp-block-paragraph\">Oyuncu Ece \u0130rtem, 1991 y\u0131l\u0131nda Sivas&#8217;ta d\u00fcnyaya geldi. E\u011fitim hayat\u0131n\u0131 Ya\u015far \u00dcniversitesi M\u00fczik B\u00f6l\u00fcm\u00fc Opera ve \u015ean Ana Sanat Dal\u0131&#8217;nda tamamlayan \u0130rtem, daha sonra oyunculuk alan\u0131nda kendini geli\u015ftirmek amac\u0131yla \u0130stanbul&#8217;da Sadri Al\u0131\u015f\u0131k K\u00fclt\u00fcr Merkezi&#8217;nde e\u011fitim ald\u0131.<\/p>\n\n\n\n<figure class=\"wp-block-image\"><img decoding=\"async\" src=\"https:\/\/foto.sondakika.com\/haber\/2026\/06\/15\/hayatini-kaybeden-ece-irtemin-19952431-4178_1_m.jpg\" alt=\"Hayat\u0131n\u0131 kaybeden Ece \u0130rtem'in K\u0131z\u0131lc\u0131k \u015eerbeti ekibine veda etti\u011fi anlar\"\/><\/figure>\n\n\n\n<p class=\"wp-block-paragraph\">Televizyon kariyerine 2014 y\u0131l\u0131nda yay\u0131nlanan &#8220;Ka\u00e7ak Gelinler&#8221; dizisiyle ba\u015flayan Ece \u0130rtem, k\u0131sa s\u00fcrede bir\u00e7ok ba\u015far\u0131l\u0131 yap\u0131mda rol ald\u0131. &#8220;O Hayat Benim&#8221;, &#8220;\u015eeref Meselesi&#8221;, &#8220;Kertenkele Yeniden Do\u011fu\u015f&#8221;, &#8220;Yeni Gelin&#8221;, &#8220;Payitaht Abd\u00fclhamid&#8221;, &#8220;Bay Yanl\u0131\u015f&#8221;, &#8220;Mahkum&#8221;, &#8220;Yasak Elma&#8221; ve &#8220;Aile&#8221; gibi dizilerde canland\u0131rd\u0131\u011f\u0131 karakterlerle geni\u015f bir izleyici kitlesi taraf\u0131ndan tan\u0131nd\u0131.<\/p>\n\n\n\n<figure class=\"wp-block-image\"><img decoding=\"async\" src=\"https:\/\/foto.sondakika.com\/haber\/2026\/06\/15\/hayatini-kaybeden-ece-irtemin-19952431-2982_1_m.jpg\" alt=\"Hayat\u0131n\u0131 kaybeden Ece \u0130rtem'in K\u0131z\u0131lc\u0131k \u015eerbeti ekibine veda etti\u011fi anlar\"\/><\/figure>\n\n\n\n<p class=\"wp-block-paragraph\">\u00d6zellikle &#8220;Yeni Gelin&#8221; dizisindeki Afet karakteri ve &#8220;Aile&#8221; dizisindeki Cans\u0131n rol\u00fcyle dikkat \u00e7eken oyuncu, son d\u00f6nemde &#8220;K\u0131z\u0131lc\u0131k \u015eerbeti&#8221; dizisinde hayat verdi\u011fi I\u015f\u0131l karakteriyle ad\u0131ndan s\u00f6z ettirdi.<\/p>\n\n\n\n<figure class=\"wp-block-image\"><img decoding=\"async\" src=\"https:\/\/foto.sondakika.com\/haber\/2026\/06\/15\/hayatini-kaybeden-ece-irtemin-19952431-9202_1_m.jpg\" alt=\"Hayat\u0131n\u0131 kaybeden Ece \u0130rtem'in K\u0131z\u0131lc\u0131k \u015eerbeti ekibine veda etti\u011fi anlar\"\/><\/figure>\n\n\n\n<p class=\"wp-block-paragraph\">M\u00fczik e\u011fitimi ge\u00e7mi\u015fiyle de \u00f6ne \u00e7\u0131kan Ece \u0130rtem, kariyerini televizyon&nbsp;ve sinema projelerinde s\u00fcrd\u00fcrmeye devam ediyordu. Ba\u015far\u0131l\u0131 oyuncu, yer ald\u0131\u011f\u0131 yap\u0131mlardaki performans\u0131yla T\u00fcrk televizyon d\u00fcnyas\u0131n\u0131n dikkat \u00e7eken isimleri aras\u0131nda g\u00f6steriliyordu.<\/p>\n","protected":false},"excerpt":{"rendered":"<p>K\u0131z\u0131lc\u0131k \u015eerbeti dizisinde &#8220;I\u015f\u0131l&#8221; karakterine hayat veren 35 ya\u015f\u0131ndaki oyuncu Ece \u0130rtem&#8217;in kalp krizi sonucu<\/p>\n","protected":false},"author":1,"featured_media":3231,"comment_status":"open","ping_status":"open","sticky":false,"template":"","format":"standard","meta":{"_rtcl_gb_attr":"","footnotes":""},"categories":[1],"tags":[],"class_list":["post-3230","post","type-post","status-publish","format-standard","has-post-thumbnail","hentry","category-http-turkiyemhaber-com-wp-content-uploads-2026-03-saray-59-haber-13-mart-pdf"],"_links":{"self":[{"href":"https:\/\/turkiyemhaber.com\/index.php?rest_route=\/wp\/v2\/posts\/3230","targetHints":{"allow":["GET"]}}],"collection":[{"href":"https:\/\/turkiyemhaber.com\/index.php?rest_route=\/wp\/v2\/posts"}],"about":[{"href":"https:\/\/turkiyemhaber.com\/index.php?rest_route=\/wp\/v2\/types\/post"}],"author":[{"embeddable":true,"href":"https:\/\/turkiyemhaber.com\/index.php?rest_route=\/wp\/v2\/users\/1"}],"replies":[{"embeddable":true,"href":"https:\/\/turkiyemhaber.com\/index.php?rest_route=%2Fwp%2Fv2%2Fcomments&post=3230"}],"version-history":[{"count":1,"href":"https:\/\/turkiyemhaber.com\/index.php?rest_route=\/wp\/v2\/posts\/3230\/revisions"}],"predecessor-version":[{"id":3232,"href":"https:\/\/turkiyemhaber.com\/index.php?rest_route=\/wp\/v2\/posts\/3230\/revisions\/3232"}],"wp:featuredmedia":[{"embeddable":true,"href":"https:\/\/turkiyemhaber.com\/index.php?rest_route=\/wp\/v2\/media\/3231"}],"wp:attachment":[{"href":"https:\/\/turkiyemhaber.com\/index.php?rest_route=%2Fwp%2Fv2%2Fmedia&parent=3230"}],"wp:term":[{"taxonomy":"category","embeddable":true,"href":"https:\/\/turkiyemhaber.com\/index.php?rest_route=%2Fwp%2Fv2%2Fcategories&post=3230"},{"taxonomy":"post_tag","embeddable":true,"href":"https:\/\/turkiyemhaber.com\/index.php?rest_route=%2Fwp%2Fv2%2Ftags&post=3230"}],"curies":[{"name":"wp","href":"https:\/\/api.w.org\/{rel}","templated":true}]}}