{"id":3227,"date":"2026-06-15T23:29:08","date_gmt":"2026-06-15T23:29:08","guid":{"rendered":"https:\/\/turkiyemhaber.com\/?p=3227"},"modified":"2026-06-15T23:29:11","modified_gmt":"2026-06-15T23:29:11","slug":"snorkel-ve-deniz-gozluguyle-girdigi-sudan-cansiz-bedeni-cikti","status":"publish","type":"post","link":"https:\/\/turkiyemhaber.com\/?p=3227","title":{"rendered":"\u015enorkel ve deniz g\u00f6zl\u00fc\u011f\u00fcyle girdi\u011fi sudan cans\u0131z bedeni \u00e7\u0131kt\u0131"},"content":{"rendered":"\n<p class=\"wp-block-paragraph\">Sakarya&#8217;n\u0131n Sapanca il\u00e7esinde, g\u00f6lde \u015fnorkel ve deniz g\u00f6zl\u00fc\u011f\u00fc tak\u0131l\u0131 halde 47 ya\u015f\u0131ndaki Hazar Can Ate\u015f&#8217;in cans\u0131z bedeni bulundu. Olayla ilgili inceleme ba\u015flat\u0131ld\u0131.<\/p>\n\n\n\n<p class=\"wp-block-paragraph\"><a href=\"https:\/\/www.sondakika.com\/sakarya\/\">Sakarya<\/a>&#8216;n\u0131n&nbsp;<a href=\"https:\/\/www.sondakika.com\/sapanca\/\">Sapanca<\/a>&nbsp;il\u00e7esinde g\u00f6lde \u015fnorkel ve deniz g\u00f6zl\u00fc\u011f\u00fc tak\u0131l\u0131 vaziyette bir erkek cesedi bulundu.<\/p>\n\n\n\n<h3 class=\"wp-block-heading\">SU Y\u00dcZEY\u0130NDE HAREKETS\u0130Z BULUNDU<\/h3>\n\n\n\n<p class=\"wp-block-paragraph\">Edinilen bilgiye g\u00f6re, Yan\u0131k Mahallesi Dere A\u011fz\u0131 mevkisindeki Sapanca G\u00f6l\u00fc&#8217;ne gelen Hazar&nbsp;<a href=\"https:\/\/www.sondakika.com\/can-ates\/\">Can Ate\u015f<\/a>&nbsp;(47), yakla\u015f\u0131k 75 metre a\u00e7\u0131kta deniz g\u00f6zl\u00fc\u011f\u00fc ve \u015fnorkeli tak\u0131l\u0131 halde su y\u00fczeyinde hareketsiz bulundu. Durumun haber verilmesi \u00fczerine olay yerine sa\u011fl\u0131k, polis, AFAD ve itfaiye ekipleri sevk edildi. Botla g\u00f6le giren AFAD ekipleri, su y\u00fczeyinde hareketsiz duran Ate\u015f&#8217;i bota alarak k\u0131y\u0131ya \u00e7\u0131kard\u0131.<\/p>\n\n\n\n<h3 class=\"wp-block-heading\">HAYATINI KAYBETT\u0130<\/h3>\n\n\n\n<p class=\"wp-block-paragraph\">Sa\u011fl\u0131k ekiplerinin yapt\u0131\u011f\u0131 kontrolde Ate\u015f&#8217;in hayat\u0131n\u0131 kaybetti\u011fi belirlendi. Olay yerinde yap\u0131lan incelemelerin ard\u0131ndan \u015fahs\u0131n cans\u0131z bedeni Sapanca Devlet Hastanesi morguna g\u00f6t\u00fcr\u00fcld\u00fc. Ate\u015f&#8217;in cenazesi, kesin \u00f6l\u00fcm sebebinin belirlenmesi i\u00e7in Sakarya E\u011fitim ve Ara\u015ft\u0131rma Hastanesi Korucuk \u00d6n Otopsi Merkezine g\u00f6nderildi.<\/p>\n\n\n\n<p class=\"wp-block-paragraph\">Olayla ilgili inceleme ba\u015flat\u0131ld\u0131.<\/p>\n","protected":false},"excerpt":{"rendered":"<p>Sakarya&#8217;n\u0131n Sapanca il\u00e7esinde, g\u00f6lde \u015fnorkel ve deniz g\u00f6zl\u00fc\u011f\u00fc tak\u0131l\u0131 halde 47 ya\u015f\u0131ndaki Hazar Can Ate\u015f&#8217;in<\/p>\n","protected":false},"author":1,"featured_media":3228,"comment_status":"open","ping_status":"open","sticky":false,"template":"","format":"standard","meta":{"_rtcl_gb_attr":"","footnotes":""},"categories":[1],"tags":[],"class_list":["post-3227","post","type-post","status-publish","format-standard","has-post-thumbnail","hentry","category-http-turkiyemhaber-com-wp-content-uploads-2026-03-saray-59-haber-13-mart-pdf"],"_links":{"self":[{"href":"https:\/\/turkiyemhaber.com\/index.php?rest_route=\/wp\/v2\/posts\/3227","targetHints":{"allow":["GET"]}}],"collection":[{"href":"https:\/\/turkiyemhaber.com\/index.php?rest_route=\/wp\/v2\/posts"}],"about":[{"href":"https:\/\/turkiyemhaber.com\/index.php?rest_route=\/wp\/v2\/types\/post"}],"author":[{"embeddable":true,"href":"https:\/\/turkiyemhaber.com\/index.php?rest_route=\/wp\/v2\/users\/1"}],"replies":[{"embeddable":true,"href":"https:\/\/turkiyemhaber.com\/index.php?rest_route=%2Fwp%2Fv2%2Fcomments&post=3227"}],"version-history":[{"count":1,"href":"https:\/\/turkiyemhaber.com\/index.php?rest_route=\/wp\/v2\/posts\/3227\/revisions"}],"predecessor-version":[{"id":3229,"href":"https:\/\/turkiyemhaber.com\/index.php?rest_route=\/wp\/v2\/posts\/3227\/revisions\/3229"}],"wp:featuredmedia":[{"embeddable":true,"href":"https:\/\/turkiyemhaber.com\/index.php?rest_route=\/wp\/v2\/media\/3228"}],"wp:attachment":[{"href":"https:\/\/turkiyemhaber.com\/index.php?rest_route=%2Fwp%2Fv2%2Fmedia&parent=3227"}],"wp:term":[{"taxonomy":"category","embeddable":true,"href":"https:\/\/turkiyemhaber.com\/index.php?rest_route=%2Fwp%2Fv2%2Fcategories&post=3227"},{"taxonomy":"post_tag","embeddable":true,"href":"https:\/\/turkiyemhaber.com\/index.php?rest_route=%2Fwp%2Fv2%2Ftags&post=3227"}],"curies":[{"name":"wp","href":"https:\/\/api.w.org\/{rel}","templated":true}]}}