{"id":3224,"date":"2026-06-15T23:20:49","date_gmt":"2026-06-15T23:20:49","guid":{"rendered":"https:\/\/turkiyemhaber.com\/?p=3224"},"modified":"2026-06-15T23:20:52","modified_gmt":"2026-06-15T23:20:52","slug":"dogum-gunu-pastasini-alir-almaz-kursun-yagmuruna-tutuldu-o-anlar-kamerada","status":"publish","type":"post","link":"https:\/\/turkiyemhaber.com\/?p=3224","title":{"rendered":"Do\u011fum g\u00fcn\u00fc pastas\u0131n\u0131 al\u0131r almaz kur\u015fun ya\u011fmuruna tutuldu: O anlar kamerada"},"content":{"rendered":"\n<p class=\"wp-block-paragraph\">Antalya&#8217;n\u0131n Serik il\u00e7esinde pastaneden ald\u0131\u011f\u0131 do\u011fum g\u00fcn\u00fc pastas\u0131yla y\u00fcr\u00fcyen bir ki\u015fini arkas\u0131ndan yakla\u015fan \u015f\u00fcpheli taraf\u0131ndan tabancayla vurularak a\u011f\u0131r yaraland\u0131\u011f\u0131 anlar g\u00fcvenlik kameras\u0131na yans\u0131d\u0131. G\u00f6r\u00fcnt\u00fclerde \u015f\u00fcphelinin tabancayla defalarca ate\u015f etti\u011fi g\u00f6r\u00fcld\u00fc.<\/p>\n\n\n\n<p class=\"wp-block-paragraph\"><a href=\"https:\/\/www.sondakika.com\/antalya\/\">Antalya<\/a>&#8216;n\u0131n Serik il\u00e7esinde pastaneden do\u011fum g\u00fcn\u00fc pastas\u0131 alan bir ki\u015fi, arkas\u0131ndan yakla\u015fan \u015f\u00fcpheli taraf\u0131ndan tabancayla vurularak a\u011f\u0131r yaraland\u0131. O anlar g\u00fcvenlik kameras\u0131na yans\u0131d\u0131.<\/p>\n\n\n\n<h3 class=\"wp-block-heading\">PASTANEDEN \u00c7IKTIKTAN SONRA SALDIRIYA U\u011eRADI<\/h3>\n\n\n\n<p class=\"wp-block-paragraph\"><a href=\"https:\/\/www.sondakika.com\/olay\/\">Olay<\/a>, Yeni Mahalle Prof. Dr. Ya\u015far U\u00e7ar Caddesi \u00fczerinde meydana geldi. Edinilen bilgiye g\u00f6re, bir pastaneden ya\u015f pasta al\u0131p ayr\u0131lan M.K.E., kendisini sessizce takip eden kimli\u011fi belirsiz bir \u015fahs\u0131n tabancal\u0131 sald\u0131r\u0131s\u0131na u\u011frad\u0131. Kur\u015funlar\u0131n hedefi olan talihsiz adam kanlar i\u00e7inde yere y\u0131\u011f\u0131l\u0131rken, elindeki do\u011fum g\u00fcn\u00fc pastas\u0131 yola savruldu.<\/p>\n\n\n\n<figure class=\"wp-block-image\"><img decoding=\"async\" src=\"https:\/\/foto.sondakika.com\/haber\/2026\/06\/16\/dogum-gunu-pastasini-alir-alma-19952622-5510_1_m.jpg\" alt=\"Do\u011fum g\u00fcn\u00fc pastas\u0131n\u0131 al\u0131r almaz kur\u015fun ya\u011fmuruna tutuldu: O anlar kamerada\"\/><\/figure>\n\n\n\n<p class=\"wp-block-paragraph\">G\u00f6rg\u00fc tan\u0131klar\u0131n\u0131n ifadesine g\u00f6re sald\u0131rgan olay yerinden ka\u00e7arak izini kaybettirdi. \u00c7evredeki vatanda\u015flar\u0131n ihbar\u0131 \u00fczerine b\u00f6lgeye sa\u011fl\u0131k ve polis ekipleri sevk edildi. A\u011f\u0131r yaralanan M.K.E, yap\u0131lan ilk m\u00fcdahalenin ard\u0131ndan ambulansla Serik Devlet Hastanesi&#8217;ne kald\u0131r\u0131ld\u0131. Polis ekipleri, ka\u00e7an sald\u0131rgan\u0131 yakalamak i\u00e7in \u00e7al\u0131\u015fma ba\u015flatt\u0131.<\/p>\n\n\n\n<h3 class=\"wp-block-heading\">KUR\u015eUN YA\u011eMURUNA TUTTU<\/h3>\n\n\n\n<p class=\"wp-block-paragraph\">\u00d6te yandan, olay an\u0131 g\u00fcvenlik kameras\u0131na saniye saniye yans\u0131d\u0131. G\u00f6r\u00fcnt\u00fclerde pastaneden pasta al\u0131p \u00e7\u0131kan M.K.E&#8217;nin park etti\u011fi arac\u0131na ilerledi\u011fi s\u0131rada arkas\u0131ndan gelen \u015f\u00fcphelinin tabancayla 3 el ate\u015f edip, olay yerinden ayr\u0131lmaya \u00e7al\u0131\u015ft\u0131\u011f\u0131, yaralanan M.K.E&#8217;nin yere y\u0131\u011f\u0131ld\u0131\u011f\u0131 s\u0131rada tekrar gelip tekrar ate\u015f etmek i\u00e7in tabancay\u0131 do\u011frulttu\u011fu ve olay yerinden ka\u00e7t\u0131\u011f\u0131 g\u00f6r\u00fcld\u00fc.&nbsp;<\/p>\n","protected":false},"excerpt":{"rendered":"<p>Antalya&#8217;n\u0131n Serik il\u00e7esinde pastaneden ald\u0131\u011f\u0131 do\u011fum g\u00fcn\u00fc pastas\u0131yla y\u00fcr\u00fcyen bir ki\u015fini arkas\u0131ndan yakla\u015fan \u015f\u00fcpheli taraf\u0131ndan<\/p>\n","protected":false},"author":1,"featured_media":3225,"comment_status":"open","ping_status":"open","sticky":false,"template":"","format":"standard","meta":{"_rtcl_gb_attr":"","footnotes":""},"categories":[1],"tags":[],"class_list":["post-3224","post","type-post","status-publish","format-standard","has-post-thumbnail","hentry","category-http-turkiyemhaber-com-wp-content-uploads-2026-03-saray-59-haber-13-mart-pdf"],"_links":{"self":[{"href":"https:\/\/turkiyemhaber.com\/index.php?rest_route=\/wp\/v2\/posts\/3224","targetHints":{"allow":["GET"]}}],"collection":[{"href":"https:\/\/turkiyemhaber.com\/index.php?rest_route=\/wp\/v2\/posts"}],"about":[{"href":"https:\/\/turkiyemhaber.com\/index.php?rest_route=\/wp\/v2\/types\/post"}],"author":[{"embeddable":true,"href":"https:\/\/turkiyemhaber.com\/index.php?rest_route=\/wp\/v2\/users\/1"}],"replies":[{"embeddable":true,"href":"https:\/\/turkiyemhaber.com\/index.php?rest_route=%2Fwp%2Fv2%2Fcomments&post=3224"}],"version-history":[{"count":1,"href":"https:\/\/turkiyemhaber.com\/index.php?rest_route=\/wp\/v2\/posts\/3224\/revisions"}],"predecessor-version":[{"id":3226,"href":"https:\/\/turkiyemhaber.com\/index.php?rest_route=\/wp\/v2\/posts\/3224\/revisions\/3226"}],"wp:featuredmedia":[{"embeddable":true,"href":"https:\/\/turkiyemhaber.com\/index.php?rest_route=\/wp\/v2\/media\/3225"}],"wp:attachment":[{"href":"https:\/\/turkiyemhaber.com\/index.php?rest_route=%2Fwp%2Fv2%2Fmedia&parent=3224"}],"wp:term":[{"taxonomy":"category","embeddable":true,"href":"https:\/\/turkiyemhaber.com\/index.php?rest_route=%2Fwp%2Fv2%2Fcategories&post=3224"},{"taxonomy":"post_tag","embeddable":true,"href":"https:\/\/turkiyemhaber.com\/index.php?rest_route=%2Fwp%2Fv2%2Ftags&post=3224"}],"curies":[{"name":"wp","href":"https:\/\/api.w.org\/{rel}","templated":true}]}}