{"id":3221,"date":"2026-06-15T23:18:10","date_gmt":"2026-06-15T23:18:10","guid":{"rendered":"https:\/\/turkiyemhaber.com\/?p=3221"},"modified":"2026-06-15T23:18:14","modified_gmt":"2026-06-15T23:18:14","slug":"eyup-sultanda-ziyaretcilere-kurabiye-ikram-etmek-isteyen-genc-kiz-hayatinin-sokunu-yasadi","status":"publish","type":"post","link":"https:\/\/turkiyemhaber.com\/?p=3221","title":{"rendered":"Ey\u00fcp Sultan&#8217;da ziyaret\u00e7ilere kurabiye ikram etmek isteyen gen\u00e7 k\u0131z hayat\u0131n\u0131n \u015fokunu ya\u015fad\u0131"},"content":{"rendered":"\n<p class=\"wp-block-paragraph\">\u00dccretsiz ikram ve da\u011f\u0131t\u0131mlarda g\u00f6rmeye al\u0131\u015f\u0131k oldu\u011fumuz izdiham g\u00f6r\u00fcnt\u00fclerine bir yenisi daha eklendi. \u0130stanbul Ey\u00fcp Sultan Camii \u00f6n\u00fcnde vatanda\u015flara kurabiye ikram etmek isteyen bir k\u0131z \u00e7ocu\u011fu, saniyeler i\u00e7inde \u00e7evresini saran kalabal\u0131\u011f\u0131n aras\u0131nda kalarak neye u\u011frad\u0131\u011f\u0131n\u0131 \u015fa\u015f\u0131rd\u0131. Minik k\u0131z, kalabal\u0131\u011f\u0131n ortas\u0131nda ezilme tehlikesi atlatt\u0131.<\/p>\n\n\n\n<p class=\"wp-block-paragraph\">Son d\u00f6nemde meydanlarda, cami \u00f6nlerinde ya da caddelerde yap\u0131lan hay\u0131r ve tan\u0131t\u0131m da\u011f\u0131t\u0131mlar\u0131nda ortaya \u00e7\u0131kan kaos g\u00f6r\u00fcnt\u00fclerine bir yenisi&nbsp;<a href=\"https:\/\/www.sondakika.com\/eyupsultan\/\">Ey\u00fcpsultan<\/a>&#8216;da eklendi.<\/p>\n\n\n\n<h3 class=\"wp-block-heading\">SAN\u0130YELER \u0130\u00c7\u0130NDE EZ\u0130LME TEHL\u0130KES\u0130 GE\u00c7\u0130RD\u0130<\/h3>\n\n\n\n<p class=\"wp-block-paragraph\">\u0130yi niyetle yola \u00e7\u0131kan bir k\u0131z \u00e7ocu\u011fu,&nbsp;<a href=\"https:\/\/www.sondakika.com\/eyup-sultan-camii\/\">Ey\u00fcp Sultan Camii<\/a>&#8216;ni ziyarete gelen vatanda\u015flara elindeki tepsiden kurabiye ikram etmek istedi. Ancak minik k\u0131z\u0131n &#8220;buyurun, ikram\u0131m\u0131zd\u0131r&#8221; demesiyle birlikte etraf\u0131 bir anda ana baba g\u00fcn\u00fcne d\u00f6nd\u00fc.&nbsp;Tepsiyi g\u00f6ren \u00e7evredeki vatanda\u015flar, nezaketle ikram almak yerine kurabiyelere adeta h\u00fccum etti. \u00c7evredekilerin bir anda tepsinin \u00fczerine \u00e7ullanmas\u0131yla birlikte neye u\u011frad\u0131\u011f\u0131n\u0131 \u015fa\u015f\u0131ran gen\u00e7 k\u0131z, kalabal\u0131\u011f\u0131n ortas\u0131nda ezilme tehlikesi atlatt\u0131.&nbsp;Kapabildi\u011fi kadar kurabiyeyi avu\u00e7layan vatanda\u015flar h\u0131zla uzakla\u015f\u0131rken, koca tepsi saniyeler i\u00e7inde bombo\u015f kald\u0131.<\/p>\n\n\n\n<h3 class=\"wp-block-heading\">G\u00dcNDEME OTURDU<\/h3>\n\n\n\n<p class=\"wp-block-paragraph\">Cep telefonu kameras\u0131na yans\u0131yan o ilgin\u00e7 anlar, sosyal medyada payla\u015f\u0131ld\u0131\u011f\u0131 andan itibaren b\u00fcy\u00fck etkile\u015fim toplad\u0131. Kullan\u0131c\u0131lar, hay\u0131r ve nezaket ama\u00e7l\u0131 yap\u0131lan bu tarz etkinliklerde sergilenen agresif tutumu ve izdiham g\u00f6r\u00fcnt\u00fclerini &#8220;sayg\u0131s\u0131zl\u0131k&#8221; olarak nitelendirirken; da\u011f\u0131t\u0131lan \u00fcr\u00fcn ne olursa olsun ortal\u0131\u011f\u0131n bir anda sava\u015f alan\u0131na d\u00f6nmesinin toplumsal nezaket kurallar\u0131yla ba\u011fda\u015fmad\u0131\u011f\u0131 yorumlar\u0131 yap\u0131ld\u0131.<\/p>\n","protected":false},"excerpt":{"rendered":"<p>\u00dccretsiz ikram ve da\u011f\u0131t\u0131mlarda g\u00f6rmeye al\u0131\u015f\u0131k oldu\u011fumuz izdiham g\u00f6r\u00fcnt\u00fclerine bir yenisi daha eklendi. \u0130stanbul Ey\u00fcp<\/p>\n","protected":false},"author":1,"featured_media":3222,"comment_status":"open","ping_status":"open","sticky":false,"template":"","format":"standard","meta":{"_rtcl_gb_attr":"","footnotes":""},"categories":[1],"tags":[],"class_list":["post-3221","post","type-post","status-publish","format-standard","has-post-thumbnail","hentry","category-http-turkiyemhaber-com-wp-content-uploads-2026-03-saray-59-haber-13-mart-pdf"],"_links":{"self":[{"href":"https:\/\/turkiyemhaber.com\/index.php?rest_route=\/wp\/v2\/posts\/3221","targetHints":{"allow":["GET"]}}],"collection":[{"href":"https:\/\/turkiyemhaber.com\/index.php?rest_route=\/wp\/v2\/posts"}],"about":[{"href":"https:\/\/turkiyemhaber.com\/index.php?rest_route=\/wp\/v2\/types\/post"}],"author":[{"embeddable":true,"href":"https:\/\/turkiyemhaber.com\/index.php?rest_route=\/wp\/v2\/users\/1"}],"replies":[{"embeddable":true,"href":"https:\/\/turkiyemhaber.com\/index.php?rest_route=%2Fwp%2Fv2%2Fcomments&post=3221"}],"version-history":[{"count":1,"href":"https:\/\/turkiyemhaber.com\/index.php?rest_route=\/wp\/v2\/posts\/3221\/revisions"}],"predecessor-version":[{"id":3223,"href":"https:\/\/turkiyemhaber.com\/index.php?rest_route=\/wp\/v2\/posts\/3221\/revisions\/3223"}],"wp:featuredmedia":[{"embeddable":true,"href":"https:\/\/turkiyemhaber.com\/index.php?rest_route=\/wp\/v2\/media\/3222"}],"wp:attachment":[{"href":"https:\/\/turkiyemhaber.com\/index.php?rest_route=%2Fwp%2Fv2%2Fmedia&parent=3221"}],"wp:term":[{"taxonomy":"category","embeddable":true,"href":"https:\/\/turkiyemhaber.com\/index.php?rest_route=%2Fwp%2Fv2%2Fcategories&post=3221"},{"taxonomy":"post_tag","embeddable":true,"href":"https:\/\/turkiyemhaber.com\/index.php?rest_route=%2Fwp%2Fv2%2Ftags&post=3221"}],"curies":[{"name":"wp","href":"https:\/\/api.w.org\/{rel}","templated":true}]}}