{"id":3218,"date":"2026-06-15T23:15:44","date_gmt":"2026-06-15T23:15:44","guid":{"rendered":"https:\/\/turkiyemhaber.com\/?p=3218"},"modified":"2026-06-15T23:15:48","modified_gmt":"2026-06-15T23:15:48","slug":"izmirde-dekolteyi-seven-calisan-arayan-is-ilani-ortaligi-ayaga-kaldirdi","status":"publish","type":"post","link":"https:\/\/turkiyemhaber.com\/?p=3218","title":{"rendered":"\u0130zmir&#8217;de, &#8220;dekolteyi seven&#8221; \u00e7al\u0131\u015fan arayan i\u015f ilan\u0131 ortal\u0131\u011f\u0131 aya\u011fa kald\u0131rd\u0131"},"content":{"rendered":"\n<p class=\"wp-block-paragraph\">\u0130zmir \u00c7i\u011fli\u2019de bir firman\u0131n &#8220;\u0130dari asistan&#8221; almak i\u00e7in yay\u0131mlad\u0131\u011f\u0131 i\u015f ilan\u0131, gizemli ve skandal \u015fartlar\u0131yla sosyal medyay\u0131 aya\u011fa kald\u0131rd\u0131. Sadece 18-40 ya\u015f aras\u0131 kad\u0131nlar\u0131n ba\u015fvurabildi\u011fi ilanda, personelin &#8220;dekolte giyim tarz\u0131n\u0131 benimsemi\u015f olmas\u0131&#8221; ve &#8220;seyahatlere e\u015flik etmesi&#8221; a\u00e7\u0131k\u00e7a \u015fart ko\u015fuldu. Bir asistan i\u00e7in 135 bin TL&#8217;ye varan astronomik bir maa\u015f teklif edilen ilandaki gizlilik vurgusu ve tuhaf istekler, &#8220;Burada as\u0131l ama\u00e7 ne?&#8221; sorusunu ak\u0131llara getirerek b\u00fcy\u00fck \u015f\u00fcphe uyand\u0131.<\/p>\n\n\n\n<p class=\"wp-block-paragraph\"><a href=\"https:\/\/www.sondakika.com\/izmir\/\">\u0130zmir<\/a>&nbsp;<a href=\"https:\/\/www.sondakika.com\/cigli\/\">\u00c7i\u011fli<\/a>&nbsp;merkezli bir firman\u0131n online istihdam platformunda yay\u0131mlad\u0131\u011f\u0131 i\u015f ilan\u0131, sosyal medyada b\u00fcy\u00fck bir tart\u0131\u015fman\u0131n fitilini ate\u015fledi. \u0130lk bak\u0131\u015fta s\u0131radan bir personel al\u0131m\u0131 gibi g\u00f6r\u00fcnen ilanda yer alan kriterleri okuyanlar adeta \u015foke oldu. Sosyal medya kullan\u0131c\u0131lar\u0131n\u0131n tepki ya\u011fd\u0131rd\u0131\u011f\u0131 ilan\u0131n detaylar\u0131 ve aranan \u015fartlar ak\u0131llara durgunluk verdi.<\/p>\n\n\n\n<h3 class=\"wp-block-heading\">ARANAN POZ\u0130SYON &#8220;\u0130DAR\u0130 AS\u0130STAN&#8221; AMA \u015eARTLAR \u00c7OK BA\u015eKA<\/h3>\n\n\n\n<p class=\"wp-block-paragraph\">Yay\u0131mlanan ilanda aranan pozisyonun &#8220;\u0130dari Asistan&#8221; oldu\u011fu ve Balat\u00e7\u0131k\/ \u00c7i\u011fli lokasyonunda tam zamanl\u0131 \u00e7al\u0131\u015f\u0131laca\u011f\u0131 belirtildi. Ancak bir asistanl\u0131k pozisyonu i\u00e7in talep edilen nitelikler, al\u0131\u015f\u0131lagelmi\u015f i\u015f ilanlar\u0131n\u0131n \u00e7ok d\u0131\u015f\u0131ndayd\u0131. Ba\u015fvuru yapacak adaylardan en az lise mezunu ve en az 1 ay deneyimli olmalar\u0131 istenirken; ya\u015f aral\u0131\u011f\u0131n\u0131n &#8220;18-40&#8221; olmas\u0131 ve yaln\u0131zca &#8220;Kad\u0131n&#8221; adaylar\u0131n ba\u015fvurmas\u0131 \u015fart ko\u015fuldu.<\/p>\n\n\n\n<figure class=\"wp-block-image\"><img decoding=\"async\" src=\"https:\/\/foto.sondakika.com\/haber\/2026\/06\/16\/izmirde-dekolteyi-seven-calisa-19952820-8209_1_m.jpg\" alt=\"\u0130zmir'de, \"\/><\/figure>\n\n\n\n<h3 class=\"wp-block-heading\">&#8220;DEKOLTE G\u0130Y\u0130M TARZI&#8221; \u015eARTI \u015eOKE ETT\u0130<\/h3>\n\n\n\n<p class=\"wp-block-paragraph\">\u0130lan\u0131n as\u0131l infial yaratan k\u0131sm\u0131 ise &#8220;\u00d6zenli D\u0131\u015f G\u00f6r\u00fcn\u00fcm&#8221; ba\u015fl\u0131\u011f\u0131 alt\u0131nda yer alan ifadeler oldu. \u015eirket, i\u015fe alaca\u011f\u0131 idari asistandan a\u00e7\u0131k\u00e7a \u015fu \u00f6zellikleri bekledi\u011fini yazd\u0131: \u201cKi\u015fisel bak\u0131m\u0131na \u00f6zen g\u00f6steren, \u015f\u0131k, iddial\u0131 ve dekolte giyim tarz\u0131n\u0131 benimsemi\u015f\/tercih eden.\u201d Bu abs\u00fcrt \u015fart\u0131n yan\u0131nda, aday\u0131n &#8220;seyahatlerde e\u015flik etmesi&#8221; ve &#8220;i\u015f disiplini ile gizlilik kurallar\u0131na \u00f6nem vermesi&#8221; gerekti\u011fi de \u00f6zellikle vurguland\u0131.<\/p>\n\n\n\n<h3 class=\"wp-block-heading\">SOSYAL MEDYADA TEPK\u0130 YA\u011eMURU<\/h3>\n\n\n\n<p class=\"wp-block-paragraph\">\u0130landa vaat edilen 75.000 TL ile 135.000 TL aras\u0131ndaki y\u00fcksek maa\u015f aral\u0131\u011f\u0131 ve &#8220;dekolte giyim&#8221; \u015fart\u0131 k\u0131sa s\u00fcrede platformun en \u00e7ok konu\u015fulan konusu haline geldi. Sosyal medya kullan\u0131c\u0131lar\u0131, bir ofis \u00e7al\u0131\u015fan\u0131nda neden b\u00f6yle kriterler arand\u0131\u011f\u0131n\u0131 sorgulayarak tepki g\u00f6sterdi.&nbsp; Baz\u0131 kullan\u0131c\u0131lar &#8220;Ofis eleman\u0131 de\u011fil e..cort aran\u0131yor&#8221; yorumlar\u0131 yapt\u0131. Bir kullan\u0131c\u0131n\u0131n yorumu ise &#8220;\u0130\u015f\u00e7i arad\u0131\u011f\u0131n\u0131za emin misiniz, bana sanki ba\u015fka bir \u015fey ar\u0131yorsunuz gibi geldi de&#8221; \u015feklindeydi.<\/p>\n\n\n\n<p class=\"wp-block-paragraph\">Bir\u00e7ok ki\u015fi, idari i\u015flerle bu giyim tarz\u0131 ve kriterlerin hi\u00e7bir alakas\u0131 olamayaca\u011f\u0131n\u0131 savunurken, ilan\u0131 veren firmadan i\u00e7eri\u011fe ve \u00e7al\u0131\u015fma ko\u015fullar\u0131n\u0131n tam olarak ne oldu\u011funa dair hen\u00fcz bir a\u00e7\u0131klama gelmedi.<\/p>\n","protected":false},"excerpt":{"rendered":"<p>\u0130zmir \u00c7i\u011fli\u2019de bir firman\u0131n &#8220;\u0130dari asistan&#8221; almak i\u00e7in yay\u0131mlad\u0131\u011f\u0131 i\u015f ilan\u0131, gizemli ve skandal \u015fartlar\u0131yla<\/p>\n","protected":false},"author":1,"featured_media":3219,"comment_status":"open","ping_status":"open","sticky":false,"template":"","format":"standard","meta":{"_rtcl_gb_attr":"","footnotes":""},"categories":[1],"tags":[],"class_list":["post-3218","post","type-post","status-publish","format-standard","has-post-thumbnail","hentry","category-http-turkiyemhaber-com-wp-content-uploads-2026-03-saray-59-haber-13-mart-pdf"],"_links":{"self":[{"href":"https:\/\/turkiyemhaber.com\/index.php?rest_route=\/wp\/v2\/posts\/3218","targetHints":{"allow":["GET"]}}],"collection":[{"href":"https:\/\/turkiyemhaber.com\/index.php?rest_route=\/wp\/v2\/posts"}],"about":[{"href":"https:\/\/turkiyemhaber.com\/index.php?rest_route=\/wp\/v2\/types\/post"}],"author":[{"embeddable":true,"href":"https:\/\/turkiyemhaber.com\/index.php?rest_route=\/wp\/v2\/users\/1"}],"replies":[{"embeddable":true,"href":"https:\/\/turkiyemhaber.com\/index.php?rest_route=%2Fwp%2Fv2%2Fcomments&post=3218"}],"version-history":[{"count":1,"href":"https:\/\/turkiyemhaber.com\/index.php?rest_route=\/wp\/v2\/posts\/3218\/revisions"}],"predecessor-version":[{"id":3220,"href":"https:\/\/turkiyemhaber.com\/index.php?rest_route=\/wp\/v2\/posts\/3218\/revisions\/3220"}],"wp:featuredmedia":[{"embeddable":true,"href":"https:\/\/turkiyemhaber.com\/index.php?rest_route=\/wp\/v2\/media\/3219"}],"wp:attachment":[{"href":"https:\/\/turkiyemhaber.com\/index.php?rest_route=%2Fwp%2Fv2%2Fmedia&parent=3218"}],"wp:term":[{"taxonomy":"category","embeddable":true,"href":"https:\/\/turkiyemhaber.com\/index.php?rest_route=%2Fwp%2Fv2%2Fcategories&post=3218"},{"taxonomy":"post_tag","embeddable":true,"href":"https:\/\/turkiyemhaber.com\/index.php?rest_route=%2Fwp%2Fv2%2Ftags&post=3218"}],"curies":[{"name":"wp","href":"https:\/\/api.w.org\/{rel}","templated":true}]}}