{"id":3215,"date":"2026-06-15T23:13:58","date_gmt":"2026-06-15T23:13:58","guid":{"rendered":"https:\/\/turkiyemhaber.com\/?p=3215"},"modified":"2026-06-15T23:14:03","modified_gmt":"2026-06-15T23:14:03","slug":"vergi-borcu-olanlar-dikkat-taksitlendirme-duzenlemesi-resmi-gazetede","status":"publish","type":"post","link":"https:\/\/turkiyemhaber.com\/?p=3215","title":{"rendered":"Vergi borcu olanlar dikkat: Taksitlendirme d\u00fczenlemesi Resmi Gazete&#8217;de"},"content":{"rendered":"\n<p class=\"wp-block-paragraph\">Hazine ve Maliye Bakanl\u0131\u011f\u0131 Gelir \u0130daresi Ba\u015fkanl\u0131\u011f\u0131 taraf\u0131ndan haz\u0131rlanan Tahsilat Genel Tebli\u011fi, Resmi Gazete\u2019de yay\u0131mland\u0131. Tebli\u011fle birlikte 5 Haziran 2026 itibar\u0131yla vadesi ge\u00e7mi\u015f t\u00fcm amme alacaklar\u0131 i\u00e7in yeniden yap\u0131land\u0131rma ve 72 aya varan taksitlendirme imkan\u0131 getirildi. Ayr\u0131ca y\u00fczde 39 olarak uygulanan faiz oran\u0131 da y\u00fczde 29 tecil faizine \u00e7ekilerek bor\u00e7 y\u00fck\u00fc hafifletildi.<\/p>\n\n\n\n<p class=\"wp-block-paragraph\"><a href=\"https:\/\/www.sondakika.com\/hazine-ve-maliye-bakanligi\/\">Hazine ve Maliye Bakanl\u0131\u011f\u0131<\/a>&nbsp;<a href=\"https:\/\/www.sondakika.com\/gelir-idaresi-baskanligi\/\">Gelir \u0130daresi Ba\u015fkanl\u0131\u011f\u0131<\/a>&nbsp;taraf\u0131ndan haz\u0131rlanan Tahsilat Genel Tebli\u011fi, Resmi Gazete\u2019de yay\u0131mland\u0131. Tebli\u011fle birlikte, vadesi geldi\u011fi halde \u00f6denmemi\u015f vergi bor\u00e7lar\u0131 i\u00e7in yeni taksitlendirme imkan\u0131 getirildi.<\/p>\n\n\n\n<h3 class=\"wp-block-heading\">BA\u015eVURU TAR\u0130H\u0130LER\u0130 DE BELL\u0130<\/h3>\n\n\n\n<p class=\"wp-block-paragraph\">D\u00fczenleme kapsam\u0131nda, 5 Haziran 2026 itibar\u0131yla vadesi ge\u00e7mi\u015f t\u00fcm amme alacaklar\u0131 yeniden yap\u0131land\u0131r\u0131larak 72 aya varan taksit imkan\u0131yla \u00f6denebilecek.<\/p>\n\n\n\n<p class=\"wp-block-paragraph\">Vatanda\u015flar ve \u015firketler, 31 A\u011fustos 2026 tarihine kadar ba\u015fvurular\u0131n\u0131 Gelir \u0130daresi Ba\u015fkanl\u0131\u011f\u0131, Dijital Vergi Dairesi, e-Devlet kap\u0131s\u0131 \u00fczerinden veya do\u011frudan vergi daireleri ile posta yoluyla yapabilecek. Yap\u0131land\u0131r\u0131lan bor\u00e7lar\u0131n ilk taksit \u00f6demeleri ise 2026 y\u0131l\u0131n\u0131n Eyl\u00fcl ay\u0131nda ba\u015flayacak.<\/p>\n\n\n\n<h3 class=\"wp-block-heading\">FA\u0130Z ORANI Y\u00dcZDE 29 TEC\u0130L FA\u0130Z\u0130NE \u00c7EK\u0130LD\u0130<\/h3>\n\n\n\n<p class=\"wp-block-paragraph\">Yeni d\u00fczenleme bor\u00e7lulara sadece uzun vade imkan\u0131 de\u011fil, ayn\u0131 zamanda ciddi bir faiz avantaj\u0131 da sunuyor. Tebli\u011f kapsam\u0131na giren bor\u00e7larda, mevcut cari tecil faizinden daha d\u00fc\u015f\u00fck bir oran kullan\u0131lmas\u0131 kararla\u015ft\u0131r\u0131ld\u0131. Buna g\u00f6re y\u0131ll\u0131k y\u00fczde 39 olarak uygulanan faiz oran\u0131 y\u00fczde 29 tecil faizine \u00e7ekilerek bor\u00e7 y\u00fck\u00fc hafifletildi.<\/p>\n\n\n\n<h3 class=\"wp-block-heading\">10 M\u0130LYON TL&#8217;YE KADAR TEM\u0130NAT TALEP ED\u0130LMEYECEK<\/h3>\n\n\n\n<p class=\"wp-block-paragraph\">Bunun yan\u0131 s\u0131ra m\u00fckelleflere kolayl\u0131k sa\u011flamak amac\u0131yla teminat \u015fartlar\u0131nda da de\u011fi\u015fikli\u011fe gidildi. D\u00fczenleme kapsam\u0131nda 10 milyon TL&#8217;ye kadar olan vergi bor\u00e7lar\u0131 i\u00e7in hi\u00e7bir teminat talep edilmeyecek. Bu tutar\u0131 a\u015fan bor\u00e7lar i\u00e7in ise sadece a\u015fan miktar\u0131n yar\u0131s\u0131 kadar teminat g\u00f6sterilmesi yeterli olacak.<\/p>\n","protected":false},"excerpt":{"rendered":"<p>Hazine ve Maliye Bakanl\u0131\u011f\u0131 Gelir \u0130daresi Ba\u015fkanl\u0131\u011f\u0131 taraf\u0131ndan haz\u0131rlanan Tahsilat Genel Tebli\u011fi, Resmi Gazete\u2019de yay\u0131mland\u0131.<\/p>\n","protected":false},"author":1,"featured_media":3216,"comment_status":"open","ping_status":"open","sticky":false,"template":"","format":"standard","meta":{"_rtcl_gb_attr":"","footnotes":""},"categories":[14],"tags":[],"class_list":["post-3215","post","type-post","status-publish","format-standard","has-post-thumbnail","hentry","category-ekonomi"],"_links":{"self":[{"href":"https:\/\/turkiyemhaber.com\/index.php?rest_route=\/wp\/v2\/posts\/3215","targetHints":{"allow":["GET"]}}],"collection":[{"href":"https:\/\/turkiyemhaber.com\/index.php?rest_route=\/wp\/v2\/posts"}],"about":[{"href":"https:\/\/turkiyemhaber.com\/index.php?rest_route=\/wp\/v2\/types\/post"}],"author":[{"embeddable":true,"href":"https:\/\/turkiyemhaber.com\/index.php?rest_route=\/wp\/v2\/users\/1"}],"replies":[{"embeddable":true,"href":"https:\/\/turkiyemhaber.com\/index.php?rest_route=%2Fwp%2Fv2%2Fcomments&post=3215"}],"version-history":[{"count":1,"href":"https:\/\/turkiyemhaber.com\/index.php?rest_route=\/wp\/v2\/posts\/3215\/revisions"}],"predecessor-version":[{"id":3217,"href":"https:\/\/turkiyemhaber.com\/index.php?rest_route=\/wp\/v2\/posts\/3215\/revisions\/3217"}],"wp:featuredmedia":[{"embeddable":true,"href":"https:\/\/turkiyemhaber.com\/index.php?rest_route=\/wp\/v2\/media\/3216"}],"wp:attachment":[{"href":"https:\/\/turkiyemhaber.com\/index.php?rest_route=%2Fwp%2Fv2%2Fmedia&parent=3215"}],"wp:term":[{"taxonomy":"category","embeddable":true,"href":"https:\/\/turkiyemhaber.com\/index.php?rest_route=%2Fwp%2Fv2%2Fcategories&post=3215"},{"taxonomy":"post_tag","embeddable":true,"href":"https:\/\/turkiyemhaber.com\/index.php?rest_route=%2Fwp%2Fv2%2Ftags&post=3215"}],"curies":[{"name":"wp","href":"https:\/\/api.w.org\/{rel}","templated":true}]}}