{"id":3212,"date":"2026-06-15T23:11:11","date_gmt":"2026-06-15T23:11:11","guid":{"rendered":"https:\/\/turkiyemhaber.com\/?p=3212"},"modified":"2026-06-15T23:11:15","modified_gmt":"2026-06-15T23:11:15","slug":"chp-genel-merkezinde-20-kisi-daha-isten-cikarildi","status":"publish","type":"post","link":"https:\/\/turkiyemhaber.com\/?p=3212","title":{"rendered":"CHP Genel merkezinde 20 ki\u015fi daha i\u015ften \u00e7\u0131kar\u0131ld\u0131"},"content":{"rendered":"\n<p class=\"wp-block-paragraph\">CHP&#8217;de mutlak butlan karar\u0131 sonras\u0131nda g\u00f6reve d\u00f6nen Kemal K\u0131l\u0131\u00e7daro\u011flu y\u00f6netiminin personel hamleleri s\u00fcr\u00fcyor. Son olarak 20 \u00e7al\u0131\u015fan\u0131n daha i\u015fine son verildi\u011fi Genel Merkez&#8217;de, i\u015ften \u00e7\u0131kar\u0131lan personel say\u0131s\u0131 85&#8217;e y\u00fckseldi. Karar parti kulislerinde yeni bir tart\u0131\u015fma ba\u015flat\u0131rken, daha \u00f6nce yap\u0131lan a\u00e7\u0131klamalarda baz\u0131 fesihlerin yeniden de\u011ferlendirilebilece\u011fi belirtilmi\u015fti.<\/p>\n\n\n\n<p class=\"wp-block-paragraph\">CHP&#8217;de &#8220;mutlak butlan&#8221; karar\u0131 sonras\u0131 yeniden genel ba\u015fkanl\u0131k g\u00f6revine d\u00f6nen&nbsp;<a href=\"https:\/\/www.sondakika.com\/kemal-kilicdaroglu\/\">Kemal K\u0131l\u0131\u00e7daro\u011flu<\/a>&#8216;nun ald\u0131\u011f\u0131 kararlar tart\u0131\u015f\u0131lmaya devam ediyor. CHP Genel Merkezi&#8217;nde son olarak 20 personelin daha i\u015fine son verildi\u011fi \u00f6\u011frenildi. B\u00f6ylece K\u0131l\u0131\u00e7daro\u011flu&#8217;nun g\u00f6reve d\u00f6n\u00fc\u015f\u00fcn\u00fcn ard\u0131ndan i\u015ften \u00e7\u0131kar\u0131lan personel say\u0131s\u0131 85&#8217;e y\u00fckseldi.<\/p>\n\n\n\n<h3 class=\"wp-block-heading\">YEN\u0130 \u0130\u015eTEN \u00c7IKARMALAR YA\u015eANDI<\/h3>\n\n\n\n<p class=\"wp-block-paragraph\">CHP Genel Merkezi&#8217;nde ger\u00e7ekle\u015ftirilen son d\u00fczenleme kapsam\u0131nda 20 \u00e7al\u0131\u015fan\u0131n daha kurumla ili\u015fi\u011fi kesildi. \u0130\u015ften \u00e7\u0131kar\u0131lan personeller aras\u0131nda temizlik g\u00f6revlileri, fotokopi sorumlular\u0131 ve \u00e7ay servisi \u00e7al\u0131\u015fanlar\u0131n\u0131n da bulundu\u011fu belirtildi.<\/p>\n\n\n\n<h3 class=\"wp-block-heading\">SAYI 85&#8217;E Y\u00dcKSELD\u0130<\/h3>\n\n\n\n<p class=\"wp-block-paragraph\">K\u0131l\u0131\u00e7daro\u011flu&#8217;nun yeniden genel ba\u015fkanl\u0131k g\u00f6revine d\u00f6nmesinin ard\u0131ndan ba\u015flayan personel de\u011fi\u015fimi s\u00fcreci devam ediyor. Son kararla birlikte i\u015fine son verilen \u00e7al\u0131\u015fan say\u0131s\u0131n\u0131n 85&#8217;e ula\u015ft\u0131\u011f\u0131 ifade edildi.<\/p>\n\n\n\n<h3 class=\"wp-block-heading\">PART\u0130 KUL\u0130SLER\u0130NDE G\u00dcNDEM OLDU<\/h3>\n\n\n\n<p class=\"wp-block-paragraph\">Genel Merkez&#8217;deki personel hareketlili\u011fi parti kulislerinde de geni\u015f yank\u0131 uyand\u0131rd\u0131. Karar\u0131n gerek\u00e7esine ili\u015fkin resmi bir a\u00e7\u0131klama yap\u0131lmazken, ya\u015fanan geli\u015fmeler CHP i\u00e7erisinde farkl\u0131 de\u011ferlendirmelere neden oldu.<\/p>\n\n\n\n<h3 class=\"wp-block-heading\">BASIN DANI\u015eMANINDAN D\u0130KKAT \u00c7EKEN A\u00c7IKLAMA<\/h3>\n\n\n\n<p class=\"wp-block-paragraph\">\u00d6te yandan CHP Genel Ba\u015fkan\u0131 Kemal K\u0131l\u0131\u00e7daro\u011flu&#8217;nun bas\u0131n dan\u0131\u015fman\u0131 Atakan S\u00f6nmez, daha \u00f6nce i\u015ften \u00e7\u0131karmalara ili\u015fkin yapt\u0131\u011f\u0131 a\u00e7\u0131klamada s\u00fcrecin yeniden de\u011ferlendirilebilece\u011fini belirtmi\u015fti.<\/p>\n\n\n\n<p class=\"wp-block-paragraph\">S\u00f6nmez, &#8220;Tekrar incelenecek bu i\u015ften \u00e7\u0131karmalar. Hakl\u0131 feshe ikna olamad\u0131\u011f\u0131m\u0131z bir \u015fey varsa, geri d\u00f6neriz, arkada\u015flar\u0131n s\u00f6zle\u015fmelerini devam ettiririz&#8221; ifadelerini kullanm\u0131\u015ft\u0131.<\/p>\n\n\n\n<p class=\"wp-block-paragraph\">\u0130\u015ften \u00e7\u0131karmalar\u0131n bir &#8220;k\u0131y\u0131m&#8221; ya da &#8220;tasfiye operasyonu&#8221; olarak de\u011ferlendirilmemesi gerekti\u011fini savunan S\u00f6nmez, s\u00fcrecin hukuki gerek\u00e7eler \u00e7er\u00e7evesinde y\u00fcr\u00fct\u00fcld\u00fc\u011f\u00fcn\u00fc belirtmi\u015fti.<\/p>\n\n\n\n<h3 class=\"wp-block-heading\">TARTI\u015eMALAR S\u00dcR\u00dcYOR<\/h3>\n\n\n\n<p class=\"wp-block-paragraph\">Mutlak butlan karar\u0131 sonras\u0131nda CHP&#8217;de ba\u015flayan y\u00f6netim ve kadro tart\u0131\u015fmalar\u0131 devam ederken, Genel Merkez&#8217;de al\u0131nan son kararlar\u0131n \u00f6n\u00fcm\u00fczdeki g\u00fcnlerde de siyasi g\u00fcndemde yer almas\u0131 bekleniyor.<\/p>\n","protected":false},"excerpt":{"rendered":"<p>CHP&#8217;de mutlak butlan karar\u0131 sonras\u0131nda g\u00f6reve d\u00f6nen Kemal K\u0131l\u0131\u00e7daro\u011flu y\u00f6netiminin personel hamleleri s\u00fcr\u00fcyor. Son olarak<\/p>\n","protected":false},"author":1,"featured_media":3213,"comment_status":"open","ping_status":"open","sticky":false,"template":"","format":"standard","meta":{"_rtcl_gb_attr":"","footnotes":""},"categories":[44],"tags":[],"class_list":["post-3212","post","type-post","status-publish","format-standard","has-post-thumbnail","hentry","category-politika"],"_links":{"self":[{"href":"https:\/\/turkiyemhaber.com\/index.php?rest_route=\/wp\/v2\/posts\/3212","targetHints":{"allow":["GET"]}}],"collection":[{"href":"https:\/\/turkiyemhaber.com\/index.php?rest_route=\/wp\/v2\/posts"}],"about":[{"href":"https:\/\/turkiyemhaber.com\/index.php?rest_route=\/wp\/v2\/types\/post"}],"author":[{"embeddable":true,"href":"https:\/\/turkiyemhaber.com\/index.php?rest_route=\/wp\/v2\/users\/1"}],"replies":[{"embeddable":true,"href":"https:\/\/turkiyemhaber.com\/index.php?rest_route=%2Fwp%2Fv2%2Fcomments&post=3212"}],"version-history":[{"count":1,"href":"https:\/\/turkiyemhaber.com\/index.php?rest_route=\/wp\/v2\/posts\/3212\/revisions"}],"predecessor-version":[{"id":3214,"href":"https:\/\/turkiyemhaber.com\/index.php?rest_route=\/wp\/v2\/posts\/3212\/revisions\/3214"}],"wp:featuredmedia":[{"embeddable":true,"href":"https:\/\/turkiyemhaber.com\/index.php?rest_route=\/wp\/v2\/media\/3213"}],"wp:attachment":[{"href":"https:\/\/turkiyemhaber.com\/index.php?rest_route=%2Fwp%2Fv2%2Fmedia&parent=3212"}],"wp:term":[{"taxonomy":"category","embeddable":true,"href":"https:\/\/turkiyemhaber.com\/index.php?rest_route=%2Fwp%2Fv2%2Fcategories&post=3212"},{"taxonomy":"post_tag","embeddable":true,"href":"https:\/\/turkiyemhaber.com\/index.php?rest_route=%2Fwp%2Fv2%2Ftags&post=3212"}],"curies":[{"name":"wp","href":"https:\/\/api.w.org\/{rel}","templated":true}]}}