{"id":3209,"date":"2026-06-15T23:08:37","date_gmt":"2026-06-15T23:08:37","guid":{"rendered":"https:\/\/turkiyemhaber.com\/?p=3209"},"modified":"2026-06-15T23:08:42","modified_gmt":"2026-06-15T23:08:42","slug":"abdden-israile-lubnandan-kademeli-olarak-cekil","status":"publish","type":"post","link":"https:\/\/turkiyemhaber.com\/?p=3209","title":{"rendered":"ABD&#8217;den \u0130srail&#8217;e: L\u00fcbnan&#8217;dan kademeli olarak \u00e7ekil"},"content":{"rendered":"\n<p class=\"wp-block-paragraph\">ABD ve \u0130ran aras\u0131nda uzla\u015fmaya var\u0131lan bar\u0131\u015f mutabakat\u0131 \u0130srail&#8217;de \u00f6fkeyle kar\u015f\u0131land\u0131. \u0130ran, \u0130srail&#8217;in L\u00fcbnan i\u015fgalinin de son bulmas\u0131n\u0131n anla\u015fma maddeleri aras\u0131nda yer almas\u0131n\u0131 isterken, Netanyahu&#8217;nun bu konuda Trump&#8217;a rest \u00e7ekti\u011fi iddia edildi. ABD&#8217;nin ise \u0130srail Ba\u015fbakan\u0131 Netanyahu\u2019dan L\u00fcbnan\u2019dan kademeli olarak \u00e7ekilmesini istedi\u011fi \u00f6ne s\u00fcr\u00fcld\u00fc.<\/p>\n\n\n\n<p class=\"wp-block-paragraph\">ABD&#8217;nin Netanyahu\u2019dan L\u00fcbnan\u2019dan kademeli olarak \u00e7ekilmesini istedi\u011fi iddia edildi.<\/p>\n\n\n\n<h3 class=\"wp-block-heading\">ABD&#8217;DEN \u0130SRA\u0130L&#8217;E &#8220;L\u00dcBNAN&#8221; \u00c7A\u011eRISI<\/h3>\n\n\n\n<p class=\"wp-block-paragraph\">ABD ve&nbsp;<a href=\"https:\/\/www.sondakika.com\/iran\/\">\u0130ran<\/a>, tarihi bir bar\u0131\u015f mutabakat\u0131na vard\u0131. Ancak Tahran y\u00f6netiminin,&nbsp;<a href=\"https:\/\/www.sondakika.com\/israil\/\">\u0130srail<\/a>&#8216;in L\u00fcbnan&#8217;daki i\u015fgaline son vermesini istemesi ABD ve \u0130srail&#8217;i kar\u015f\u0131 kar\u015f\u0131ya getirdi. ABD&#8217;nin bu talep do\u011frultusunda \u0130srail\u2019den L\u00fcbnan\u2019dan kademeli olarak \u00e7ekilmesini istedi\u011fi \u00f6ne s\u00fcr\u00fcld\u00fc.<\/p>\n\n\n\n<h3 class=\"wp-block-heading\">&#8220;\u0130SRA\u0130L ORDUSU \u00c7EK\u0130LMEYECEK&#8221;<\/h3>\n\n\n\n<p class=\"wp-block-paragraph\">Yedioth Ahronot gazetesinin ad\u0131 a\u00e7\u0131klanmayan \u0130srailli yetkililere dayand\u0131rd\u0131\u011f\u0131 haberinde, ABD-\u0130ran aras\u0131nda sa\u011flanan mutabakata ili\u015fkin Netanyahu ile Trump aras\u0131nda yap\u0131lan telefon g\u00f6r\u00fc\u015fmesinin detaylar\u0131na yer verildi. Haberde, Netanyahu&#8217;nun Trump&#8217;a \u0130srail ordusunun L\u00fcbnan&#8217;da i\u015fgal etti\u011fi b\u00f6lgelerden \u00e7ekilmeyece\u011fini ve sald\u0131r\u0131lar\u0131n\u0131 s\u00fcrd\u00fcrece\u011fini iletti\u011fi kaydedildi.<\/p>\n\n\n\n<p class=\"wp-block-paragraph\">Gazeteye konu\u015fan \u0130srailli yetkililer, \u0130ran ile sa\u011flanan mutabakat\u0131n ard\u0131ndan Washington y\u00f6netiminin \u0130srail&#8217;in L\u00fcbnan&#8217;dan \u00e7ekilmesini veya sald\u0131r\u0131lar\u0131n\u0131 s\u0131n\u0131rlamas\u0131n\u0131 talep etmesi halinde, \u0130srail&#8217;in ABD bask\u0131s\u0131yla y\u00fczle\u015fmek zorunda kalabilece\u011fine i\u015faret etti.<\/p>\n\n\n\n<h3 class=\"wp-block-heading\">KAB\u0130NEDEN NETANYAHU&#8217;YA DESTEK<\/h3>\n\n\n\n<p class=\"wp-block-paragraph\">\u00d6te yandan, d\u00fcn yap\u0131lan \u0130srail g\u00fcvenlik kabinesi toplant\u0131s\u0131nda bakanlar\u0131n b\u00fcy\u00fck \u00e7o\u011funlu\u011funun Netanyahu&#8217;nun L\u00fcbnan konusundaki tutumuna tam destek verdi\u011fi aktar\u0131ld\u0131.<\/p>\n\n\n\n<h3 class=\"wp-block-heading\">KATZ: \u0130\u015eGAL ETT\u0130\u011e\u0130M\u0130Z B\u00d6LGELERDEN \u00c7EK\u0130LMEYECE\u011e\u0130Z<\/h3>\n\n\n\n<p class=\"wp-block-paragraph\">\u00d6te yandan \u0130srail Savunma Bakan\u0131 Yisrael Katz, Washington ile Tahran aras\u0131ndaki mutabakata ra\u011fmen, \u0130srail ordusunun L\u00fcbnan&#8217;\u0131n g\u00fcneyinde, Suriye ve Gazze&#8217;de i\u015fgal etti\u011fi b\u00f6lgelerde ucu a\u00e7\u0131k bir s\u00fcreyle kalmaya devam edece\u011fini a\u00e7\u0131klad\u0131.<\/p>\n\n\n\n<p class=\"wp-block-paragraph\">\u0130srail Savunma Bakanl\u0131\u011f\u0131ndan yap\u0131lan yaz\u0131l\u0131 a\u00e7\u0131klamaya g\u00f6re, Katz, L\u00fcbnan&#8217;\u0131n g\u00fcneyinde \u0130srail&#8217;in i\u015fgal etti\u011fi b\u00f6lgelerin yerel halktan &#8220;ar\u0131nd\u0131r\u0131laca\u011f\u0131n\u0131&#8221; iddia etti.<\/p>\n\n\n\n<p class=\"wp-block-paragraph\">Katz, Washington ile Tahran aras\u0131ndaki mutabakata ra\u011fmen, \u0130srail ordusunun L\u00fcbnan&#8217;\u0131n g\u00fcneyinde, Suriye ve Gazze&#8217;de i\u015fgal etti\u011fi b\u00f6lgelerde ucu a\u00e7\u0131k bir s\u00fcreyle kalmaya devam edece\u011fini belirterek, \u015fu ifadeleri kulland\u0131:<\/p>\n\n\n\n<p class=\"wp-block-paragraph\">&#8220;Bu nedenle, mevcut ve gelecekte olu\u015facak t\u00fcm bask\u0131lara ra\u011fmen, \u0130srail ordusunun L\u00fcbnan&#8217;dan geri \u00e7ekilmesine kar\u015f\u0131 \u00e7\u0131k\u0131yoruz.&#8221;<\/p>\n\n\n\n<p class=\"wp-block-paragraph\">Ba\u015fbakan Binyamin Netanyahu&#8217;nun bu durumu ABD Ba\u015fkan\u0131&nbsp;<a href=\"https:\/\/www.sondakika.com\/donald-trump\/\">Donald Trump<\/a>&#8216;a ve di\u011fer \u00fcst d\u00fczey ABD&#8217;li yetkililere a\u00e7\u0131k\u00e7a ifade etti\u011fini \u00f6ne s\u00fcren Katz, &#8220;Ben de d\u00fcn bunu ABD Savunma Bakan\u0131 Pete Hegseth&#8217;e net bir \u015fekilde aktard\u0131m.&#8221; iddias\u0131nda bulundu.<\/p>\n\n\n\n<h3 class=\"wp-block-heading\">&#8220;TAV\u0130Z VERMEYECE\u011e\u0130Z&#8221;<\/h3>\n\n\n\n<p class=\"wp-block-paragraph\">Katz, \u0130srail&#8217;in g\u00fcvenlik \u00e7\u0131karlar\u0131ndan taviz vermeyeceklerini, i\u015fgal ettikleri b\u00f6lgelerden geri \u00e7ekilmeyeceklerini s\u00f6yleyerek, \u015funlar\u0131 kaydetti:<\/p>\n\n\n\n<p class=\"wp-block-paragraph\">&#8220;E\u011fer \u0130ran, L\u00fcbnan&#8217;daki olaylar nedeniyle \u0130srail&#8217;e sald\u0131r\u0131rsa, (\u0130ran&#8217;a) ona t\u00fcm g\u00fcc\u00fcm\u00fczle sald\u0131raca\u011f\u0131z ve aradaki g\u00fc\u00e7 fark\u0131n\u0131 kendisine \u00e7ok iyi hissettirece\u011fiz. Biz sadece vatanda\u015flar\u0131m\u0131za ve \u0130srail&#8217;in g\u00fcvenli\u011fine kar\u015f\u0131 sorumluyuz.&#8221;<\/p>\n\n\n\n<p class=\"wp-block-paragraph\">\u0130srail&#8217;in a\u015f\u0131r\u0131 sa\u011fc\u0131 Ulusal G\u00fcvenlik Bakan\u0131 Itamar Ben-Gvir de Washington ile Tahran aras\u0131nda var\u0131lan mutabakata sert tepki g\u00f6stererek, &#8220;Trump&#8217;\u0131n anla\u015fmas\u0131 bizi ba\u011flamaz. \u0130srail, ABD&#8217;nin bir s\u00f6m\u00fcrgesi (tebaas\u0131) de\u011fil.&#8221; ifadesini kullanm\u0131\u015ft\u0131.<\/p>\n\n\n\n<h3 class=\"wp-block-heading\">MUTABAKATTA ASKER\u0130 OPERASYONLAR SONA ERECEK DENM\u0130\u015eT\u0130<\/h3>\n\n\n\n<p class=\"wp-block-paragraph\">Pakistan Ba\u015fbakan\u0131 \u015eahbaz \u015eerif, ABD ve \u0130ran&#8217;\u0131n mutabakata var\u0131ld\u0131\u011f\u0131n\u0131 duyurarak, &#8220;L\u00fcbnan dahil t\u00fcm cephelerde askeri operasyonlar\u0131n derhal ve kal\u0131c\u0131 olarak sona erdirildi\u011fini ilan etti.&#8221; ifadesini kullanm\u0131\u015ft\u0131.<\/p>\n\n\n\n<p class=\"wp-block-paragraph\">\u0130ran D\u0131\u015fi\u015fleri Bakan Yard\u0131mc\u0131s\u0131 Kaz\u0131m Garibabadi, ABD ile mutabakata var\u0131ld\u0131\u011f\u0131n\u0131 do\u011frulayarak, mutabakat zapt\u0131n\u0131n 19 Haziran&#8217;da \u0130svi\u00e7re&#8217;de imzalanaca\u011f\u0131n\u0131 a\u00e7\u0131klam\u0131\u015ft\u0131.<\/p>\n","protected":false},"excerpt":{"rendered":"<p>ABD ve \u0130ran aras\u0131nda uzla\u015fmaya var\u0131lan bar\u0131\u015f mutabakat\u0131 \u0130srail&#8217;de \u00f6fkeyle kar\u015f\u0131land\u0131. \u0130ran, \u0130srail&#8217;in L\u00fcbnan i\u015fgalinin<\/p>\n","protected":false},"author":1,"featured_media":3210,"comment_status":"open","ping_status":"open","sticky":false,"template":"","format":"standard","meta":{"_rtcl_gb_attr":"","footnotes":""},"categories":[65],"tags":[],"class_list":["post-3209","post","type-post","status-publish","format-standard","has-post-thumbnail","hentry","category-dunya"],"_links":{"self":[{"href":"https:\/\/turkiyemhaber.com\/index.php?rest_route=\/wp\/v2\/posts\/3209","targetHints":{"allow":["GET"]}}],"collection":[{"href":"https:\/\/turkiyemhaber.com\/index.php?rest_route=\/wp\/v2\/posts"}],"about":[{"href":"https:\/\/turkiyemhaber.com\/index.php?rest_route=\/wp\/v2\/types\/post"}],"author":[{"embeddable":true,"href":"https:\/\/turkiyemhaber.com\/index.php?rest_route=\/wp\/v2\/users\/1"}],"replies":[{"embeddable":true,"href":"https:\/\/turkiyemhaber.com\/index.php?rest_route=%2Fwp%2Fv2%2Fcomments&post=3209"}],"version-history":[{"count":1,"href":"https:\/\/turkiyemhaber.com\/index.php?rest_route=\/wp\/v2\/posts\/3209\/revisions"}],"predecessor-version":[{"id":3211,"href":"https:\/\/turkiyemhaber.com\/index.php?rest_route=\/wp\/v2\/posts\/3209\/revisions\/3211"}],"wp:featuredmedia":[{"embeddable":true,"href":"https:\/\/turkiyemhaber.com\/index.php?rest_route=\/wp\/v2\/media\/3210"}],"wp:attachment":[{"href":"https:\/\/turkiyemhaber.com\/index.php?rest_route=%2Fwp%2Fv2%2Fmedia&parent=3209"}],"wp:term":[{"taxonomy":"category","embeddable":true,"href":"https:\/\/turkiyemhaber.com\/index.php?rest_route=%2Fwp%2Fv2%2Fcategories&post=3209"},{"taxonomy":"post_tag","embeddable":true,"href":"https:\/\/turkiyemhaber.com\/index.php?rest_route=%2Fwp%2Fv2%2Ftags&post=3209"}],"curies":[{"name":"wp","href":"https:\/\/api.w.org\/{rel}","templated":true}]}}