{"id":3206,"date":"2026-06-15T23:06:30","date_gmt":"2026-06-15T23:06:30","guid":{"rendered":"https:\/\/turkiyemhaber.com\/?p=3206"},"modified":"2026-06-15T23:06:34","modified_gmt":"2026-06-15T23:06:34","slug":"bir-grup-sanatcidan-kilicdarogluna-destek-aciklamasi","status":"publish","type":"post","link":"https:\/\/turkiyemhaber.com\/?p=3206","title":{"rendered":"Bir grup sanat\u00e7\u0131dan K\u0131l\u0131\u00e7daro\u011flu&#8217;na destek a\u00e7\u0131klamas\u0131"},"content":{"rendered":"\n<p class=\"wp-block-paragraph\">Mahkemenin mutlak butlan karar\u0131yla CHP Genel Ba\u015fkanl\u0131\u011f\u0131 g\u00f6revine geri d\u00f6nmesiyle bir\u00e7ok sanat\u00e7\u0131n\u0131n \u015fark\u0131lar\u0131n\u0131 kullanmas\u0131n\u0131 yasaklad\u0131\u011f\u0131 Kemal K\u0131l\u0131\u00e7daro\u011flu&#8217;na \u015fimdi de destek geldi. Bir grup sanat\u00e7\u0131 yapt\u0131\u011f\u0131 a\u00e7\u0131klamada, &#8220;D\u00fcn kahraman dediklerine bug\u00fcn hain diyenlerin, bug\u00fcn kahraman ilan ettiklerine yar\u0131n hain demeyecekleri ne malum! Kemal K\u0131l\u0131\u00e7daro\u011flu&#8217;na diledi\u011fi eserimizi kullanma yetkisini veriyor ve kendisinin yan\u0131nda oldu\u011fumuzu a\u00e7\u0131k\u00e7a beyan ediyoruz.&#8221; dedi.<\/p>\n\n\n\n<p class=\"wp-block-paragraph\">Mahkemenin mutlak butlan karar\u0131yla CHP Genel Ba\u015fkanl\u0131\u011f\u0131 g\u00f6revine geri d\u00f6nmesinin ard\u0131ndan baz\u0131 sanat\u00e7\u0131lar\u0131n \u015fark\u0131lar\u0131n\u0131 kullanmas\u0131n\u0131 yasaklad\u0131\u011f\u0131 Kemal K\u0131l\u0131\u00e7daro\u011flu\u2019na, sanat d\u00fcnyas\u0131ndan destek geldi. Bir grup sanat\u00e7\u0131 ortak bir a\u00e7\u0131klama yaparak, K\u0131l\u0131\u00e7daro\u011flu\u2019nun yan\u0131nda olduklar\u0131n\u0131 bildirdi.<\/p>\n\n\n\n<h3 class=\"wp-block-heading\">KILI\u00c7DARO\u011eLU&#8217;NA DESTEK \u00c7IKTILAR<\/h3>\n\n\n\n<p class=\"wp-block-paragraph\">A\u00e7\u0131klamada \u015fu ifadeler yer ald\u0131: &#8220;Butlan m\u0131 k\u00f6t\u00fc, butlar m\u0131 lezzetli?&nbsp;D\u00fcn kahraman dediklerine bug\u00fcn hain diyenlerin, bug\u00fcn kahraman ilan ettiklerine yar\u0131n hain demeyecekleri ne malum!<\/p>\n\n\n\n<p class=\"wp-block-paragraph\">CHP&#8217;de ya\u015fanan son geli\u015fmelerde taraf olan baz\u0131 sanat\u00e7\u0131 dostlar\u0131m\u0131z; Say\u0131n Kemal K\u0131l\u0131\u00e7daro\u011flu ve destek\u00e7ilerinin, kendi eserlerini kullanmamas\u0131 i\u00e7in medya ve sosyal medya \u00fczerinden uyar\u0131larda bulunmu\u015flard\u0131r. Sanat\u00e7\u0131lar\u0131n, 5846 say\u0131l\u0131 Fikir ve Sanat Eserleri Kanunu (FSEK) kapsam\u0131ndaki yasal haklar\u0131 do\u011frultusunda buna elbette yetkileri vard\u0131r. Ancak burada sormam\u0131z gereken as\u0131l soru \u015fudur: Acaba insani ve vicdani olarak buna haklar\u0131 var m\u0131d\u0131r? \u0130nsanl\u0131k ad\u0131na bu soruya bizim do\u011frudan bir yan\u0131t vermemiz do\u011fru olmaz, ancak sormadan da edemiyoruz:<\/p>\n\n\n\n<h3 class=\"wp-block-heading\">&#8220;D\u00dcN KAHRAMAN \u0130LAN ETT\u0130\u011e\u0130N\u0130Z\u0130 BUG\u00dcN HA\u0130N \u0130LAN ED\u0130YORSUNUZ&#8221;<\/h3>\n\n\n\n<p class=\"wp-block-paragraph\">\u0130nsana sormazlar m\u0131?&nbsp;Hen\u00fcz yarg\u0131 s\u00fcreci devam ederken ve kesinle\u015fmi\u015f bir mahkeme karar\u0131 yokken, kimin hakl\u0131 kimin haks\u0131z oldu\u011fu hen\u00fcz kan\u0131tlanmam\u0131\u015fken; siz bir insan\u0131 &#8220;hain&#8221; ilan etme h\u00fckm\u00fcn\u00fc nas\u0131l ve hangi vicdanla verebiliyorsunuz? Mahkeme zab\u0131tlar\u0131na bile bakmadan, yaln\u0131zca birka\u00e7 televizyon kanal\u0131 ile y\u00fcksek takip\u00e7ili sosyal medya fenomeninin yaz\u0131 ve videolar\u0131na dayanarak m\u0131 bir taraf\u0131 hain, di\u011fer taraf\u0131 kahraman ilan edebiliyorsunuz?<\/p>\n\n\n\n<p class=\"wp-block-paragraph\">Alg\u0131 e\u015fi\u011finin en y\u00fcksek olmas\u0131 gereken sanat camias\u0131nda bile ne yaz\u0131k ki alg\u0131lar, olgular\u0131n \u00f6n\u00fcne ge\u00e7mi\u015f durumdad\u0131r.&nbsp;D\u00fcn ad\u0131na \u015fark\u0131lar yazd\u0131\u011f\u0131n\u0131z, besteler yapt\u0131\u011f\u0131n\u0131z ve \u00f6vg\u00fcler d\u00fczerek kahraman ilan etti\u011finiz bir insan\u0131; bug\u00fcn belirli gruplar taraf\u0131ndan hain ilan edilip lin\u00e7 edilirken, sizler bu lin\u00e7e nas\u0131l ortak olabiliyorsunuz? Elinizde hangi belge, bilgi ve dok\u00fcman var? Neye dayanarak bu lin\u00e7e kat\u0131l\u0131yorsunuz?<\/p>\n\n\n\n<h3 class=\"wp-block-heading\">&#8220;KILI\u00c7DARO\u011eLU&#8217;NA D\u0130LED\u0130\u011e\u0130 ESER\u0130M\u0130Z\u0130 KULLANMA YETK\u0130S\u0130N\u0130 VER\u0130YORUZ&#8221;<\/h3>\n\n\n\n<p class=\"wp-block-paragraph\">\u015eunu a\u00e7\u0131k\u00e7a sormak gerekir. E\u011fer bug\u00fcn belediyeler ve o belediyelerin imkanlar\u0131 Say\u0131n Kemal K\u0131l\u0131\u00e7daro\u011flu&#8217;nun elinde olsayd\u0131, bug\u00fcn ka\u00e7\u0131n\u0131z &#8220;Eserlerimizi kullanmay\u0131n!&#8221; diyebilecekti? C\u00fczdan ile vicdan aras\u0131na s\u0131k\u0131\u015fmak zor i\u015ftir!<\/p>\n\n\n\n<p class=\"wp-block-paragraph\">Bu Yasaklamaya Kar\u015f\u0131 \u00c7\u0131k\u0131yoruz! &#8216;Bizler; a\u015fa\u011f\u0131da imzas\u0131 bulunan, yay\u0131nlanm\u0131\u015f binlerce eserin sahibi, dijital mecralarda milyarlar\u0131 bulan izlenme oranlar\u0131na sahip eserlerin yarat\u0131c\u0131lar\u0131, yorumcular\u0131 ve yap\u0131mc\u0131lar\u0131 olarak; Say\u0131n Kemal K\u0131l\u0131\u00e7daro\u011flu&#8217;na diledi\u011fi eserimizi kullanma yetkisini veriyor ve kendisinin yan\u0131nda oldu\u011fumuzu a\u00e7\u0131k\u00e7a beyan ediyoruz.&#8217;&nbsp;deyip, Immanuel Kant&#8217;\u0131n \u015fu s\u00f6zlerini t\u00fcm sanat\u00e7\u0131 dostlar\u0131m\u0131za ve kamuoyuna ithaf ederek noktalamak isteriz: &#8220;Beni en \u00e7ok etkileyen iki \u015fey var: \u00dczerimdeki y\u0131ld\u0131zl\u0131 g\u00f6ky\u00fcz\u00fc ve i\u00e7imdeki ahlak yasas\u0131.&#8221;<\/p>\n\n\n\n<p class=\"wp-block-paragraph\">A\u015fa\u011f\u0131da imzas\u0131 bulunan bizler, kendi h\u00fcr irademiz ve inisiyatifimizle bu ortak metni haz\u0131rlad\u0131k. Metni onaylayan ve bizlere destek vermek isteyen t\u00fcm sanat\u00e7\u0131 dostlar\u0131m\u0131z, bu bildiriyi payla\u015farak aram\u0131za kat\u0131labilirler.<\/p>\n\n\n\n<p class=\"wp-block-paragraph\"><strong>Destek verenler:<\/strong><\/p>\n\n\n\n<ul class=\"wp-block-list\">\n<li>Rahmi Saltuk<\/li>\n\n\n\n<li>Metin Karata\u015f<\/li>\n\n\n\n<li>Taner \u00d6zdemir<\/li>\n\n\n\n<li>Fevzi Kurtulu\u015f<\/li>\n\n\n\n<li>Mehmet \u00d6zcan<\/li>\n\n\n\n<li>H\u00fcseyin Aslan<\/li>\n\n\n\n<li>A\u015f\u0131k M\u00fcseip Temuro\u011flu<\/li>\n\n\n\n<li>Taylan Cans\u0131zo\u011flu<\/li>\n\n\n\n<li>Y\u00fcksel Didiko\u011flu<\/li>\n\n\n\n<li>Dilber Do\u011fan<\/li>\n\n\n\n<li>Nurettin \u00d6zcan<\/li>\n\n\n\n<li>Nurettin G\u00fcle\u00e7<\/li>\n\n\n\n<li>G\u00fclsen B\u00fct\u00fcn<\/li>\n\n\n\n<li>Erdin\u00e7 Buru\u00e7<\/li>\n\n\n\n<li>Kenan Ulusu<\/li>\n\n\n\n<li>A\u015f\u0131k Yorguni<\/li>\n\n\n\n<li>Alaku\u015f M\u00fczik<\/li>\n\n\n\n<li>Ema M\u00fczik<\/li>\n<\/ul>\n\n\n\n<p class=\"wp-block-paragraph\">Bu liste yakla\u015f\u0131k 30 ki\u015fiyle g\u00f6r\u00fc\u015f\u00fcl\u00fcp ve onay\u0131 al\u0131nan dostlar\u0131m\u0131zdan olu\u015fturulmu\u015ftur. G\u00f6r\u00fc\u015ft\u00fc\u011f\u00fcm\u00fcz di\u011fer arkada\u015flar\u0131m\u0131z bizimle birlikte olduklar\u0131n\u0131 ama \u00f6n\u00fcm\u00fczdeki g\u00fcnlerde yap\u0131lacak belediye etkinliklerinde yer ald\u0131klar\u0131ndan dolay\u0131 listede onlara yer verilmemi\u015ftir.&#8221;<\/p>\n\n\n\n<figure class=\"wp-block-image\"><img decoding=\"async\" src=\"https:\/\/foto.sondakika.com\/haber\/2026\/06\/16\/bir-grup-sanatcidan-kilicdarog-19952477-2399_1_m.jpg\" alt=\"Bir grup sanat\u00e7\u0131dan K\u0131l\u0131\u00e7daro\u011flu'na destek a\u00e7\u0131klamas\u0131\"\/><\/figure>\n","protected":false},"excerpt":{"rendered":"<p>Mahkemenin mutlak butlan karar\u0131yla CHP Genel Ba\u015fkanl\u0131\u011f\u0131 g\u00f6revine geri d\u00f6nmesiyle bir\u00e7ok sanat\u00e7\u0131n\u0131n \u015fark\u0131lar\u0131n\u0131 kullanmas\u0131n\u0131 yasaklad\u0131\u011f\u0131<\/p>\n","protected":false},"author":1,"featured_media":3207,"comment_status":"open","ping_status":"open","sticky":false,"template":"","format":"standard","meta":{"_rtcl_gb_attr":"","footnotes":""},"categories":[1],"tags":[],"class_list":["post-3206","post","type-post","status-publish","format-standard","has-post-thumbnail","hentry","category-http-turkiyemhaber-com-wp-content-uploads-2026-03-saray-59-haber-13-mart-pdf"],"_links":{"self":[{"href":"https:\/\/turkiyemhaber.com\/index.php?rest_route=\/wp\/v2\/posts\/3206","targetHints":{"allow":["GET"]}}],"collection":[{"href":"https:\/\/turkiyemhaber.com\/index.php?rest_route=\/wp\/v2\/posts"}],"about":[{"href":"https:\/\/turkiyemhaber.com\/index.php?rest_route=\/wp\/v2\/types\/post"}],"author":[{"embeddable":true,"href":"https:\/\/turkiyemhaber.com\/index.php?rest_route=\/wp\/v2\/users\/1"}],"replies":[{"embeddable":true,"href":"https:\/\/turkiyemhaber.com\/index.php?rest_route=%2Fwp%2Fv2%2Fcomments&post=3206"}],"version-history":[{"count":1,"href":"https:\/\/turkiyemhaber.com\/index.php?rest_route=\/wp\/v2\/posts\/3206\/revisions"}],"predecessor-version":[{"id":3208,"href":"https:\/\/turkiyemhaber.com\/index.php?rest_route=\/wp\/v2\/posts\/3206\/revisions\/3208"}],"wp:featuredmedia":[{"embeddable":true,"href":"https:\/\/turkiyemhaber.com\/index.php?rest_route=\/wp\/v2\/media\/3207"}],"wp:attachment":[{"href":"https:\/\/turkiyemhaber.com\/index.php?rest_route=%2Fwp%2Fv2%2Fmedia&parent=3206"}],"wp:term":[{"taxonomy":"category","embeddable":true,"href":"https:\/\/turkiyemhaber.com\/index.php?rest_route=%2Fwp%2Fv2%2Fcategories&post=3206"},{"taxonomy":"post_tag","embeddable":true,"href":"https:\/\/turkiyemhaber.com\/index.php?rest_route=%2Fwp%2Fv2%2Ftags&post=3206"}],"curies":[{"name":"wp","href":"https:\/\/api.w.org\/{rel}","templated":true}]}}