{"id":3203,"date":"2026-06-15T23:02:56","date_gmt":"2026-06-15T23:02:56","guid":{"rendered":"https:\/\/turkiyemhaber.com\/?p=3203"},"modified":"2026-06-15T23:02:59","modified_gmt":"2026-06-15T23:02:59","slug":"cezaevi-onunde-2-kisiyi-yaralayip-otomobil-gasbeden-suphelilerin-yakalanma-ani-kamerada","status":"publish","type":"post","link":"https:\/\/turkiyemhaber.com\/?p=3203","title":{"rendered":"Cezaevi \u00f6n\u00fcnde 2 ki\u015fiyi yaralay\u0131p otomobil gasbeden \u015f\u00fcphelilerin yakalanma an\u0131 kamerada"},"content":{"rendered":"\n<p class=\"wp-block-paragraph\">Osmaniye&#8217;nin Toprakkale il\u00e7esinde cezaevi \u00f6n\u00fcnde husumetli olduklar\u0131 ki\u015filere uzun namlulu silahlarla ate\u015f a\u00e7arak 2 ki\u015fiyi yaralayan, ard\u0131ndan gasp ettikleri otomobille ka\u00e7an 3 \u015f\u00fcphelinin polis taraf\u0131ndan yakalanma anlar\u0131 Kent G\u00fcvenlik Y\u00f6netim Sistemi kameralar\u0131na yans\u0131d\u0131. Olayla ilgili y\u00fcr\u00fct\u00fclen soru\u015fturmada g\u00f6zalt\u0131na al\u0131nan 19 \u015f\u00fcpheliden 6&#8217;s\u0131 tutukland\u0131.<\/p>\n\n\n\n<p class=\"wp-block-paragraph\"><a href=\"https:\/\/www.sondakika.com\/osmaniye\/\">Osmaniye<\/a>&#8216;nin&nbsp;<a href=\"https:\/\/www.sondakika.com\/toprakkale\/\">Toprakkale<\/a>&nbsp;il\u00e7esinde cezaevi \u00f6n\u00fcnde husumetli ki\u015filere uzun namlulu silahlarla ate\u015f a\u00e7\u0131p 2 ki\u015fiyi yaralayan, ard\u0131ndan gasp ettikleri ara\u00e7la ka\u00e7an 3 \u015f\u00fcpheli, polis kovalamacas\u0131 sonucu yakaland\u0131. Olayla ilgili 6 ki\u015fi tutukland\u0131.<\/p>\n\n\n\n<h3 class=\"wp-block-heading\">CEZAEV\u0130 \u00d6N\u00dcNDE KUR\u015eUN YA\u011eDIRDILAR<\/h3>\n\n\n\n<p class=\"wp-block-paragraph\">Olay, 11 Haziran g\u00fcn\u00fc saat 11.45 s\u0131ralar\u0131nda Toprakkale il\u00e7esinde bulunan Kapal\u0131 Ceza \u0130nfaz Kurumu \u00f6n\u00fcnde meydana geldi. \u0130ddiaya g\u00f6re, aralar\u0131nda husumet bulunan bir ki\u015finin izinli olarak cezaevinden \u00e7\u0131kaca\u011f\u0131n\u0131 \u00f6\u011frenen F.A. (25), A.Y. (33) ve G.E. (32), Adana&#8217;n\u0131n Ceyhan il\u00e7esinden Osmaniye&#8217;ye geldi. 3 \u015f\u00fcpheli cezaevi \u00f6n\u00fcnde kar\u015f\u0131la\u015ft\u0131klar\u0131 Y.\u015e. (34), M.R.K. (22) ve A.G.&#8217;ye (32) uzun namlulu silahlarla ate\u015f a\u00e7t\u0131. Sald\u0131r\u0131da yaralanan M.R.K. ve A.G., ihbar \u00fczerine gelen sa\u011fl\u0131k ekipleri taraf\u0131ndan Osmaniye E\u011fitim ve Ara\u015ft\u0131rma Hastanesi&#8217;ne kald\u0131r\u0131ld\u0131. Tedavileri tamamlanan yaral\u0131lar daha sonra taburcu edildi.<\/p>\n\n\n\n<h3 class=\"wp-block-heading\">NEFES KESEN OPERASYON KAMERADA<\/h3>\n\n\n\n<p class=\"wp-block-paragraph\">Sald\u0131r\u0131n\u0131n ard\u0131ndan ka\u00e7an \u015f\u00fcphelilerin kulland\u0131klar\u0131 otomobilin kaza yapt\u0131\u011f\u0131, bunun \u00fczerine ba\u015fka bir arac\u0131 gasbederek olay yerinden uzakla\u015ft\u0131klar\u0131 belirlendi. \u00c7al\u0131\u015fma ba\u015flatan \u0130l Emniyet M\u00fcd\u00fcrl\u00fc\u011f\u00fc Asayi\u015f \u015eube M\u00fcd\u00fcrl\u00fc\u011f\u00fc ekipleri, takip ve kovalamaca sonucu \u015f\u00fcphelileri Osmaniye kent merkezine giri\u015fte bulunan Kara\u00e7ay Deresi K\u00f6pr\u00fcs\u00fc \u00fczerinde yakalad\u0131. Yakalanma anlar\u0131 ise KGYS kameralar\u0131nca an be an kaydedildi.<\/p>\n\n\n\n<figure class=\"wp-block-image\"><img decoding=\"async\" src=\"https:\/\/foto.sondakika.com\/haber\/2026\/06\/15\/cezaevi-onunde-2-kisiyi-yarala-19952488-9033_1_m.jpg\" alt=\"&lt;a class='keyword-sd' href='\/cezaevi\/' title='Cezaevi'&gt;Cezaevi&lt;\/a&gt; \u00f6n\u00fcnde 2 ki\u015fiyi yaralay\u0131p otomobil gasbeden \u015f\u00fcphelilerin yakalanma an\u0131 kamerada\"\/><\/figure>\n\n\n\n<h3 class=\"wp-block-heading\">ARA\u00c7TAN CEPHANEL\u0130K \u00c7IKTI<\/h3>\n\n\n\n<p class=\"wp-block-paragraph\">\u015e\u00fcphelilerin bulundu\u011fu ara\u00e7ta yap\u0131lan aramada 2 yar\u0131 otomatik av t\u00fcfe\u011fi, 1 AK-47 kala\u015fnikof t\u00fcfek, 3 tabanca, 12 av t\u00fcfe\u011fi fi\u015fe\u011fi, 11 adet 9&#215;19 milimetre tabanca fi\u015fe\u011fi ile 21 adet 7.65 milimetre tabanca fi\u015fe\u011fi ele ge\u00e7irildi.<\/p>\n\n\n\n<figure class=\"wp-block-image\"><img decoding=\"async\" src=\"https:\/\/foto.sondakika.com\/haber\/2026\/06\/15\/cezaevi-onunde-2-kisiyi-yarala-19952488-4074_1_m.jpg\" alt=\"Cezaevi \u00f6n\u00fcnde 2 ki\u015fiyi yaralay\u0131p otomobil gasbeden \u015f\u00fcphelilerin yakalanma an\u0131 kamerada\"\/><\/figure>\n\n\n\n<h3 class=\"wp-block-heading\">6 K\u0130\u015e\u0130 TUTUKLANDI<\/h3>\n\n\n\n<p class=\"wp-block-paragraph\">\u0130l Emniyet M\u00fcd\u00fcrl\u00fc\u011f\u00fc ve Jandarma ekiplerince y\u00fcr\u00fct\u00fclen soru\u015fturmada 3 \u015f\u00fcphelinin ifadeleri do\u011frultusunda &#8216;Kasten \u00f6ld\u00fcrmeye te\u015febb\u00fcs&#8217;, &#8216;Silahla ya\u011fma&#8217;, &#8216;6136 Say\u0131l\u0131 Kanuna Muhalefet&#8217; ve &#8216;Genel g\u00fcvenli\u011fin kasten tehlikeye sokulmas\u0131&#8217; su\u00e7lar\u0131ndan 16 ki\u015fi daha g\u00f6zalt\u0131na al\u0131nd\u0131. \u015e\u00fcphelilerden 10&#8217;u ifadelerinin al\u0131nmas\u0131n\u0131n ard\u0131ndan serbest b\u0131rak\u0131l\u0131rken, adliyeye sevk edilen 9 \u015f\u00fcpheliden 6&#8217;s\u0131 tutukland\u0131, 3&#8217;\u00fc ise adli kontrol \u015fart\u0131yla serbest b\u0131rak\u0131ld\u0131.<\/p>\n","protected":false},"excerpt":{"rendered":"<p>Osmaniye&#8217;nin Toprakkale il\u00e7esinde cezaevi \u00f6n\u00fcnde husumetli olduklar\u0131 ki\u015filere uzun namlulu silahlarla ate\u015f a\u00e7arak 2 ki\u015fiyi<\/p>\n","protected":false},"author":1,"featured_media":3204,"comment_status":"open","ping_status":"open","sticky":false,"template":"","format":"standard","meta":{"_rtcl_gb_attr":"","footnotes":""},"categories":[1],"tags":[],"class_list":["post-3203","post","type-post","status-publish","format-standard","has-post-thumbnail","hentry","category-http-turkiyemhaber-com-wp-content-uploads-2026-03-saray-59-haber-13-mart-pdf"],"_links":{"self":[{"href":"https:\/\/turkiyemhaber.com\/index.php?rest_route=\/wp\/v2\/posts\/3203","targetHints":{"allow":["GET"]}}],"collection":[{"href":"https:\/\/turkiyemhaber.com\/index.php?rest_route=\/wp\/v2\/posts"}],"about":[{"href":"https:\/\/turkiyemhaber.com\/index.php?rest_route=\/wp\/v2\/types\/post"}],"author":[{"embeddable":true,"href":"https:\/\/turkiyemhaber.com\/index.php?rest_route=\/wp\/v2\/users\/1"}],"replies":[{"embeddable":true,"href":"https:\/\/turkiyemhaber.com\/index.php?rest_route=%2Fwp%2Fv2%2Fcomments&post=3203"}],"version-history":[{"count":1,"href":"https:\/\/turkiyemhaber.com\/index.php?rest_route=\/wp\/v2\/posts\/3203\/revisions"}],"predecessor-version":[{"id":3205,"href":"https:\/\/turkiyemhaber.com\/index.php?rest_route=\/wp\/v2\/posts\/3203\/revisions\/3205"}],"wp:featuredmedia":[{"embeddable":true,"href":"https:\/\/turkiyemhaber.com\/index.php?rest_route=\/wp\/v2\/media\/3204"}],"wp:attachment":[{"href":"https:\/\/turkiyemhaber.com\/index.php?rest_route=%2Fwp%2Fv2%2Fmedia&parent=3203"}],"wp:term":[{"taxonomy":"category","embeddable":true,"href":"https:\/\/turkiyemhaber.com\/index.php?rest_route=%2Fwp%2Fv2%2Fcategories&post=3203"},{"taxonomy":"post_tag","embeddable":true,"href":"https:\/\/turkiyemhaber.com\/index.php?rest_route=%2Fwp%2Fv2%2Ftags&post=3203"}],"curies":[{"name":"wp","href":"https:\/\/api.w.org\/{rel}","templated":true}]}}