{"id":3200,"date":"2026-06-15T22:59:42","date_gmt":"2026-06-15T22:59:42","guid":{"rendered":"https:\/\/turkiyemhaber.com\/?p=3200"},"modified":"2026-06-15T22:59:45","modified_gmt":"2026-06-15T22:59:45","slug":"hayatini-kaybeden-oyuncu-ece-irtemin-son-goruntuleri-ortaya-cikti","status":"publish","type":"post","link":"https:\/\/turkiyemhaber.com\/?p=3200","title":{"rendered":"Hayat\u0131n\u0131 kaybeden oyuncu Ece \u0130rtem&#8217;in son g\u00f6r\u00fcnt\u00fcleri ortaya \u00e7\u0131kt\u0131"},"content":{"rendered":"\n<p class=\"wp-block-paragraph\">\u0130stanbul Kad\u0131k\u00f6y&#8217;deki evinde ge\u00e7irdi\u011fi kalp krizi sonucu hayat\u0131n\u0131 kaybeden oyuncu Ece \u0130rtem&#8217;in son g\u00f6r\u00fcnt\u00fcleri ortaya \u00e7\u0131kt\u0131. G\u00fcvenlik kameralar\u0131na yans\u0131yan g\u00f6r\u00fcnt\u00fclerde, oyuncunun annesiyle birlikte bir restoranda vakit ge\u00e7irdi\u011fi ve daha sonra ya\u015fad\u0131\u011f\u0131 apartmana giri\u015f yapt\u0131\u011f\u0131 anlar yer ald\u0131. \u00d6te yandan \u0130rtem&#8217;in binaya giri\u015fi s\u0131ras\u0131nda annesinin koluna girdi\u011fi de g\u00f6r\u00fcld\u00fc.<\/p>\n\n\n\n<p class=\"wp-block-paragraph\">\u00dcnl\u00fc oyuncu Ece \u0130rtem,&nbsp;<a href=\"https:\/\/www.sondakika.com\/kadikoy\/\">Kad\u0131k\u00f6y<\/a>&#8216;deki evinde ge\u00e7irdi\u011fi kalp krizi sonucu hayat\u0131n\u0131 kaybetti.<\/p>\n\n\n\n<h3 class=\"wp-block-heading\">KES\u0130N SONU\u00c7 OTOPS\u0130 RAPORU \u0130LE A\u00c7IKLI\u011eA KAVU\u015eACAK<\/h3>\n\n\n\n<p class=\"wp-block-paragraph\">Oyuncunun ba\u011fl\u0131 bulundu\u011fu menajerlik \u015firketinin sanal medya hesab\u0131ndan \u0130rtem&#8217;in avukat\u0131 U\u011fur G\u00f6kkoyun&#8217;un a\u00e7\u0131klamas\u0131na yer verildi.<\/p>\n\n\n\n<p class=\"wp-block-paragraph\">A\u00e7\u0131klamada, &#8220;M\u00fcvekkilim Ece \u0130rtem bug\u00fcn saat 12.00 s\u0131ralar\u0131nda vefat etmi\u015ftir. Olay kendi evinde annesi ile birlikte oldu\u011fu s\u0131rada ger\u00e7ekle\u015fmi\u015ftir. \u0130lk belirlemelere g\u00f6re kalp krizinden dolay\u0131 vefat etti\u011fini d\u00fc\u015f\u00fcnmekteyiz. Soru\u015fturma devam etmektedir. Kesin sonu\u00e7 otopsi raporu ile a\u00e7\u0131kl\u0131\u011fa kavu\u015facakt\u0131r. Otopsi raporu a\u00e7\u0131kland\u0131\u011f\u0131nda kamuoyuna ayr\u0131ca bilgi verilecektir. Ailesine ve t\u00fcm sevenlerine ba\u015f sa\u011fl\u0131\u011f\u0131 dileklerimi sunuyorum.&#8221; ifadeleri kullan\u0131ld\u0131.<\/p>\n\n\n\n<figure class=\"wp-block-image\"><img decoding=\"async\" src=\"https:\/\/foto.sondakika.com\/haber\/2026\/06\/15\/oyuncu-ece-irtemin-son-goruntu-19952583-2969_1_m.jpg\" alt=\"Hayat\u0131n\u0131 kaybeden oyuncu Ece \u0130rtem'in son g\u00f6r\u00fcnt\u00fcleri ortaya \u00e7\u0131kt\u0131\"\/><\/figure>\n\n\n\n<h3 class=\"wp-block-heading\">SON G\u00d6R\u00dcNT\u00dcLER\u0130 ORTAYA \u00c7IKTI<\/h3>\n\n\n\n<p class=\"wp-block-paragraph\">G\u00fcvenlik kameras\u0131na yans\u0131yan g\u00f6r\u00fcnt\u00fclerde, Ece \u0130rtem&#8217;in annesi ile restorana girip oturdu\u011fu, ard\u0131ndan bir arkada\u015f\u0131yla olan g\u00f6r\u00fcnt\u00fcleri kaydedildi.<\/p>\n\n\n\n<figure class=\"wp-block-image\"><img decoding=\"async\" src=\"https:\/\/foto.sondakika.com\/haber\/2026\/06\/15\/oyuncu-ece-irtemin-son-goruntu-19952583-4040_1_m.jpg\" alt=\"Hayat\u0131n\u0131 kaybeden oyuncu Ece \u0130rtem'in son g\u00f6r\u00fcnt\u00fcleri ortaya \u00e7\u0131kt\u0131\"\/><\/figure>\n\n\n\n<p class=\"wp-block-paragraph\">\u0130rtem&#8217;in ya\u015fad\u0131\u011f\u0131 evin g\u00fcvenlik kameras\u0131 g\u00f6r\u00fcnt\u00fclerinde ise annesiyle beraber binaya giri\u015f yapt\u0131\u011f\u0131 anlar yer ald\u0131. \u00d6te yandan g\u00f6r\u00fcnt\u00fclerde Ece \u0130rtem&#8217;in binaya girerken annesinin koluna girdi\u011fi g\u00f6r\u00fcld\u00fc.<\/p>\n\n\n\n<figure class=\"wp-block-image\"><img decoding=\"async\" src=\"https:\/\/foto.sondakika.com\/haber\/2026\/06\/15\/oyuncu-ece-irtemin-son-goruntu-19952583-8453_1_m.jpg\" alt=\"Hayat\u0131n\u0131 kaybeden oyuncu Ece \u0130rtem'in son g\u00f6r\u00fcnt\u00fcleri ortaya \u00e7\u0131kt\u0131\"\/><\/figure>\n\n\n\n<h3 class=\"wp-block-heading\">DO\u011eUM G\u00dcN\u00dcN\u00dc KUTLADI<\/h3>\n\n\n\n<p class=\"wp-block-paragraph\">14 Haziran do\u011fumlu oldu\u011fu \u00f6\u011frenilen oyuncunun d\u00fcn do\u011fum g\u00fcn\u00fcn\u00fc kutlad\u0131\u011f\u0131 biliniyor.<\/p>\n","protected":false},"excerpt":{"rendered":"<p>\u0130stanbul Kad\u0131k\u00f6y&#8217;deki evinde ge\u00e7irdi\u011fi kalp krizi sonucu hayat\u0131n\u0131 kaybeden oyuncu Ece \u0130rtem&#8217;in son g\u00f6r\u00fcnt\u00fcleri ortaya<\/p>\n","protected":false},"author":1,"featured_media":3201,"comment_status":"open","ping_status":"open","sticky":false,"template":"","format":"standard","meta":{"_rtcl_gb_attr":"","footnotes":""},"categories":[1],"tags":[],"class_list":["post-3200","post","type-post","status-publish","format-standard","has-post-thumbnail","hentry","category-http-turkiyemhaber-com-wp-content-uploads-2026-03-saray-59-haber-13-mart-pdf"],"_links":{"self":[{"href":"https:\/\/turkiyemhaber.com\/index.php?rest_route=\/wp\/v2\/posts\/3200","targetHints":{"allow":["GET"]}}],"collection":[{"href":"https:\/\/turkiyemhaber.com\/index.php?rest_route=\/wp\/v2\/posts"}],"about":[{"href":"https:\/\/turkiyemhaber.com\/index.php?rest_route=\/wp\/v2\/types\/post"}],"author":[{"embeddable":true,"href":"https:\/\/turkiyemhaber.com\/index.php?rest_route=\/wp\/v2\/users\/1"}],"replies":[{"embeddable":true,"href":"https:\/\/turkiyemhaber.com\/index.php?rest_route=%2Fwp%2Fv2%2Fcomments&post=3200"}],"version-history":[{"count":1,"href":"https:\/\/turkiyemhaber.com\/index.php?rest_route=\/wp\/v2\/posts\/3200\/revisions"}],"predecessor-version":[{"id":3202,"href":"https:\/\/turkiyemhaber.com\/index.php?rest_route=\/wp\/v2\/posts\/3200\/revisions\/3202"}],"wp:featuredmedia":[{"embeddable":true,"href":"https:\/\/turkiyemhaber.com\/index.php?rest_route=\/wp\/v2\/media\/3201"}],"wp:attachment":[{"href":"https:\/\/turkiyemhaber.com\/index.php?rest_route=%2Fwp%2Fv2%2Fmedia&parent=3200"}],"wp:term":[{"taxonomy":"category","embeddable":true,"href":"https:\/\/turkiyemhaber.com\/index.php?rest_route=%2Fwp%2Fv2%2Fcategories&post=3200"},{"taxonomy":"post_tag","embeddable":true,"href":"https:\/\/turkiyemhaber.com\/index.php?rest_route=%2Fwp%2Fv2%2Ftags&post=3200"}],"curies":[{"name":"wp","href":"https:\/\/api.w.org\/{rel}","templated":true}]}}