{"id":3195,"date":"2026-06-14T13:20:29","date_gmt":"2026-06-14T13:20:29","guid":{"rendered":"https:\/\/turkiyemhaber.com\/?p=3195"},"modified":"2026-06-14T13:20:32","modified_gmt":"2026-06-14T13:20:32","slug":"kendisine-tuhaf-sorular-soran-adami-paylasti-bir-kadina-plajda-nasil-yaklasilmaz","status":"publish","type":"post","link":"https:\/\/turkiyemhaber.com\/?p=3195","title":{"rendered":"Kendisine tuhaf sorular soran adam\u0131 payla\u015ft\u0131: Bir kad\u0131na plajda nas\u0131l yakla\u015f\u0131lmaz?"},"content":{"rendered":"\n<p class=\"wp-block-paragraph\">Bodrum&#8217;da plajda vakit ge\u00e7iren bir kad\u0131n, yan\u0131na gelen bir erke\u011fin y\u00f6neltti\u011fi ki\u015fisel sorular nedeniyle ya\u015fad\u0131\u011f\u0131 rahats\u0131zl\u0131\u011f\u0131 kayda alarak payla\u015ft\u0131. G\u00f6r\u00fcnt\u00fcleri &#8220;Bir kad\u0131na plajda nas\u0131l yakla\u015f\u0131lmaz?&#8221; notuyla yay\u0131mlayan kad\u0131n, plajda ya\u015fanan diyalo\u011fu takip\u00e7ileriyle payla\u015ft\u0131. Video, ki\u015fisel s\u0131n\u0131rlar ve ileti\u015fim bi\u00e7imleri \u00fczerine tart\u0131\u015fma yaratt\u0131.<\/p>\n\n\n\n<p class=\"wp-block-paragraph\"><a href=\"https:\/\/www.sondakika.com\/bodrum\/\">Bodrum<\/a>&#8216;da plajda vakit ge\u00e7iren bir kad\u0131n, yan\u0131na gelen bir erke\u011fin sordu\u011fu sorular nedeniyle ya\u015fad\u0131\u011f\u0131 rahats\u0131zl\u0131\u011f\u0131 sosyal medyada payla\u015ft\u0131. G\u00f6r\u00fcnt\u00fcler k\u0131sa s\u00fcrede ilgi g\u00f6r\u00fcrken, kad\u0131n ya\u015fananlar\u0131 &#8220;Bir kad\u0131na plajda nas\u0131l yakla\u015f\u0131lmaz?&#8221; notuyla anlatt\u0131.<\/p>\n\n\n\n<h3 class=\"wp-block-heading\">PLAJDAK\u0130 D\u0130YALO\u011eU KAYDA ALDI<\/h3>\n\n\n\n<p class=\"wp-block-paragraph\">Bodrum&#8217;da plajda oturup yemek yiyen bir kad\u0131n, yan\u0131na yakla\u015fan bir erkekle aras\u0131nda ge\u00e7en diyalo\u011fu cep telefonu kameras\u0131yla kaydetti. Videoda erke\u011fin pe\u015f pe\u015fe ki\u015fisel sorular y\u00f6neltti\u011fi, kad\u0131n\u0131n ise k\u0131sa yan\u0131tlar verdi\u011fi g\u00f6r\u00fcl\u00fcyor.<\/p>\n\n\n\n<h3 class=\"wp-block-heading\">&#8220;B\u0130R KADINA PLAJDA NASIL YAKLA\u015eILMAZ?&#8221;<\/h3>\n\n\n\n<p class=\"wp-block-paragraph\">G\u00f6r\u00fcnt\u00fcleri payla\u015fan kad\u0131n, videoya &#8220;Kad\u0131n olmak zor. Plajda yemek yerken bak\u0131n neler sorulmaz&#8221; ve &#8220;Bir kad\u0131na plajda nas\u0131l yakla\u015f\u0131lmaz?&#8221; notlar\u0131n\u0131 ekledi.<\/p>\n\n\n\n<p class=\"wp-block-paragraph\">Videoda kad\u0131n\u0131n, kendisine y\u00f6neltilen sorular kar\u015f\u0131s\u0131nda rahats\u0131zl\u0131k duydu\u011fu ve sohbeti s\u00fcrd\u00fcrmek istemedi\u011fi izlenimi olu\u015fuyor.<\/p>\n\n\n\n<h3 class=\"wp-block-heading\">G\u00d6R\u00dcNT\u00dcLER D\u0130KKAT \u00c7EKT\u0130<\/h3>\n\n\n\n<p class=\"wp-block-paragraph\">Yakla\u015f\u0131k iki dakikal\u0131k videoda plajda ya\u015fanan diyalog yer al\u0131rken, g\u00f6r\u00fcnt\u00fcler k\u0131sa s\u00fcrede \u00e7ok say\u0131da ki\u015fi taraf\u0131ndan izlendi. Payla\u015f\u0131m, kamusal alanlarda tan\u0131mad\u0131\u011f\u0131 ki\u015filere yakla\u015f\u0131m bi\u00e7imleri ve ki\u015fisel s\u0131n\u0131rlar konusundaki tart\u0131\u015fmalar\u0131 da yeniden g\u00fcndeme ta\u015f\u0131d\u0131.<\/p>\n","protected":false},"excerpt":{"rendered":"<p>Bodrum&#8217;da plajda vakit ge\u00e7iren bir kad\u0131n, yan\u0131na gelen bir erke\u011fin y\u00f6neltti\u011fi ki\u015fisel sorular nedeniyle ya\u015fad\u0131\u011f\u0131<\/p>\n","protected":false},"author":1,"featured_media":3196,"comment_status":"open","ping_status":"open","sticky":false,"template":"","format":"standard","meta":{"_rtcl_gb_attr":"","footnotes":""},"categories":[41],"tags":[],"class_list":["post-3195","post","type-post","status-publish","format-standard","has-post-thumbnail","hentry","category-magazin"],"_links":{"self":[{"href":"https:\/\/turkiyemhaber.com\/index.php?rest_route=\/wp\/v2\/posts\/3195","targetHints":{"allow":["GET"]}}],"collection":[{"href":"https:\/\/turkiyemhaber.com\/index.php?rest_route=\/wp\/v2\/posts"}],"about":[{"href":"https:\/\/turkiyemhaber.com\/index.php?rest_route=\/wp\/v2\/types\/post"}],"author":[{"embeddable":true,"href":"https:\/\/turkiyemhaber.com\/index.php?rest_route=\/wp\/v2\/users\/1"}],"replies":[{"embeddable":true,"href":"https:\/\/turkiyemhaber.com\/index.php?rest_route=%2Fwp%2Fv2%2Fcomments&post=3195"}],"version-history":[{"count":1,"href":"https:\/\/turkiyemhaber.com\/index.php?rest_route=\/wp\/v2\/posts\/3195\/revisions"}],"predecessor-version":[{"id":3197,"href":"https:\/\/turkiyemhaber.com\/index.php?rest_route=\/wp\/v2\/posts\/3195\/revisions\/3197"}],"wp:featuredmedia":[{"embeddable":true,"href":"https:\/\/turkiyemhaber.com\/index.php?rest_route=\/wp\/v2\/media\/3196"}],"wp:attachment":[{"href":"https:\/\/turkiyemhaber.com\/index.php?rest_route=%2Fwp%2Fv2%2Fmedia&parent=3195"}],"wp:term":[{"taxonomy":"category","embeddable":true,"href":"https:\/\/turkiyemhaber.com\/index.php?rest_route=%2Fwp%2Fv2%2Fcategories&post=3195"},{"taxonomy":"post_tag","embeddable":true,"href":"https:\/\/turkiyemhaber.com\/index.php?rest_route=%2Fwp%2Fv2%2Ftags&post=3195"}],"curies":[{"name":"wp","href":"https:\/\/api.w.org\/{rel}","templated":true}]}}