{"id":3192,"date":"2026-06-14T13:02:36","date_gmt":"2026-06-14T13:02:36","guid":{"rendered":"https:\/\/turkiyemhaber.com\/?p=3192"},"modified":"2026-06-14T13:02:40","modified_gmt":"2026-06-14T13:02:40","slug":"muharrem-ince-chp-bu-kaostan-tek-bir-yontemle-cikabilir","status":"publish","type":"post","link":"https:\/\/turkiyemhaber.com\/?p=3192","title":{"rendered":"Muharrem \u0130nce: CHP bu kaostan tek bir y\u00f6ntemle \u00e7\u0131kabilir"},"content":{"rendered":"\n<p class=\"wp-block-paragraph\">CHP\u2019de mahkemenin verdi\u011fi \u2018mutlak butlan\u2019 karar\u0131n\u0131n ard\u0131ndan ba\u015f g\u00f6steren liderlik krizi devam ederken, Muharrem \u0130nce\u2019den partisine y\u00f6nelik \u00e7arp\u0131c\u0131 bir \u00e7\u00f6z\u00fcm \u00f6nerisi geldi. \u0130nce, CHP&#8217;nin kaostan \u00e7\u0131kabilmesinin tek bir yolu oldu\u011funu ve genel ba\u015fkan\u0131n delegelerle de\u011fil do\u011frudan t\u00fcm \u00fcyelerin kat\u0131l\u0131m\u0131yla se\u00e7ilmesi gerekti\u011fini savundu.<\/p>\n\n\n\n<p class=\"wp-block-paragraph\">CHP&#8217;de mahkemeden \u00e7\u0131kan \u2018mutlak butlan\u2019 karar\u0131n\u0131n ard\u0131ndan ya\u015fanan liderlik krizi devam ederken Muharrem \u0130nce\u2019den tart\u0131\u015fmalara ili\u015fkin dikkat \u00e7eken bir de\u011ferlendirme geldi.<\/p>\n\n\n\n<h3 class=\"wp-block-heading\">&#8220;CHP BU KAOSTAN TEK B\u0130R Y\u00d6NTEMLE \u00c7IKAB\u0130L\u0130R\u201d<\/h3>\n\n\n\n<p class=\"wp-block-paragraph\">CHP\u2019nin kaostan tek bir y\u00f6ntemle \u00e7\u0131kabilece\u011fini savunan \u0130nce, genel ba\u015fkan\u0131n kurultay delegeleri ile de\u011fil, \u00fcyelerle se\u00e7ilmesi gerekti\u011fini s\u00f6yledi. \u0130nce, sosyal medya hesab\u0131ndan yapt\u011f\u0131 a\u00e7\u0131klamada, &#8220;CHP bu kaostan tek bir y\u00f6ntemle \u00e7\u0131kabilir. Kurultay delegeleri ile de\u011fil, \u00fcyelerle genel ba\u015fkan se\u00e7ilmelidir&#8221; ifadelerine yer verdi.<\/p>\n\n\n\n<figure class=\"wp-block-image\"><img decoding=\"async\" src=\"https:\/\/foto.sondakika.com\/haber\/2026\/06\/13\/muharrem-ince-chp-genel-baskan-19945720-6701_1_m.jpg\" alt=\"Muharrem \u0130nce: CHP bu kaostan tek bir y\u00f6ntemle \u00e7\u0131kabilir\"\/><\/figure>\n\n\n\n<h3 class=\"wp-block-heading\">CHP\u2019DEK\u0130 &#8216;MUTLAK BUTLAN&#8217; S\u00dcREC\u0130<\/h3>\n\n\n\n<p class=\"wp-block-paragraph\">CHP\u2019de \u00d6zg\u00fcr \u00d6zel\u2019in genel ba\u015fkan se\u00e7ildi\u011fi 4-5 Kas\u0131m 2023 tarihli 38. Ola\u011fan Kurultay\u2019a ili\u015fkin yarg\u0131 s\u00fcreci, kurultaydan k\u0131sa s\u00fcre sonra yap\u0131lan \u201cpara kar\u015f\u0131l\u0131\u011f\u0131 oy kulland\u0131r\u0131ld\u0131\u011f\u0131\u201d iddialar\u0131yla ba\u015flad\u0131.<\/p>\n\n\n\n<p class=\"wp-block-paragraph\">Bursa Cumhuriyet Ba\u015fsavc\u0131l\u0131\u011f\u0131, E.\u00c7.\u2019nin 19 Kas\u0131m 2023\u2019te yapt\u0131\u011f\u0131 ba\u015fvuru \u00fczerine yetkisizlik karar\u0131 vererek dosyay\u0131 22 Aral\u0131k 2023\u2019te Ankara Cumhuriyet Ba\u015fsavc\u0131l\u0131\u011f\u0131\u2019na g\u00f6nderdi. Ankara Cumhuriyet Ba\u015fsavc\u0131l\u0131\u011f\u0131 da Ocak 2024\u2019te, 2820 say\u0131l\u0131 Siyasi Partiler Kanunu\u2019nun 112. maddesinde d\u00fczenlenen \u201coylamaya hile kar\u0131\u015ft\u0131r\u0131lmas\u0131\u201d su\u00e7u y\u00f6n\u00fcnden soru\u015fturma ba\u015flatt\u0131.<\/p>\n\n\n\n<p class=\"wp-block-paragraph\">Eski Hatay B\u00fcy\u00fck\u015fehir Belediye Ba\u015fkan\u0131 L\u00fctf\u00fc Sava\u015f ile baz\u0131 eski kurultay delegeleri, kurultayda delege iradesinin \u201cpara, menfaat ve g\u00f6rev vaadiyle sakatland\u0131\u011f\u0131n\u0131\u201d ileri s\u00fcrerek 38. Ola\u011fan Kurultay\u2019\u0131n iptali ve kurultayda se\u00e7ilen parti organlar\u0131n\u0131n g\u00f6revden uzakla\u015ft\u0131r\u0131lmas\u0131 talebiyle asliye hukuk mahkemelerinde ayr\u0131 ayr\u0131 dava a\u00e7t\u0131. Bu iptal davalar\u0131 14 \u015eubat 2025\u2019te Ankara 42. Asliye Hukuk Mahkemesi\u2019ndeki dosyada birle\u015ftirildi; mahkeme ilk duru\u015fmay\u0131 17 Nisan 2025\u2019te g\u00f6rd\u00fc.<\/p>\n\n\n\n<p class=\"wp-block-paragraph\">S\u00fcrecin ceza boyutunda Ankara Cumhuriyet Ba\u015fsavc\u0131l\u0131\u011f\u0131, 3 Haziran 2025\u2019te soru\u015fturmay\u0131 tamamlayarak iddianame haz\u0131rlad\u0131. \u0130ddianamede eski CHP Genel Ba\u015fkan\u0131 Kemal K\u0131l\u0131\u00e7daro\u011flu \u201cma\u011fdur\u201d, L\u00fctf\u00fc Sava\u015f ise \u201cm\u00fc\u015fteki\u201d s\u0131fat\u0131yla yer ald\u0131; aralar\u0131nda Ekrem \u0130mamo\u011flu, Cemil Tugay ve \u00d6zg\u00fcr \u00c7elik\u2019in de bulundu\u011fu 12 ki\u015fi hakk\u0131nda \u201coylamaya hile kar\u0131\u015ft\u0131rma\u201d su\u00e7undan 1 y\u0131ldan 3\u2019er y\u0131la kadar hapis cezas\u0131 istendi.<\/p>\n\n\n\n<figure class=\"wp-block-image\"><img decoding=\"async\" src=\"https:\/\/foto.sondakika.com\/haber\/2026\/06\/13\/muharrem-ince-chp-genel-baskan-19945720-4162_1_m.jpg\" alt=\"Muharrem \u0130nce: CHP bu kaostan tek bir y\u00f6ntemle \u00e7\u0131kabilir\"\/><\/figure>\n\n\n\n<p class=\"wp-block-paragraph\">Hukuk davas\u0131nda Ankara 42. Asliye Hukuk Mahkemesi, yarg\u0131lama s\u0131ras\u0131nda hem ceza dosyas\u0131ndaki geli\u015fmeleri hem de CHP\u2019nin daha sonra yapt\u0131\u011f\u0131 kurultaylar\u0131 dikkate ald\u0131. CHP\u2019nin 6 Nisan 2025\u2019te 21. Ola\u011fan\u00fcst\u00fc Kurultay\u0131\u2019n\u0131, 21 Eyl\u00fcl 2025\u2019te ise 22. Ola\u011fan\u00fcst\u00fc Kurultay\u0131\u2019n\u0131 yapmas\u0131; ayr\u0131ca \u0130stanbul\u2019daki ola\u011fan\u00fcst\u00fc il kongresi s\u00fcreci, mahkemenin \u201chukuki yarar\u201d de\u011ferlendirmesinde belirleyici oldu.<\/p>\n\n\n\n<p class=\"wp-block-paragraph\">Ankara 42. Asliye Hukuk Mahkemesi, 24 Ekim 2025\u2019te 38. Ola\u011fan Kurultay\u2019\u0131n iptali istemiyle a\u00e7\u0131lan dava hakk\u0131nda, davan\u0131n \u201ckonusuz kalmas\u0131\u201d nedeniyle esas hakk\u0131nda karar verilmesine yer olmad\u0131\u011f\u0131na h\u00fckmetti. Mahkeme ayr\u0131ca, CHP\u2019nin 21. Ola\u011fan\u00fcst\u00fc Kurultay\u0131\u2019n\u0131n iptalini de i\u00e7eren birle\u015fen dosyalar y\u00f6n\u00fcnden \u201chusumet yoklu\u011fu\u201d gerek\u00e7esiyle ret karar\u0131 verdi. 10 Kas\u0131m 2025\u2019te a\u00e7\u0131klanan 22 sayfal\u0131k gerek\u00e7eli kararda, yeni kurultay ve kongrelerde parti organlar\u0131n\u0131n yeniden se\u00e7ildi\u011fi ve bu se\u00e7imlerin il\u00e7e se\u00e7im kurullar\u0131nca tasdik edildi\u011fi belirtilerek, iptali istenen eski kurultaylar bak\u0131m\u0131ndan hukuki yarar\u0131n kalmad\u0131\u011f\u0131 kaydedildi.<\/p>\n\n\n\n<p class=\"wp-block-paragraph\">Karar daha sonra istinafa ta\u015f\u0131nd\u0131. Dosyay\u0131 inceleyen Ankara B\u00f6lge Adliye Mahkemesi 36. Hukuk Dairesi, \u00d6zel ve parti y\u00f6netiminin tedbiren g\u00f6revden uzakla\u015ft\u0131r\u0131lmas\u0131na, Kemal K\u0131l\u0131\u00e7daro\u011flu ile y\u00f6netiminin g\u00f6revi devralmas\u0131na karar verdi.<\/p>\n","protected":false},"excerpt":{"rendered":"<p>CHP\u2019de mahkemenin verdi\u011fi \u2018mutlak butlan\u2019 karar\u0131n\u0131n ard\u0131ndan ba\u015f g\u00f6steren liderlik krizi devam ederken, Muharrem \u0130nce\u2019den<\/p>\n","protected":false},"author":1,"featured_media":3193,"comment_status":"open","ping_status":"open","sticky":false,"template":"","format":"standard","meta":{"_rtcl_gb_attr":"","footnotes":""},"categories":[44],"tags":[],"class_list":["post-3192","post","type-post","status-publish","format-standard","has-post-thumbnail","hentry","category-politika"],"_links":{"self":[{"href":"https:\/\/turkiyemhaber.com\/index.php?rest_route=\/wp\/v2\/posts\/3192","targetHints":{"allow":["GET"]}}],"collection":[{"href":"https:\/\/turkiyemhaber.com\/index.php?rest_route=\/wp\/v2\/posts"}],"about":[{"href":"https:\/\/turkiyemhaber.com\/index.php?rest_route=\/wp\/v2\/types\/post"}],"author":[{"embeddable":true,"href":"https:\/\/turkiyemhaber.com\/index.php?rest_route=\/wp\/v2\/users\/1"}],"replies":[{"embeddable":true,"href":"https:\/\/turkiyemhaber.com\/index.php?rest_route=%2Fwp%2Fv2%2Fcomments&post=3192"}],"version-history":[{"count":1,"href":"https:\/\/turkiyemhaber.com\/index.php?rest_route=\/wp\/v2\/posts\/3192\/revisions"}],"predecessor-version":[{"id":3194,"href":"https:\/\/turkiyemhaber.com\/index.php?rest_route=\/wp\/v2\/posts\/3192\/revisions\/3194"}],"wp:featuredmedia":[{"embeddable":true,"href":"https:\/\/turkiyemhaber.com\/index.php?rest_route=\/wp\/v2\/media\/3193"}],"wp:attachment":[{"href":"https:\/\/turkiyemhaber.com\/index.php?rest_route=%2Fwp%2Fv2%2Fmedia&parent=3192"}],"wp:term":[{"taxonomy":"category","embeddable":true,"href":"https:\/\/turkiyemhaber.com\/index.php?rest_route=%2Fwp%2Fv2%2Fcategories&post=3192"},{"taxonomy":"post_tag","embeddable":true,"href":"https:\/\/turkiyemhaber.com\/index.php?rest_route=%2Fwp%2Fv2%2Ftags&post=3192"}],"curies":[{"name":"wp","href":"https:\/\/api.w.org\/{rel}","templated":true}]}}