{"id":3189,"date":"2026-06-14T12:58:03","date_gmt":"2026-06-14T12:58:03","guid":{"rendered":"https:\/\/turkiyemhaber.com\/?p=3189"},"modified":"2026-06-14T12:58:07","modified_gmt":"2026-06-14T12:58:07","slug":"yol-haritasi-netlesti-iste-ozgur-ozelin-a-b-ve-c-planlari","status":"publish","type":"post","link":"https:\/\/turkiyemhaber.com\/?p=3189","title":{"rendered":"Yol haritas\u0131 netle\u015fti! \u0130\u015fte \u00d6zg\u00fcr \u00d6zel&#8217;in A, B ve C planlar\u0131"},"content":{"rendered":"\n<p class=\"wp-block-paragraph\">CHP Genel Ba\u015fkan\u0131 \u00d6zg\u00fcr \u00d6zel&#8217;in, mutlak butlan karar\u0131n\u0131n ard\u0131ndan izlenecek yol haritas\u0131n\u0131 b\u00fcy\u00fck \u00f6l\u00e7\u00fcde netle\u015ftirdi\u011fi \u00f6ne s\u00fcr\u00fcld\u00fc. \u0130ddialara g\u00f6re ilk hedef CHP i\u00e7inde m\u00fccadeleyi s\u00fcrd\u00fcrmek olurken, alternatif senaryolar kapsam\u0131nda se\u00e7ime girme hakk\u0131 bulunan bir parti ve yeni bir parti se\u00e7ene\u011fi de masada tutuluyor. Bu do\u011frultuda Ankara&#8217;da iki ayr\u0131 bina kiraland\u0131\u011f\u0131 ve olas\u0131 B ve C planlar\u0131 i\u00e7in haz\u0131rl\u0131klar\u0131n ba\u015flat\u0131ld\u0131\u011f\u0131 ileri s\u00fcr\u00fcld\u00fc.<\/p>\n\n\n\n<p class=\"wp-block-paragraph\">CHP Genel Ba\u015fkan\u0131&nbsp;<a href=\"https:\/\/www.sondakika.com\/ozgur-ozel\/\">\u00d6zg\u00fcr \u00d6zel<\/a>, mutlak butlan karar\u0131n\u0131n ard\u0131ndan kat\u0131ld\u0131\u011f\u0131 televizyon program\u0131nda temel ama\u00e7lar\u0131n\u0131n yeni bir parti kurmak olmad\u0131\u011f\u0131n\u0131 belirtmi\u015fti.<\/p>\n\n\n\n<p class=\"wp-block-paragraph\">\u00d6zel, \u00f6ncelikli hedeflerinin CHP&#8217;yi geri almak oldu\u011funu vurgulayarak, zorunlu kal\u0131nmas\u0131 halinde farkl\u0131 se\u00e7eneklerin de de\u011ferlendirilebilece\u011fini ifade etmi\u015fti.<\/p>\n\n\n\n<h3 class=\"wp-block-heading\">&#8220;KIVAMET SENARYOSU&#8221; \u0130\u00c7\u0130N HAZIRLIK \u0130DD\u0130ASI<\/h3>\n\n\n\n<p class=\"wp-block-paragraph\">Parti kulislerinde konu\u015fulan iddialara g\u00f6re, olas\u0131 bir siyasi kriz durumuna kar\u015f\u0131 alternatif planlar \u00fczerinde \u00e7al\u0131\u015f\u0131ld\u0131\u011f\u0131 \u00f6ne s\u00fcr\u00fcld\u00fc.<\/p>\n\n\n\n<p class=\"wp-block-paragraph\">Gazeteci Deniz Zeyrek, CHP y\u00f6netimine yak\u0131n isimlerle yapt\u0131\u011f\u0131 g\u00f6r\u00fc\u015fmelere dayand\u0131rd\u0131\u011f\u0131 yaz\u0131s\u0131nda, yeni parti haz\u0131rl\u0131klar\u0131n\u0131n tamamland\u0131\u011f\u0131n\u0131 ve bu konuda yedek bir plan olu\u015fturuldu\u011funu ileri s\u00fcrd\u00fc.<\/p>\n\n\n\n<h3 class=\"wp-block-heading\">ANKARA&#8217;DA \u0130K\u0130 AYRI B\u0130NA TUTULDU\u011eU \u00d6NE S\u00dcR\u00dcLD\u00dc<\/h3>\n\n\n\n<p class=\"wp-block-paragraph\">\u0130ddiaya g\u00f6re&nbsp;<a href=\"https:\/\/www.sondakika.com\/ankara\/\">Ankara<\/a>&#8216;da biri kurulmas\u0131 planlanan yeni parti, di\u011feri ise haz\u0131r durumda bulunan bir siyasi parti i\u00e7in kullan\u0131lmak \u00fczere iki ayr\u0131 bina kiraland\u0131.<\/p>\n\n\n\n<p class=\"wp-block-paragraph\">S\u00f6z konusu binalardan birinin \u00c7ukurambar&#8217;da, di\u011ferinin ise son d\u00f6nemde siyasi partilerin yo\u011funla\u015ft\u0131\u011f\u0131 Mustafa Kemal Mahallesi&#8217;nde bulundu\u011fu \u00f6ne s\u00fcr\u00fcld\u00fc.<\/p>\n\n\n\n<h3 class=\"wp-block-heading\">&#8220;SE\u00c7\u0130MLERE G\u0130RME HAKKI OLAN PART\u0130 HAZIR&#8221;<\/h3>\n\n\n\n<p class=\"wp-block-paragraph\">Kulislerde dile getirilen iddialara g\u00f6re, se\u00e7imlere girme hakk\u0131na sahip mevcut bir parti \u00fczerinde de haz\u0131rl\u0131k yap\u0131l\u0131yor. Bu plan\u0131n, CHP&#8217;de ya\u015fanabilecek olas\u0131 geli\u015fmelere kar\u015f\u0131 alternatif bir yol haritas\u0131 olarak de\u011ferlendirildi\u011fi belirtiliyor.<\/p>\n\n\n\n<p class=\"wp-block-paragraph\">\u00d6te yandan CHP cephesinden s\u00f6z konusu iddialara ili\u015fkin resmi bir a\u00e7\u0131klama yap\u0131lmad\u0131.<\/p>\n","protected":false},"excerpt":{"rendered":"<p>CHP Genel Ba\u015fkan\u0131 \u00d6zg\u00fcr \u00d6zel&#8217;in, mutlak butlan karar\u0131n\u0131n ard\u0131ndan izlenecek yol haritas\u0131n\u0131 b\u00fcy\u00fck \u00f6l\u00e7\u00fcde netle\u015ftirdi\u011fi<\/p>\n","protected":false},"author":1,"featured_media":3190,"comment_status":"open","ping_status":"open","sticky":false,"template":"","format":"standard","meta":{"_rtcl_gb_attr":"","footnotes":""},"categories":[44],"tags":[],"class_list":["post-3189","post","type-post","status-publish","format-standard","has-post-thumbnail","hentry","category-politika"],"_links":{"self":[{"href":"https:\/\/turkiyemhaber.com\/index.php?rest_route=\/wp\/v2\/posts\/3189","targetHints":{"allow":["GET"]}}],"collection":[{"href":"https:\/\/turkiyemhaber.com\/index.php?rest_route=\/wp\/v2\/posts"}],"about":[{"href":"https:\/\/turkiyemhaber.com\/index.php?rest_route=\/wp\/v2\/types\/post"}],"author":[{"embeddable":true,"href":"https:\/\/turkiyemhaber.com\/index.php?rest_route=\/wp\/v2\/users\/1"}],"replies":[{"embeddable":true,"href":"https:\/\/turkiyemhaber.com\/index.php?rest_route=%2Fwp%2Fv2%2Fcomments&post=3189"}],"version-history":[{"count":1,"href":"https:\/\/turkiyemhaber.com\/index.php?rest_route=\/wp\/v2\/posts\/3189\/revisions"}],"predecessor-version":[{"id":3191,"href":"https:\/\/turkiyemhaber.com\/index.php?rest_route=\/wp\/v2\/posts\/3189\/revisions\/3191"}],"wp:featuredmedia":[{"embeddable":true,"href":"https:\/\/turkiyemhaber.com\/index.php?rest_route=\/wp\/v2\/media\/3190"}],"wp:attachment":[{"href":"https:\/\/turkiyemhaber.com\/index.php?rest_route=%2Fwp%2Fv2%2Fmedia&parent=3189"}],"wp:term":[{"taxonomy":"category","embeddable":true,"href":"https:\/\/turkiyemhaber.com\/index.php?rest_route=%2Fwp%2Fv2%2Fcategories&post=3189"},{"taxonomy":"post_tag","embeddable":true,"href":"https:\/\/turkiyemhaber.com\/index.php?rest_route=%2Fwp%2Fv2%2Ftags&post=3189"}],"curies":[{"name":"wp","href":"https:\/\/api.w.org\/{rel}","templated":true}]}}