{"id":3180,"date":"2026-06-14T12:14:05","date_gmt":"2026-06-14T12:14:05","guid":{"rendered":"https:\/\/turkiyemhaber.com\/?p=3180"},"modified":"2026-06-14T12:14:09","modified_gmt":"2026-06-14T12:14:09","slug":"ogretmen-koca-3-cocugu-evdeyken-esini-ve-kayinpederini-oldurdu","status":"publish","type":"post","link":"https:\/\/turkiyemhaber.com\/?p=3180","title":{"rendered":"\u00d6\u011fretmen koca, 3 \u00e7ocu\u011fu evdeyken e\u015fini ve kay\u0131npederini \u00f6ld\u00fcrd\u00fc"},"content":{"rendered":"\n<p class=\"wp-block-paragraph\">Antalya&#8217;da \u00f6\u011fretmen \u00e7ift aras\u0131nda \u00e7\u0131kan tayin tart\u0131\u015fmas\u0131 vah\u015fetle bitti. Co\u011frafya \u00f6\u011fretmeni, tayinini isteyen e\u015fini ve tart\u0131\u015fmaya dahil olan kay\u0131npederini pompal\u0131 t\u00fcfekle \u00f6ld\u00fcrd\u00fc. Olay s\u0131ras\u0131nda evde bulunan 2,5, 5 ve 9 ya\u015flar\u0131ndaki \u00fc\u00e7 \u00e7ocu\u011fun annelerinin uyar\u0131s\u0131yla odalar\u0131na s\u0131\u011f\u0131nd\u0131\u011f\u0131 ortaya \u00e7\u0131kt\u0131.<\/p>\n\n\n\n<p class=\"wp-block-paragraph\"><a href=\"https:\/\/www.sondakika.com\/antalya\/\">Antalya<\/a>&#8216;n\u0131n Muratpa\u015fa il\u00e7esine ba\u011fl\u0131 Memurevleri Mahallesi 212. Sokak&#8217;ta yer alan 5 katl\u0131 binan\u0131n birinci kat\u0131ndaki dairede saat 10.00 s\u0131ralar\u0131nda kan donduran bir olay ya\u015fand\u0131.&nbsp;<\/p>\n\n\n\n<figure class=\"wp-block-image\"><img decoding=\"async\" src=\"https:\/\/foto.sondakika.com\/haber\/2026\/06\/14\/ogretmen-koca-3-cocugu-evdeyke-19947378-1068_1_m.jpg\" alt=\"\u00d6\u011fretmen koca, 3 \u00e7ocu\u011fu evdeyken e\u015fini ve kay\u0131npederini \u00f6ld\u00fcrd\u00fc\"\/><\/figure>\n\n\n\n<h3 class=\"wp-block-heading\">TAY\u0130N NEDEN\u0130YLE TARTI\u015eMA \u00c7IKTI<\/h3>\n\n\n\n<p class=\"wp-block-paragraph\">Edinilen bilgiye g\u00f6re, co\u011frafya \u00f6\u011fretmeni Orhan B. (43) ile Arap\u00e7a \u00f6\u011fretmeni olan e\u015fi Asl\u0131han \u00d6zt\u00fcrk B. (40) aras\u0131nda iddiaya g\u00f6re Asl\u0131han B.&#8217;nin tayin istemesi nedeniyle tart\u0131\u015fma \u00e7\u0131kt\u0131. Tart\u0131\u015fmaya Bursa&#8217;dan misafirli\u011fe gelen Asl\u0131han \u00d6zt\u00fcrk B.&#8217;nin babas\u0131 Cafer Tayyar \u00d6zt\u00fcrk (74) de dahil oldu.&nbsp;<\/p>\n\n\n\n<figure class=\"wp-block-image\"><img decoding=\"async\" src=\"https:\/\/foto.sondakika.com\/haber\/2026\/06\/14\/ogretmen-koca-3-cocugu-evdeyke-19947378-8478_1_m.jpg\" alt=\"\u00d6\u011fretmen koca, 3 \u00e7ocu\u011fu evdeyken e\u015fini ve kay\u0131npederini \u00f6ld\u00fcrd\u00fc\"\/><\/figure>\n\n\n\n<h3 class=\"wp-block-heading\">ANNE \u00c7OCUKLARI ODASINA G\u00d6NDERD\u0130, BABA KUR\u015eUN YA\u011eDIRDI<\/h3>\n\n\n\n<p class=\"wp-block-paragraph\">Tart\u0131\u015fma s\u0131ras\u0131nda Asl\u0131han B. evde bulunan 9, 5 ve 2,5 ya\u015flar\u0131ndaki \u00e7ocuklar\u0131na odalar\u0131na gitmelerini s\u00f6ylerken, Orhan B. evde bulunan pompal\u0131 t\u00fcfekle e\u015fi ve kay\u0131npederine do\u011fru 5 el ate\u015f etti. Silah seslerini duyan kom\u015fular\u0131n ihbar\u0131 \u00fczerine adrese polis ve sa\u011fl\u0131k ekipleri sevk edildi. Olay\u0131n ard\u0131ndan kap\u0131y\u0131 kilitledi\u011fi \u00f6\u011frenilen Orhan B.&#8217;yi ikna eden polis ekipleri kap\u0131y\u0131 a\u00e7t\u0131rd\u0131.&nbsp;<\/p>\n\n\n\n<h3 class=\"wp-block-heading\">E\u015e\u0130N\u0130 VE KAYINPEDER\u0130N\u0130 \u00d6LD\u00dcRD\u00dc<\/h3>\n\n\n\n<p class=\"wp-block-paragraph\">Eve giren ekipler, Asl\u0131han B. ve babas\u0131 Cafer Tayyar \u00d6zt\u00fcrk&#8217;\u00fc yerde hareketsiz halde buldu. Sa\u011fl\u0131k ekiplerinin yapt\u0131\u011f\u0131 kontrolde Asl\u0131han B.&#8217;nin balkonda, Cafer Tayyar \u00d6zt\u00fcrk&#8217;\u00fcn ise salonda hayat\u0131n\u0131 kaybetti\u011fi belirlendi.<\/p>\n\n\n\n<p class=\"wp-block-paragraph\"><img decoding=\"async\" alt=\"\u00d6ld\u00fcr\u00fclen Asl\u0131han B.\" src=\"https:\/\/foto.sondakika.com\/haber\/2026\/06\/14\/ogretmen-koca-3-cocugu-evdeyke-19947378-9187_1_m.jpg\">\u00d6ld\u00fcr\u00fclen Asl\u0131han B.<\/p>\n\n\n\n<h3 class=\"wp-block-heading\">&#8220;S\u0130LAH SES\u0130YLE HABER\u0130M\u0130Z OLDU&#8221;<\/h3>\n\n\n\n<p class=\"wp-block-paragraph\">Ailenin \u00e7ocuklar\u0131na bakt\u0131\u011f\u0131n\u0131 s\u00f6yleyen kom\u015fular\u0131 Ay\u015fe Ate\u015f, &#8220;Silah sesiyle haberimiz oldu. 3-4 el ate\u015f edildi, herkes d\u0131\u015far\u0131 \u00e7\u0131kt\u0131, 112&#8217;yi \u00e7a\u011f\u0131rd\u0131lar. K\u0131zlar\u0131 benim elimde b\u00fcy\u00fcd\u00fc. 3 bu\u00e7uk ayl\u0131kken ald\u0131m, 2 ya\u015f\u0131na kadar ben bakt\u0131m. Yakla\u015f\u0131k 10 y\u0131ll\u0131k kom\u015fuyuz. Kay\u0131npederi ile kar\u0131s\u0131n\u0131 vurmu\u015f. Aile aras\u0131nda sorun varm\u0131\u015f ama ne derece, onu bilmiyorum&#8221; dedi.<\/p>\n\n\n\n<p class=\"wp-block-paragraph\">Olayla ilgili soru\u015fturma ba\u015flat\u0131ld\u0131.<\/p>\n","protected":false},"excerpt":{"rendered":"<p>Antalya&#8217;da \u00f6\u011fretmen \u00e7ift aras\u0131nda \u00e7\u0131kan tayin tart\u0131\u015fmas\u0131 vah\u015fetle bitti. Co\u011frafya \u00f6\u011fretmeni, tayinini isteyen e\u015fini ve<\/p>\n","protected":false},"author":1,"featured_media":3181,"comment_status":"open","ping_status":"open","sticky":false,"template":"","format":"standard","meta":{"_rtcl_gb_attr":"","footnotes":""},"categories":[1],"tags":[],"class_list":["post-3180","post","type-post","status-publish","format-standard","has-post-thumbnail","hentry","category-http-turkiyemhaber-com-wp-content-uploads-2026-03-saray-59-haber-13-mart-pdf"],"_links":{"self":[{"href":"https:\/\/turkiyemhaber.com\/index.php?rest_route=\/wp\/v2\/posts\/3180","targetHints":{"allow":["GET"]}}],"collection":[{"href":"https:\/\/turkiyemhaber.com\/index.php?rest_route=\/wp\/v2\/posts"}],"about":[{"href":"https:\/\/turkiyemhaber.com\/index.php?rest_route=\/wp\/v2\/types\/post"}],"author":[{"embeddable":true,"href":"https:\/\/turkiyemhaber.com\/index.php?rest_route=\/wp\/v2\/users\/1"}],"replies":[{"embeddable":true,"href":"https:\/\/turkiyemhaber.com\/index.php?rest_route=%2Fwp%2Fv2%2Fcomments&post=3180"}],"version-history":[{"count":1,"href":"https:\/\/turkiyemhaber.com\/index.php?rest_route=\/wp\/v2\/posts\/3180\/revisions"}],"predecessor-version":[{"id":3182,"href":"https:\/\/turkiyemhaber.com\/index.php?rest_route=\/wp\/v2\/posts\/3180\/revisions\/3182"}],"wp:featuredmedia":[{"embeddable":true,"href":"https:\/\/turkiyemhaber.com\/index.php?rest_route=\/wp\/v2\/media\/3181"}],"wp:attachment":[{"href":"https:\/\/turkiyemhaber.com\/index.php?rest_route=%2Fwp%2Fv2%2Fmedia&parent=3180"}],"wp:term":[{"taxonomy":"category","embeddable":true,"href":"https:\/\/turkiyemhaber.com\/index.php?rest_route=%2Fwp%2Fv2%2Fcategories&post=3180"},{"taxonomy":"post_tag","embeddable":true,"href":"https:\/\/turkiyemhaber.com\/index.php?rest_route=%2Fwp%2Fv2%2Ftags&post=3180"}],"curies":[{"name":"wp","href":"https:\/\/api.w.org\/{rel}","templated":true}]}}