{"id":3174,"date":"2026-06-14T12:01:08","date_gmt":"2026-06-14T12:01:08","guid":{"rendered":"https:\/\/turkiyemhaber.com\/?p=3174"},"modified":"2026-06-14T12:01:11","modified_gmt":"2026-06-14T12:01:11","slug":"kayseride-vali-yardimcisi-esmer-icin-toren-duzenlendi","status":"publish","type":"post","link":"https:\/\/turkiyemhaber.com\/?p=3174","title":{"rendered":"Kayseri&#8217;de Vali Yard\u0131mc\u0131s\u0131 Esmer \u0130\u00e7in T\u00f6ren D\u00fczenlendi"},"content":{"rendered":"\n<p class=\"wp-block-paragraph\">Kalp krizi sonucu hayat\u0131n\u0131 kaybeden Vali Yard\u0131mc\u0131s\u0131 \u015eenol Esmer i\u00e7in Kayseri&#8217;de veda t\u00f6reni yap\u0131ld\u0131.<\/p>\n\n\n\n<p class=\"wp-block-paragraph\">KAYSER\u0130&#8217;de ge\u00e7irdi\u011fi kalp krizi sonucu ya\u015fam\u0131n\u0131 yitiren Vali Yard\u0131mc\u0131s\u0131 \u015eenol Esmer i\u00e7in, Valilikte t\u00f6ren d\u00fczenlendi.<\/p>\n\n\n\n<p class=\"wp-block-paragraph\">D\u00fcn ak\u015fam saatlerinde kalp krizi nedeniyle ya\u015fam\u0131n\u0131 yitiren Vali Yard\u0131mc\u0131s\u0131 \u015eenol Esmer i\u00e7in&nbsp;<a href=\"https:\/\/www.sondakika.com\/kayseri\/\">Kayseri<\/a>&nbsp;Valili\u011fi \u00f6n\u00fcnde t\u00f6ren d\u00fczenlendi. T\u00f6rene Kayseri Valisi G\u00f6kmen \u00c7i\u00e7ek, K\u0131r\u0131kkale Valisi H\u00fcseyin Engin Sar\u0131ibrahim, AK Parti Kayseri milletvekilleri Murat Cahid C\u0131ng\u0131, \u015eaban \u00c7opuro\u011flu, Say\u0131n Bayar \u00d6zsoy ile Dursun Ata\u015f, il protokol\u00fc ve Esmer&#8217;in ailesi kat\u0131ld\u0131. Sayg\u0131 duru\u015funun ard\u0131ndan Esmer&#8217;in \u00f6z ge\u00e7mi\u015finin okundu\u011fu t\u00f6rende, Kur&#8217;an-\u0131 Kerim okunarak dua edildi.<\/p>\n\n\n\n<p class=\"wp-block-paragraph\">T\u00f6rende konu\u015fan Vali G\u00f6kmen \u00c7i\u00e7ek, &#8220;Hepimiz bir arada \u015eenol Esmer&#8217;in \u00f6mr\u00fcnde \u00f6zellikle Kayseri&#8217;deki \u00e7al\u0131\u015fmalar\u0131na, memleket sevdas\u0131na \u015fahitlik ediyoruz. Benim i\u00e7in \u00e7ok zor bir an. \u00c7\u00fcnk\u00fc 4 y\u0131ld\u0131r en yak\u0131n \u00e7al\u0131\u015fma arkada\u015flar\u0131mdan birisiydi. Kendimizi bir konu i\u00e7inde zorlukla bulundu\u011fumuz anda \u015eenol valimi \u00e7a\u011f\u0131r\u0131r kendisiyle dertle\u015firdim. Bir\u00e7ok g\u00fcn saatlerce isti\u015farelerde bulunurduk. Ona veda etmek, meslekta\u015flar\u0131 gibi benim i\u00e7in de \u00e7ok ayr\u0131 bir zorluk. Ben onun valisi konumundayd\u0131m ancak o bizim meslekte b\u00fcy\u00fc\u011f\u00fcm\u00fcz, a\u011fabeyimizdi. Hem meslekta\u015f\u0131m\u0131 hem de a\u011fabeyimizi u\u011furlaman\u0131n benim a\u00e7\u0131mdan h\u00fczn\u00fcn\u00fc ya\u015f\u0131yorum. \u00d6rnek devlet adam\u0131 ki\u015fili\u011fi, \u00f6rnek aile babas\u0131 olmas\u0131, \u00f6rnek e\u015f olmas\u0131n\u0131 hep takdirle ve uzaktan memnuniyetle izledim&#8221; dedi.<\/p>\n\n\n\n<p class=\"wp-block-paragraph\">Vali Yard\u0131mc\u0131s\u0131 \u015eenol Esmer&#8217;in T\u00fcrk bayra\u011f\u0131na sar\u0131l\u0131 cenazesi, cenaze namaz\u0131n\u0131n k\u0131l\u0131nmas\u0131n\u0131n ard\u0131ndan memleketi&nbsp;<a href=\"https:\/\/www.sondakika.com\/trabzon\/\">Trabzon<\/a>&#8216;un Tonya il\u00e7esine g\u00f6nderildi.<\/p>\n","protected":false},"excerpt":{"rendered":"<p>Kalp krizi sonucu hayat\u0131n\u0131 kaybeden Vali Yard\u0131mc\u0131s\u0131 \u015eenol Esmer i\u00e7in Kayseri&#8217;de veda t\u00f6reni yap\u0131ld\u0131. KAYSER\u0130&#8217;de<\/p>\n","protected":false},"author":1,"featured_media":3175,"comment_status":"open","ping_status":"open","sticky":false,"template":"","format":"standard","meta":{"_rtcl_gb_attr":"","footnotes":""},"categories":[1],"tags":[],"class_list":["post-3174","post","type-post","status-publish","format-standard","has-post-thumbnail","hentry","category-http-turkiyemhaber-com-wp-content-uploads-2026-03-saray-59-haber-13-mart-pdf"],"_links":{"self":[{"href":"https:\/\/turkiyemhaber.com\/index.php?rest_route=\/wp\/v2\/posts\/3174","targetHints":{"allow":["GET"]}}],"collection":[{"href":"https:\/\/turkiyemhaber.com\/index.php?rest_route=\/wp\/v2\/posts"}],"about":[{"href":"https:\/\/turkiyemhaber.com\/index.php?rest_route=\/wp\/v2\/types\/post"}],"author":[{"embeddable":true,"href":"https:\/\/turkiyemhaber.com\/index.php?rest_route=\/wp\/v2\/users\/1"}],"replies":[{"embeddable":true,"href":"https:\/\/turkiyemhaber.com\/index.php?rest_route=%2Fwp%2Fv2%2Fcomments&post=3174"}],"version-history":[{"count":1,"href":"https:\/\/turkiyemhaber.com\/index.php?rest_route=\/wp\/v2\/posts\/3174\/revisions"}],"predecessor-version":[{"id":3176,"href":"https:\/\/turkiyemhaber.com\/index.php?rest_route=\/wp\/v2\/posts\/3174\/revisions\/3176"}],"wp:featuredmedia":[{"embeddable":true,"href":"https:\/\/turkiyemhaber.com\/index.php?rest_route=\/wp\/v2\/media\/3175"}],"wp:attachment":[{"href":"https:\/\/turkiyemhaber.com\/index.php?rest_route=%2Fwp%2Fv2%2Fmedia&parent=3174"}],"wp:term":[{"taxonomy":"category","embeddable":true,"href":"https:\/\/turkiyemhaber.com\/index.php?rest_route=%2Fwp%2Fv2%2Fcategories&post=3174"},{"taxonomy":"post_tag","embeddable":true,"href":"https:\/\/turkiyemhaber.com\/index.php?rest_route=%2Fwp%2Fv2%2Ftags&post=3174"}],"curies":[{"name":"wp","href":"https:\/\/api.w.org\/{rel}","templated":true}]}}