{"id":3171,"date":"2026-06-14T11:58:53","date_gmt":"2026-06-14T11:58:53","guid":{"rendered":"https:\/\/turkiyemhaber.com\/?p=3171"},"modified":"2026-06-14T11:58:58","modified_gmt":"2026-06-14T11:58:58","slug":"down-sendromlu-cocuklar-kiraz-festivalinde-sahne-aldi","status":"publish","type":"post","link":"https:\/\/turkiyemhaber.com\/?p=3171","title":{"rendered":"Down Sendromlu \u00c7ocuklar Kiraz Festivali&#8217;nde Sahne Ald\u0131"},"content":{"rendered":"\n<p class=\"wp-block-paragraph\">TekirDown Melekleri Spor Kul\u00fcb\u00fc, 60. Uluslararas\u0131 Tekirda\u011f Kiraz Festivali&#8217;nde g\u00f6steri yapt\u0131.<\/p>\n\n\n\n<p class=\"wp-block-paragraph\">TekirDown Melekleri&nbsp;<a href=\"https:\/\/www.sondakika.com\/Spor\/\">Spor<\/a>&nbsp;Kul\u00fcb\u00fc \u00fcyesi down sendromlu 10 \u00e7ocuk, S\u00fcleymanpa\u015fa Belediyesince d\u00fczenlenen 60. Uluslararas\u0131&nbsp;<a href=\"https:\/\/www.sondakika.com\/tekirdag\/\">Tekirda\u011f<\/a>&nbsp;Kiraz Festivali&#8217;nde sahne ald\u0131.<\/p>\n\n\n\n<p class=\"wp-block-paragraph\">Festival kapsam\u0131nda ger\u00e7ekle\u015ftirilen etkinlikte \u00f6zel gereksinimli \u00e7ocuklar, haz\u0131rlad\u0131klar\u0131 g\u00f6sterileri izleyicilerin be\u011fenisine sundu.<\/p>\n\n\n\n<p class=\"wp-block-paragraph\">Performanslar\u0131yla b\u00fcy\u00fck ilgi g\u00f6ren \u00e7ocuklar, down sendromlu bireylerin&nbsp;<a href=\"https:\/\/www.sondakika.com\/spor\/\">spor<\/a>&nbsp;ve sanat arac\u0131l\u0131\u011f\u0131yla toplumsal ya\u015fama aktif \u015fekilde kat\u0131labildi\u011fini ortaya koydu.<\/p>\n\n\n\n<p class=\"wp-block-paragraph\">Vatanda\u015flar\u0131n yo\u011fun ilgi g\u00f6sterdi\u011fi etkinlikte \u00e7ocuklar\u0131n sahne performans\u0131 uzun s\u00fcre alk\u0131\u015fland\u0131.<\/p>\n\n\n\n<p class=\"wp-block-paragraph\">TekirDown Melekleri Spor Kul\u00fcb\u00fc Ba\u015fkan\u0131 Serdar Ko\u00e7, AA muhabirine, bu t\u00fcr bulu\u015fmalar\u0131n toplumsal fark\u0131ndal\u0131\u011f\u0131n art\u0131r\u0131lmas\u0131na katk\u0131 sa\u011flad\u0131\u011f\u0131n\u0131 s\u00f6yledi.<\/p>\n\n\n\n<p class=\"wp-block-paragraph\">Etkinliklerin birlik ve beraberlik duygusunu g\u00fc\u00e7lendirdi\u011fini belirten Ko\u00e7, \u00f6zel gereksinimli \u00e7ocuklar\u0131n sahne almas\u0131n\u0131n onlara \u00f6zg\u00fcven kazand\u0131rd\u0131\u011f\u0131n\u0131 ifade etti.<\/p>\n\n\n\n<p class=\"wp-block-paragraph\">Ko\u00e7, d\u00fczenlenen programlarla down sendromlu bireylere y\u00f6nelik fark\u0131ndal\u0131k olu\u015fturmay\u0131 ama\u00e7lad\u0131klar\u0131n\u0131 kaydetti.<\/p>\n\n\n\n<p class=\"wp-block-paragraph\">G\u00f6steride yer alan \u00d6mer \u0130brahim Erdemir ise sahneye \u00e7\u0131kmaktan b\u00fcy\u00fck mutluluk duydu\u011funu dile getirdi.<\/p>\n\n\n\n<p class=\"wp-block-paragraph\">\u00d6zel gereksinimli bireylere f\u0131rsat verildi\u011finde neler ba\u015farabileceklerini g\u00f6stermeye \u00e7al\u0131\u015ft\u0131klar\u0131n\u0131 anlatan Erdemir, kendilerine destek verenlere te\u015fekk\u00fcr etti.<\/p>\n\n\n\n<p class=\"wp-block-paragraph\"><\/p>\n","protected":false},"excerpt":{"rendered":"<p>TekirDown Melekleri Spor Kul\u00fcb\u00fc, 60. Uluslararas\u0131 Tekirda\u011f Kiraz Festivali&#8217;nde g\u00f6steri yapt\u0131. TekirDown Melekleri&nbsp;Spor&nbsp;Kul\u00fcb\u00fc \u00fcyesi down<\/p>\n","protected":false},"author":1,"featured_media":3172,"comment_status":"open","ping_status":"open","sticky":false,"template":"","format":"standard","meta":{"_rtcl_gb_attr":"","footnotes":""},"categories":[1],"tags":[],"class_list":["post-3171","post","type-post","status-publish","format-standard","has-post-thumbnail","hentry","category-http-turkiyemhaber-com-wp-content-uploads-2026-03-saray-59-haber-13-mart-pdf"],"_links":{"self":[{"href":"https:\/\/turkiyemhaber.com\/index.php?rest_route=\/wp\/v2\/posts\/3171","targetHints":{"allow":["GET"]}}],"collection":[{"href":"https:\/\/turkiyemhaber.com\/index.php?rest_route=\/wp\/v2\/posts"}],"about":[{"href":"https:\/\/turkiyemhaber.com\/index.php?rest_route=\/wp\/v2\/types\/post"}],"author":[{"embeddable":true,"href":"https:\/\/turkiyemhaber.com\/index.php?rest_route=\/wp\/v2\/users\/1"}],"replies":[{"embeddable":true,"href":"https:\/\/turkiyemhaber.com\/index.php?rest_route=%2Fwp%2Fv2%2Fcomments&post=3171"}],"version-history":[{"count":1,"href":"https:\/\/turkiyemhaber.com\/index.php?rest_route=\/wp\/v2\/posts\/3171\/revisions"}],"predecessor-version":[{"id":3173,"href":"https:\/\/turkiyemhaber.com\/index.php?rest_route=\/wp\/v2\/posts\/3171\/revisions\/3173"}],"wp:featuredmedia":[{"embeddable":true,"href":"https:\/\/turkiyemhaber.com\/index.php?rest_route=\/wp\/v2\/media\/3172"}],"wp:attachment":[{"href":"https:\/\/turkiyemhaber.com\/index.php?rest_route=%2Fwp%2Fv2%2Fmedia&parent=3171"}],"wp:term":[{"taxonomy":"category","embeddable":true,"href":"https:\/\/turkiyemhaber.com\/index.php?rest_route=%2Fwp%2Fv2%2Fcategories&post=3171"},{"taxonomy":"post_tag","embeddable":true,"href":"https:\/\/turkiyemhaber.com\/index.php?rest_route=%2Fwp%2Fv2%2Ftags&post=3171"}],"curies":[{"name":"wp","href":"https:\/\/api.w.org\/{rel}","templated":true}]}}