{"id":3162,"date":"2026-06-14T11:39:55","date_gmt":"2026-06-14T11:39:55","guid":{"rendered":"https:\/\/turkiyemhaber.com\/?p=3162"},"modified":"2026-06-14T11:39:59","modified_gmt":"2026-06-14T11:39:59","slug":"tabela-yine-degisecek-motorine-dev-indirim-geliyor","status":"publish","type":"post","link":"https:\/\/turkiyemhaber.com\/?p=3162","title":{"rendered":"Tabela yine de\u011fi\u015fecek! Motorine dev indirim geliyor"},"content":{"rendered":"\n<p class=\"wp-block-paragraph\">ABD-\u0130ran sava\u015f\u0131n\u0131n sona erece\u011fine y\u00f6nelik beklentilerin etkisiyle Brent petrol fiyatlar\u0131 geriledi. Bu geli\u015fmenin ard\u0131ndan motorinde sal\u0131 g\u00fcn\u00fcnden itibaren 4 lira 88 kuru\u015fluk indirim beklenirken, e\u015fel mobil sistemi nedeniyle indirimin yakla\u015f\u0131k 1 lira 22 kuru\u015fluk k\u0131sm\u0131n\u0131n pompaya yans\u0131mas\u0131 \u00f6ng\u00f6r\u00fcl\u00fcyor. Benzin fiyatlar\u0131nda ise herhangi bir de\u011fi\u015fiklik beklenmiyor<\/p>\n\n\n\n<p class=\"wp-block-paragraph\">K\u00fcresel piyasalarda petrol fiyatlar\u0131 ve d\u00f6viz kurlar\u0131ndaki hareketlilik akaryak\u0131t fiyatlar\u0131n\u0131 etkilemeye devam ediyor. ABD ile&nbsp;<a href=\"https:\/\/www.sondakika.com\/iran\/\">\u0130ran<\/a>&nbsp;aras\u0131ndaki sava\u015f\u0131n sona erebilece\u011fine y\u00f6nelik beklentiler, Brent petrol fiyatlar\u0131nda d\u00fc\u015f\u00fc\u015fe yol a\u00e7t\u0131. Brent petrol\u00fcn varil fiyat\u0131 85,77 dolara kadar geriledi.<\/p>\n\n\n\n<h3 class=\"wp-block-heading\">MOTOR\u0130NDE 4,88 L\u0130RALIK \u0130ND\u0130R\u0130M G\u00dcNDEMDE<\/h3>\n\n\n\n<p class=\"wp-block-paragraph\">Enerji piyasalar\u0131na ili\u015fkin de\u011ferlendirmelerde bulunan Gazetece yazar\u0131 Olcay Aydilek, motorin fiyatlar\u0131nda sal\u0131 g\u00fcn\u00fcnden itibaren ge\u00e7erli olmak \u00fczere 4 lira 88 kuru\u015fluk indirim beklendi\u011fini duyurdu.<\/p>\n\n\n\n<h3 class=\"wp-block-heading\">E\u015eEL MOB\u0130L NEDEN\u0130YLE TAMAMI POMPAYA YANSIMAYACAK<\/h3>\n\n\n\n<p class=\"wp-block-paragraph\">Aydilek&#8217;in payla\u015ft\u0131\u011f\u0131 bilgilere g\u00f6re, e\u015fel mobil sistemi nedeniyle s\u00f6z konusu indirimin tamam\u0131 pompaya yans\u0131mayacak. Beklenen 4 lira 88 kuru\u015fluk indirimin yakla\u015f\u0131k 1 lira 22 kuru\u015fluk k\u0131sm\u0131n\u0131n t\u00fcketiciye yans\u0131mas\u0131 \u00f6ng\u00f6r\u00fcl\u00fcyor.<\/p>\n\n\n\n<p class=\"wp-block-paragraph\">Benzin fiyatlar\u0131nda ise \u015fu a\u015famada herhangi bir de\u011fi\u015fiklik beklenmiyor.<\/p>\n\n\n\n<h3 class=\"wp-block-heading\">G\u00dcNCEL AKARYAKIT F\u0130YATLARI<\/h3>\n\n\n\n<p class=\"wp-block-paragraph\">14 Haziran 2026 itibar\u0131yla \u0130stanbul Avrupa Yakas\u0131&#8217;nda benzinin litre fiyat\u0131 63,03 TL, motorinin litre fiyat\u0131 66,41 TL olarak uygulan\u0131yor.<\/p>\n\n\n\n<p class=\"wp-block-paragraph\">\u0130stanbul Anadolu Yakas\u0131&#8217;nda benzinin litre fiyat\u0131 62,87 TL, motorinin litre fiyat\u0131 ise 66,25 TL seviyesinde bulunuyor.<\/p>\n\n\n\n<p class=\"wp-block-paragraph\">Ankara&#8217;da benzinin litre fiyat\u0131 63,99 TL, motorinin litre fiyat\u0131 67,51 TL olurken, \u0130zmir&#8217;de benzinin litre fiyat\u0131 64,27 TL, motorinin litre fiyat\u0131 ise 67,78 TL olarak sat\u0131\u015fa sunuluyor.<\/p>\n","protected":false},"excerpt":{"rendered":"<p>ABD-\u0130ran sava\u015f\u0131n\u0131n sona erece\u011fine y\u00f6nelik beklentilerin etkisiyle Brent petrol fiyatlar\u0131 geriledi. Bu geli\u015fmenin ard\u0131ndan motorinde<\/p>\n","protected":false},"author":1,"featured_media":3163,"comment_status":"open","ping_status":"open","sticky":false,"template":"","format":"standard","meta":{"_rtcl_gb_attr":"","footnotes":""},"categories":[14],"tags":[],"class_list":["post-3162","post","type-post","status-publish","format-standard","has-post-thumbnail","hentry","category-ekonomi"],"_links":{"self":[{"href":"https:\/\/turkiyemhaber.com\/index.php?rest_route=\/wp\/v2\/posts\/3162","targetHints":{"allow":["GET"]}}],"collection":[{"href":"https:\/\/turkiyemhaber.com\/index.php?rest_route=\/wp\/v2\/posts"}],"about":[{"href":"https:\/\/turkiyemhaber.com\/index.php?rest_route=\/wp\/v2\/types\/post"}],"author":[{"embeddable":true,"href":"https:\/\/turkiyemhaber.com\/index.php?rest_route=\/wp\/v2\/users\/1"}],"replies":[{"embeddable":true,"href":"https:\/\/turkiyemhaber.com\/index.php?rest_route=%2Fwp%2Fv2%2Fcomments&post=3162"}],"version-history":[{"count":1,"href":"https:\/\/turkiyemhaber.com\/index.php?rest_route=\/wp\/v2\/posts\/3162\/revisions"}],"predecessor-version":[{"id":3164,"href":"https:\/\/turkiyemhaber.com\/index.php?rest_route=\/wp\/v2\/posts\/3162\/revisions\/3164"}],"wp:featuredmedia":[{"embeddable":true,"href":"https:\/\/turkiyemhaber.com\/index.php?rest_route=\/wp\/v2\/media\/3163"}],"wp:attachment":[{"href":"https:\/\/turkiyemhaber.com\/index.php?rest_route=%2Fwp%2Fv2%2Fmedia&parent=3162"}],"wp:term":[{"taxonomy":"category","embeddable":true,"href":"https:\/\/turkiyemhaber.com\/index.php?rest_route=%2Fwp%2Fv2%2Fcategories&post=3162"},{"taxonomy":"post_tag","embeddable":true,"href":"https:\/\/turkiyemhaber.com\/index.php?rest_route=%2Fwp%2Fv2%2Ftags&post=3162"}],"curies":[{"name":"wp","href":"https:\/\/api.w.org\/{rel}","templated":true}]}}