{"id":3158,"date":"2026-06-14T10:03:34","date_gmt":"2026-06-14T10:03:34","guid":{"rendered":"https:\/\/turkiyemhaber.com\/?p=3158"},"modified":"2026-06-14T10:03:38","modified_gmt":"2026-06-14T10:03:38","slug":"tbmm-onunde-basin-aciklamasi-yapmak-isteyen-ogretmenlere-polis-mudahalesi","status":"publish","type":"post","link":"https:\/\/turkiyemhaber.com\/?p=3158","title":{"rendered":"TBMM \u00f6n\u00fcnde bas\u0131n a\u00e7\u0131klamas\u0131 yapmak isteyen \u00f6\u011fretmenlere polis m\u00fcdahalesi"},"content":{"rendered":"\n<p class=\"wp-block-paragraph\">\u00d6zel Sekt\u00f6r \u00d6\u011fretmenleri Sendikas\u0131, m\u00fclakat ma\u011fduru \u00f6\u011fretmenler ile \u00f6zel sekt\u00f6rde \u00e7al\u0131\u015fan e\u011fitim emek\u00e7ilerinin ya\u015fad\u0131\u011f\u0131 sorunlara dikkat \u00e7ekmek amac\u0131yla Ankara&#8217;da bir araya geldi. TBMM \u00f6n\u00fcnde bas\u0131n a\u00e7\u0131klamas\u0131 yapmak isteyen ve G\u00fcvenpark&#8217;ta toplanan \u00f6\u011fretmenlere polis m\u00fcdahale etti. M\u00fcdahale s\u0131ras\u0131nda Sendika Ba\u015fkan\u0131 Eren Edebali ile bir sendika \u00fcyesi g\u00f6zalt\u0131na al\u0131nd\u0131.<\/p>\n\n\n\n<p class=\"wp-block-paragraph\">\u00d6zel Sekt\u00f6r \u00d6\u011fretmenleri Sendikas\u0131&#8217;n\u0131n&nbsp;<a href=\"https:\/\/www.sondakika.com\/ankara\/\">Ankara<\/a>&#8216;da d\u00fczenledi\u011fi eyleme polis m\u00fcdahale etti. TBMM \u00f6n\u00fcnde bas\u0131n a\u00e7\u0131klamas\u0131 yapmak isteyen \u00f6\u011fretmenlere y\u00f6nelik m\u00fcdahale s\u0131ras\u0131nda sendika ba\u015fkan\u0131 Eren Edebali ile bir sendika \u00fcyesi g\u00f6zalt\u0131na al\u0131nd\u0131.<\/p>\n\n\n\n<h3 class=\"wp-block-heading\">\u00d6\u011eRETMENLER ANKARA&#8217;DA B\u0130R ARAYA GELD\u0130<\/h3>\n\n\n\n<p class=\"wp-block-paragraph\">\u00d6zel Sekt\u00f6r \u00d6\u011fretmenleri Sendikas\u0131, m\u00fclakat ma\u011fduru \u00f6\u011fretmenler ile \u00f6zel sekt\u00f6rde \u00e7al\u0131\u015fan e\u011fitim emek\u00e7ilerinin ya\u015fad\u0131\u011f\u0131 g\u00fcvencesizlik ve d\u00fc\u015f\u00fck \u00fccret sorunlar\u0131na dikkat \u00e7ekmek amac\u0131yla Ankara&#8217;da kitlesel bir bulu\u015fma ger\u00e7ekle\u015ftirdi.<\/p>\n\n\n\n<p class=\"wp-block-paragraph\">Sendika, daha \u00f6nce yapt\u0131\u011f\u0131 \u00e7a\u011fr\u0131da taleplerinin kar\u015f\u0131lanmas\u0131 i\u00e7in 14 Haziran&#8217;da Ankara&#8217;da olacaklar\u0131n\u0131 duyurmu\u015ftu.<\/p>\n\n\n\n<h3 class=\"wp-block-heading\">TBMM \u00d6N\u00dcNDE BASIN A\u00c7IKLAMASI YAPMAK \u0130STED\u0130LER<\/h3>\n\n\n\n<p class=\"wp-block-paragraph\"><a href=\"https:\/\/www.sondakika.com\/guvenpark-2\/\">G\u00fcvenpark<\/a>&#8216;ta toplanan \u00f6\u011fretmenler, TBMM \u00f6n\u00fcnde bas\u0131n a\u00e7\u0131klamas\u0131 yapmak istedi. Ancak grubun y\u00fcr\u00fcy\u00fc\u015f\u00fcne polis ekipleri m\u00fcdahale etti.<\/p>\n\n\n\n<h3 class=\"wp-block-heading\">SEND\u0130KA BA\u015eKANI G\u00d6ZALTINA ALINDI<\/h3>\n\n\n\n<p class=\"wp-block-paragraph\">M\u00fcdahale s\u0131ras\u0131nda \u00d6zel Sekt\u00f6r \u00d6\u011fretmenleri Sendikas\u0131 Genel Ba\u015fkan\u0131 Eren Edebali ile bir sendika \u00fcyesi g\u00f6zalt\u0131na al\u0131nd\u0131.<\/p>\n\n\n\n<p class=\"wp-block-paragraph\">Ya\u015fanan m\u00fcdahalenin ard\u0131ndan b\u00f6lgede gerginlik ya\u015fan\u0131rken, \u00f6\u011fretmenlerin taleplerine ili\u015fkin a\u00e7\u0131klamalar\u0131n\u0131n engellendi\u011fi belirtildi.<\/p>\n","protected":false},"excerpt":{"rendered":"<p>\u00d6zel Sekt\u00f6r \u00d6\u011fretmenleri Sendikas\u0131, m\u00fclakat ma\u011fduru \u00f6\u011fretmenler ile \u00f6zel sekt\u00f6rde \u00e7al\u0131\u015fan e\u011fitim emek\u00e7ilerinin ya\u015fad\u0131\u011f\u0131 sorunlara<\/p>\n","protected":false},"author":1,"featured_media":3159,"comment_status":"open","ping_status":"open","sticky":false,"template":"","format":"standard","meta":{"_rtcl_gb_attr":"","footnotes":""},"categories":[43],"tags":[],"class_list":["post-3158","post","type-post","status-publish","format-standard","has-post-thumbnail","hentry","category-son-dakika"],"_links":{"self":[{"href":"https:\/\/turkiyemhaber.com\/index.php?rest_route=\/wp\/v2\/posts\/3158","targetHints":{"allow":["GET"]}}],"collection":[{"href":"https:\/\/turkiyemhaber.com\/index.php?rest_route=\/wp\/v2\/posts"}],"about":[{"href":"https:\/\/turkiyemhaber.com\/index.php?rest_route=\/wp\/v2\/types\/post"}],"author":[{"embeddable":true,"href":"https:\/\/turkiyemhaber.com\/index.php?rest_route=\/wp\/v2\/users\/1"}],"replies":[{"embeddable":true,"href":"https:\/\/turkiyemhaber.com\/index.php?rest_route=%2Fwp%2Fv2%2Fcomments&post=3158"}],"version-history":[{"count":1,"href":"https:\/\/turkiyemhaber.com\/index.php?rest_route=\/wp\/v2\/posts\/3158\/revisions"}],"predecessor-version":[{"id":3160,"href":"https:\/\/turkiyemhaber.com\/index.php?rest_route=\/wp\/v2\/posts\/3158\/revisions\/3160"}],"wp:featuredmedia":[{"embeddable":true,"href":"https:\/\/turkiyemhaber.com\/index.php?rest_route=\/wp\/v2\/media\/3159"}],"wp:attachment":[{"href":"https:\/\/turkiyemhaber.com\/index.php?rest_route=%2Fwp%2Fv2%2Fmedia&parent=3158"}],"wp:term":[{"taxonomy":"category","embeddable":true,"href":"https:\/\/turkiyemhaber.com\/index.php?rest_route=%2Fwp%2Fv2%2Fcategories&post=3158"},{"taxonomy":"post_tag","embeddable":true,"href":"https:\/\/turkiyemhaber.com\/index.php?rest_route=%2Fwp%2Fv2%2Ftags&post=3158"}],"curies":[{"name":"wp","href":"https:\/\/api.w.org\/{rel}","templated":true}]}}