{"id":3155,"date":"2026-06-14T09:55:33","date_gmt":"2026-06-14T09:55:33","guid":{"rendered":"https:\/\/turkiyemhaber.com\/?p=3155"},"modified":"2026-06-14T09:55:37","modified_gmt":"2026-06-14T09:55:37","slug":"firtina-deresinde-bot-kazasinda-hayatini-kaybeden-afad-personeli-omer-faruk-ozkan-icin-toren-yapildi","status":"publish","type":"post","link":"https:\/\/turkiyemhaber.com\/?p=3155","title":{"rendered":"F\u0131rt\u0131na Deresi&#8217;nde bot kazas\u0131nda hayat\u0131n\u0131 kaybeden AFAD personeli \u00d6mer Faruk \u00d6zkan i\u00e7in t\u00f6ren yap\u0131ld\u0131."},"content":{"rendered":"\n<p class=\"wp-block-paragraph\"><a href=\"https:\/\/www.sondakika.com\/rize\/\">Rize<\/a>&#8216;nin&nbsp;<a href=\"https:\/\/www.sondakika.com\/camlihemsin\/\">\u00c7aml\u0131hem\u015fin<\/a>&nbsp;il\u00e7esindeki&nbsp;<a href=\"https:\/\/www.sondakika.com\/firtina-2\/\">F\u0131rt\u0131na<\/a>&nbsp;Deresi&#8217;nde botun devrilmesi sonucu hayat\u0131n\u0131 kaybeden \u0130l Afet ve Acil Durum M\u00fcd\u00fcrl\u00fc\u011f\u00fc (<a href=\"https:\/\/www.sondakika.com\/afad\/\">AFAD<\/a>) personeli \u00d6mer&nbsp;<a href=\"https:\/\/www.sondakika.com\/faruk-ozkan\/\">Faruk \u00d6zkan<\/a>&nbsp;i\u00e7in t\u00f6ren d\u00fczenlendi.<\/p>\n\n\n\n<p class=\"wp-block-paragraph\">Vali \u0130hsan Selim Bayda\u015f, AFAD \u0130l M\u00fcd\u00fcrl\u00fc\u011f\u00fc \u00f6n\u00fcnde ger\u00e7ekle\u015ftirilen t\u00f6rende yapt\u0131\u011f\u0131 konu\u015fmada, \u00d6zkan&#8217;\u0131n vefat\u0131ndan duydu\u011fu \u00fcz\u00fcnt\u00fcy\u00fc dile getirdi.<\/p>\n\n\n\n<p class=\"wp-block-paragraph\">Bayda\u015f, ekiplerin arama kurtarma faaliyetlerinde g\u00f6revlerini &#8220;can\u0131 pahas\u0131na&#8221; yerine getirdiklerini belirterek, &#8220;\u0130\u015fte onun ne anlama geldi\u011finin bir \u00f6rne\u011fi buradad\u0131r. \u00c7aml\u0131hem\u015fin&#8217;de arama kurtarma faaliyeti s\u0131ras\u0131nda arkada\u015flar\u0131m\u0131z her zamanki gibi canlar\u0131 pahas\u0131na o faaliyeti icra ederken bug\u00fcn \u00d6mer Faruk karde\u015fimizi maalesef kaybettik. Cenab-\u0131 Allah&#8217;a, ebediyete u\u011furluyoruz.&#8221; dedi.<\/p>\n\n\n\n<p class=\"wp-block-paragraph\">AFAD personelinin \u00fclkenin d\u00f6rt bir yan\u0131nda ya\u015fanan elim olaylarda g\u00f6reve ilk ko\u015fanlar aras\u0131nda yer ald\u0131\u011f\u0131n\u0131 vurgulayan Bayda\u015f, &#8220;\u0130limizde de \u00e7e\u015fitli afetler meydana geldi\u011finde hemen \u00e7a\u011fr\u0131 beklemeksizin g\u00f6rev al\u0131p, heyecanla millete, memlekete hizmet etme ve bir yaraya merhem olma, bir cana can olma saikiyle ilk ko\u015fanlard\u0131r.&#8221; diye konu\u015ftu.<\/p>\n\n\n\n<p class=\"wp-block-paragraph\">Bayda\u015f, ya\u015fanan elim kazada d\u00f6rt ki\u015finin yaraland\u0131\u011f\u0131n\u0131, bir ki\u015finin de ya\u015fam\u0131n\u0131 yitirdi\u011fini hat\u0131rlatarak, &#8220;Sa\u011fl\u0131k durumlar\u0131 elhamd\u00fclillah iyi ama \u00d6mer Faruk evlad\u0131m\u0131z\u0131, karde\u015fimizi u\u011furluyoruz. Ba\u015f\u0131m\u0131z sa\u011f olsun. Rabbim b\u00f6yle ac\u0131lar\u0131 tekrar g\u00f6stermesin. Ailesine, annesine, babas\u0131na, e\u015fine sab\u0131rlar versin.&#8221; ifadelerini kulland\u0131.<\/p>\n\n\n\n<p class=\"wp-block-paragraph\">Bu t\u00fcr ac\u0131lar\u0131n bir daha ya\u015fanmamas\u0131n\u0131 temenni eden Bayda\u015f, &#8220;Bu u\u011furlamayla in\u015fallah Bolu&#8217;ya, memleketine u\u011furlayaca\u011f\u0131z ve orada memleketinde Cenab-\u0131 Allah&#8217;a emaneti tevdi edece\u011fiz.&#8221; dedi.<\/p>\n\n\n\n<p class=\"wp-block-paragraph\">\u0130l M\u00fcft\u00fcs\u00fc Naci \u00c7akmak\u00e7\u0131&#8217;n\u0131n yapt\u0131\u011f\u0131 duan\u0131n ard\u0131ndan \u00d6zkan&#8217;\u0131n T\u00fcrk bayra\u011f\u0131na sar\u0131l\u0131 tabutu, meslekta\u015flar\u0131n\u0131n omuzlar\u0131nda cenaze nakil arac\u0131na bindirilerek kara yoluyla memleketi Bolu&#8217;ya g\u00f6nderildi.<\/p>\n\n\n\n<p class=\"wp-block-paragraph\">T\u00f6rene Rize Belediye Ba\u015fkan\u0131 Rahmi Metin, Rize Cumhuriyet Ba\u015fsavc\u0131s\u0131 Recep Sevgili, \u0130l Jandarma Komutan\u0131 Albay Adnan \u00c7elebi, \u0130l Emniyet M\u00fcd\u00fcr\u00fc Murat T\u00fcresin, AFAD \u0130l M\u00fcd\u00fcr\u00fc Mehmet Salih Avc\u0131, AK Parti Rize \u0130l Ba\u015fkan\u0131 Y\u0131lmaz Katmer, AFAD personeli ve kurum m\u00fcd\u00fcrleri kat\u0131ld\u0131.<\/p>\n\n\n\n<p class=\"wp-block-paragraph\">Olay<\/p>\n\n\n\n<p class=\"wp-block-paragraph\">\u0130l\u00e7ede kaybolan Volkan Civeleko\u011flu&#8217;na y\u00f6nelik arama \u00e7al\u0131\u015fmalar\u0131 s\u0131ras\u0131nda AFAD personelinin bulundu\u011fu botun kayaya \u00e7arparak devrilmesi sonucu \u00d6zkan, hayat\u0131n\u0131 kaybetmi\u015fti.<\/p>\n","protected":false},"excerpt":{"rendered":"<p>Rize&#8216;nin&nbsp;\u00c7aml\u0131hem\u015fin&nbsp;il\u00e7esindeki&nbsp;F\u0131rt\u0131na&nbsp;Deresi&#8217;nde botun devrilmesi sonucu hayat\u0131n\u0131 kaybeden \u0130l Afet ve Acil Durum M\u00fcd\u00fcrl\u00fc\u011f\u00fc (AFAD) personeli \u00d6mer&nbsp;Faruk<\/p>\n","protected":false},"author":1,"featured_media":3156,"comment_status":"open","ping_status":"open","sticky":false,"template":"","format":"standard","meta":{"_rtcl_gb_attr":"","footnotes":""},"categories":[1],"tags":[],"class_list":["post-3155","post","type-post","status-publish","format-standard","has-post-thumbnail","hentry","category-http-turkiyemhaber-com-wp-content-uploads-2026-03-saray-59-haber-13-mart-pdf"],"_links":{"self":[{"href":"https:\/\/turkiyemhaber.com\/index.php?rest_route=\/wp\/v2\/posts\/3155","targetHints":{"allow":["GET"]}}],"collection":[{"href":"https:\/\/turkiyemhaber.com\/index.php?rest_route=\/wp\/v2\/posts"}],"about":[{"href":"https:\/\/turkiyemhaber.com\/index.php?rest_route=\/wp\/v2\/types\/post"}],"author":[{"embeddable":true,"href":"https:\/\/turkiyemhaber.com\/index.php?rest_route=\/wp\/v2\/users\/1"}],"replies":[{"embeddable":true,"href":"https:\/\/turkiyemhaber.com\/index.php?rest_route=%2Fwp%2Fv2%2Fcomments&post=3155"}],"version-history":[{"count":1,"href":"https:\/\/turkiyemhaber.com\/index.php?rest_route=\/wp\/v2\/posts\/3155\/revisions"}],"predecessor-version":[{"id":3157,"href":"https:\/\/turkiyemhaber.com\/index.php?rest_route=\/wp\/v2\/posts\/3155\/revisions\/3157"}],"wp:featuredmedia":[{"embeddable":true,"href":"https:\/\/turkiyemhaber.com\/index.php?rest_route=\/wp\/v2\/media\/3156"}],"wp:attachment":[{"href":"https:\/\/turkiyemhaber.com\/index.php?rest_route=%2Fwp%2Fv2%2Fmedia&parent=3155"}],"wp:term":[{"taxonomy":"category","embeddable":true,"href":"https:\/\/turkiyemhaber.com\/index.php?rest_route=%2Fwp%2Fv2%2Fcategories&post=3155"},{"taxonomy":"post_tag","embeddable":true,"href":"https:\/\/turkiyemhaber.com\/index.php?rest_route=%2Fwp%2Fv2%2Ftags&post=3155"}],"curies":[{"name":"wp","href":"https:\/\/api.w.org\/{rel}","templated":true}]}}