{"id":3153,"date":"2026-06-14T09:42:09","date_gmt":"2026-06-14T09:42:09","guid":{"rendered":"https:\/\/turkiyemhaber.com\/?p=3153"},"modified":"2026-06-14T09:42:13","modified_gmt":"2026-06-14T09:42:13","slug":"kilicdaroglu-dugmeye-basti-pazartesi-gunu-chpde-hem-atama-hem-de-gorevden-alma-operasyonu-basliyor","status":"publish","type":"post","link":"https:\/\/turkiyemhaber.com\/?p=3153","title":{"rendered":"K\u0131l\u0131\u00e7daro\u011flu d\u00fc\u011fmeye bast\u0131: Pazartesi g\u00fcn\u00fc CHP\u2019de hem atama hem de g\u00f6revden alma operasyonu ba\u015fl\u0131yor"},"content":{"rendered":"\n<p class=\"wp-block-paragraph\">CHP&#8217;de ge\u00e7en hafta patlak veren grup toplant\u0131s\u0131 krizinin ard\u0131ndan Genel Ba\u015fkan Kemal K\u0131l\u0131\u00e7daro\u011flu&#8217;ndan \u00e7ok konu\u015fulacak bir &#8220;pazartesi hamlesi&#8221; geliyor. Ankara kulislerindeki son durumu aktaran Dr. Ali Haydar F\u0131rat, K\u0131l\u0131\u00e7daro\u011flu&#8217;nun pazartesi g\u00fcn\u00fc yeni grup ba\u015fkanvekillerini atayaca\u011f\u0131n\u0131 ve partinin kalbi konumundaki \u0130stanbul, Ankara ve \u0130zmir il ba\u015fkanlar\u0131n\u0131 de\u011fi\u015ftirece\u011fini ileri s\u00fcrd\u00fc.<\/p>\n\n\n\n<p class=\"wp-block-paragraph\">Cumhuriyet Halk Partisi\u2019nde (CHP) ge\u00e7ti\u011fimiz hafta ya\u015fanan grup toplant\u0131s\u0131 geriliminin ard\u0131ndan g\u00f6zler bu haftaya \u00e7evrildi.&nbsp;<a href=\"https:\/\/www.sondakika.com\/ankara\/\">Ankara<\/a>&nbsp;kulislerindeki son hareketlili\u011fi aktaran \u0130leti\u015fim Bilimci Dr. Ali Haydar F\u0131rat, Genel Ba\u015fkan Kemal K\u0131l\u0131\u00e7daro\u011flu\u2019nun pazartesi g\u00fcn\u00fc yeni grup ba\u015fkanvekillerini atayaca\u011f\u0131n\u0131 ve \u00fc\u00e7 b\u00fcy\u00fck\u015fehrin il ba\u015fkanl\u0131klar\u0131nda de\u011fi\u015fime gidilece\u011fini a\u00e7\u0131klad\u0131.<\/p>\n\n\n\n<p class=\"wp-block-paragraph\">TV100 ekranlar\u0131nda Ankara kulislerinde konu\u015fulan son geli\u015fmeleri payla\u015fan F\u0131rat, partideki yeni y\u00f6netimsel ad\u0131mlar\u0131 ve idari s\u00fcre\u00e7leri de\u011ferlendirdi.<\/p>\n\n\n\n<h3 class=\"wp-block-heading\">&#8220;YEN\u0130 GRUP BA\u015eKANVEK\u0130LLER\u0130 PAZARTES\u0130 ATANIYOR&#8221;<\/h3>\n\n\n\n<p class=\"wp-block-paragraph\">Parti i\u00e7indeki grup ba\u015fkanvekilli\u011fi krizine y\u00f6nelik pazartesi g\u00fcn\u00fc kritik bir hamle gelece\u011fini belirten F\u0131rat, \u015fu ifadeleri kulland\u0131:<\/p>\n\n\n\n<p class=\"wp-block-paragraph\">&#8220;\u00c7ok y\u00fcksek olas\u0131l\u0131kla grup ba\u015fkanvekillerine ili\u015fkin bir atama yap\u0131lacak. Burada temel mesele, Meclis Ba\u015fkan\u0131m\u0131z Say\u0131n Numan Kurtulmu\u015f\u2019un bir irade ortaya koymas\u0131 gerekiyor. Grup ba\u015fkanvekillerinin nas\u0131l se\u00e7ilece\u011fine ili\u015fkin, genel ba\u015fkan\u0131n izni olmadan ve bir sorumluluk duygusu ta\u015f\u0131madan yap\u0131lan se\u00e7imin hem hukuki olarak hem de me\u015fruiyet a\u00e7\u0131s\u0131ndan kabul edilebilirli\u011fi yok. \u0130simler hen\u00fcz belli de\u011fil. K\u0131l\u0131\u00e7daro\u011flu\u2019nun \u00f6n\u00fcnde mutlaka birileri \u00f6ne \u00e7\u0131kacakt\u0131r.&#8221;<\/p>\n\n\n\n<h3 class=\"wp-block-heading\">MECL\u0130S&#8217;TE &#8220;ODA BO\u015eALTMA&#8221; GERG\u0130NL\u0130\u011e\u0130 YA\u015eANIYOR<\/h3>\n\n\n\n<p class=\"wp-block-paragraph\">G\u00f6revden d\u00fc\u015f\u00fcr\u00fclen baz\u0131 grup ba\u015fkanvekillerinin Meclis&#8217;teki odalar\u0131n\u0131 bo\u015faltmamakta direndi\u011fini ifade eden F\u0131rat, genel merkez ile Meclis Ba\u015fkanl\u0131\u011f\u0131 aras\u0131nda resmi yaz\u0131\u015fmalar\u0131n s\u00fcrd\u00fc\u011f\u00fcn\u00fc kaydetti. S\u00fcreci de\u011ferlendiren F\u0131rat, &#8220;D\u00fc\u015f\u00fcr\u00fclen grup ba\u015fkanvekilleri var ve odalar\u0131 bo\u015faltmamakta \u0131srar ediyorlar. Her karar\u0131 bir \u00e7at\u0131\u015fma atmosferine d\u00f6n\u00fc\u015ft\u00fcrmek istiyorlar. &#8216;Gidece\u011fiz&#8217; diyorlar ama her karar\u0131 \u00e7at\u0131\u015fma ortam\u0131na \u00e7evirip burada nas\u0131l b\u00fcy\u00fck bir par\u00e7a koparabiliriz bunun \u00e7abas\u0131n\u0131 veriyorlar. K\u0131l\u0131\u00e7daro\u011flu\u2019nun tavr\u0131 ise son derece net: &#8216;Ben kendi partililerimi asla kar\u015f\u0131 kar\u015f\u0131ya getirmem&#8217; diyor ve partide bar\u0131\u015f atmosferinin hakim k\u0131l\u0131nmas\u0131 i\u00e7in \u00e7aba g\u00f6steriyor&#8221; dedi.<\/p>\n\n\n\n<h3 class=\"wp-block-heading\">&#8220;\u00dc\u00c7 B\u00dcY\u00dcK\u015eEHR\u0130N \u0130L BA\u015eKANI DE\u011e\u0130\u015e\u0130YOR&#8221; \u0130DD\u0130ASI<\/h3>\n\n\n\n<p class=\"wp-block-paragraph\">Krizin sadece TBMM grubuyla s\u0131n\u0131rl\u0131 kalmayaca\u011f\u0131n\u0131, \u00f6rg\u00fctlerde de k\u00f6kl\u00fc bir de\u011fi\u015fimin kap\u0131da oldu\u011funu vurgulayan Ali Haydar F\u0131rat, \u00f6zellikle \u00fc\u00e7 b\u00fcy\u00fck ilin hedefte oldu\u011funu belirtti. F\u0131rat, &#8220;Cumhuriyet Halk Partisi \u00f6rg\u00fctlerinde de \u00f6zellikle \u00fc\u00e7 b\u00fcy\u00fck\u015fehir i\u00e7in bunu s\u00f6yleyebilirim: Ankara,&nbsp;<a href=\"https:\/\/www.sondakika.com\/istanbul\/\">\u0130stanbul<\/a>&nbsp;ve&nbsp;<a href=\"https:\/\/www.sondakika.com\/izmir\/\">\u0130zmir<\/a>&nbsp;il ba\u015fkanl\u0131klar\u0131 de\u011fi\u015febilir. B\u00fcy\u00fck olas\u0131l\u0131kla b\u00f6yle bir s\u00fcre\u00e7 ya\u015fanacakt\u0131r&#8221; diyerek partideki b\u00fcy\u00fck de\u011fi\u015fimin sinyalini verdi.<\/p>\n","protected":false},"excerpt":{"rendered":"<p>CHP&#8217;de ge\u00e7en hafta patlak veren grup toplant\u0131s\u0131 krizinin ard\u0131ndan Genel Ba\u015fkan Kemal K\u0131l\u0131\u00e7daro\u011flu&#8217;ndan \u00e7ok konu\u015fulacak<\/p>\n","protected":false},"author":1,"featured_media":3130,"comment_status":"open","ping_status":"open","sticky":false,"template":"","format":"standard","meta":{"_rtcl_gb_attr":"","footnotes":""},"categories":[44],"tags":[],"class_list":["post-3153","post","type-post","status-publish","format-standard","has-post-thumbnail","hentry","category-politika"],"_links":{"self":[{"href":"https:\/\/turkiyemhaber.com\/index.php?rest_route=\/wp\/v2\/posts\/3153","targetHints":{"allow":["GET"]}}],"collection":[{"href":"https:\/\/turkiyemhaber.com\/index.php?rest_route=\/wp\/v2\/posts"}],"about":[{"href":"https:\/\/turkiyemhaber.com\/index.php?rest_route=\/wp\/v2\/types\/post"}],"author":[{"embeddable":true,"href":"https:\/\/turkiyemhaber.com\/index.php?rest_route=\/wp\/v2\/users\/1"}],"replies":[{"embeddable":true,"href":"https:\/\/turkiyemhaber.com\/index.php?rest_route=%2Fwp%2Fv2%2Fcomments&post=3153"}],"version-history":[{"count":1,"href":"https:\/\/turkiyemhaber.com\/index.php?rest_route=\/wp\/v2\/posts\/3153\/revisions"}],"predecessor-version":[{"id":3154,"href":"https:\/\/turkiyemhaber.com\/index.php?rest_route=\/wp\/v2\/posts\/3153\/revisions\/3154"}],"wp:featuredmedia":[{"embeddable":true,"href":"https:\/\/turkiyemhaber.com\/index.php?rest_route=\/wp\/v2\/media\/3130"}],"wp:attachment":[{"href":"https:\/\/turkiyemhaber.com\/index.php?rest_route=%2Fwp%2Fv2%2Fmedia&parent=3153"}],"wp:term":[{"taxonomy":"category","embeddable":true,"href":"https:\/\/turkiyemhaber.com\/index.php?rest_route=%2Fwp%2Fv2%2Fcategories&post=3153"},{"taxonomy":"post_tag","embeddable":true,"href":"https:\/\/turkiyemhaber.com\/index.php?rest_route=%2Fwp%2Fv2%2Ftags&post=3153"}],"curies":[{"name":"wp","href":"https:\/\/api.w.org\/{rel}","templated":true}]}}