{"id":3150,"date":"2026-06-14T09:36:54","date_gmt":"2026-06-14T09:36:54","guid":{"rendered":"https:\/\/turkiyemhaber.com\/?p=3150"},"modified":"2026-06-14T09:36:58","modified_gmt":"2026-06-14T09:36:58","slug":"yargitaydan-emsal-karar-seni-sevmiyorum-demenin-bedeli-agir-oldu","status":"publish","type":"post","link":"https:\/\/turkiyemhaber.com\/?p=3150","title":{"rendered":"Yarg\u0131tay&#8217;dan emsal karar: &#8220;Seni sevmiyorum&#8221; demenin bedeli a\u011f\u0131r oldu"},"content":{"rendered":"\n<p class=\"wp-block-paragraph\">Yarg\u0131tay 2. Hukuk Dairesi, bo\u015fanma davas\u0131nda e\u015fine &#8220;Seni sevmiyorum, sevgim bitti&#8221; diyen kad\u0131n\u0131 kusurlu buldu. Kararda, bu s\u00f6zlerin evlilik birli\u011finin sars\u0131lmas\u0131na neden olan davran\u0131\u015flar aras\u0131nda de\u011ferlendirildi\u011fi belirtilirken, karar\u0131n benzer davalar i\u00e7in emsal niteli\u011fi ta\u015f\u0131yabilece\u011fi ifade edildi.<\/p>\n\n\n\n<p class=\"wp-block-paragraph\"><a href=\"https:\/\/www.sondakika.com\/yargitay\/\">Yarg\u0131tay<\/a>&nbsp;2.&nbsp;<a href=\"https:\/\/www.sondakika.com\/hukuk\/\">Hukuk<\/a>&nbsp;Dairesi, bir bo\u015fanma davas\u0131nda &#8220;Seni sevmiyorum, sevgim bitti&#8221; diyen kad\u0131n\u0131 kusurlu buldu.<\/p>\n\n\n\n<p class=\"wp-block-paragraph\">\u015eiddetli ge\u00e7imsizlik ya\u015fayan gen\u00e7 \u00e7ift, bo\u015fanmak i\u00e7in Aile Mahkemesi&#8217;nin yolunu tuttu. Hem kad\u0131n hem de erkek taraf davac\u0131 oldu. Mahkeme, e\u015fine \u015fiddet uygulayan erke\u011fi kusurlu bulup, davac\u0131 kar\u015f\u0131 daval\u0131 kad\u0131n\u0131n davas\u0131n\u0131 kabul edip \u00e7ifti bo\u015fad\u0131. Karar\u0131 daval\u0131-kar\u015f\u0131 davac\u0131 erkek temyiz edince devreye Yarg\u0131tay 2. Hukuk Dairesi girdi. Daire, oy birli\u011fi ile ald\u0131\u011f\u0131 emsal kararla kad\u0131n\u0131 da kusurlu buldu.&nbsp;<\/p>\n\n\n\n<figure class=\"wp-block-image\"><img decoding=\"async\" src=\"https:\/\/foto.sondakika.com\/haber\/2026\/06\/14\/yargitaydan-emsal-karar-seni-s-19946789-9732_1_m.jpg\" alt=\"Yarg\u0131tay'dan emsal karar: \"\/><\/figure>\n\n\n\n<h3 class=\"wp-block-heading\">&#8220;SEN\u0130 SEVM\u0130YORUM&#8221; D\u0130YEN KADIN KUSURLU BULUNDU<\/h3>\n\n\n\n<p class=\"wp-block-paragraph\">Yarg\u0131tay&#8217;\u0131n karar\u0131nda, &#8220;Mahkemece evlilik birli\u011finin sars\u0131lmas\u0131na yol a\u00e7an olaylarda, daval\u0131-kar\u015f\u0131 davac\u0131 erkek tam kusurlu kabul edilerek erke\u011fin bo\u015fanma davas\u0131n\u0131n reddine, kad\u0131n\u0131n davas\u0131n\u0131n kabul\u00fcyle bo\u015fanmaya karar verilmi\u015ftir. Yap\u0131lan yarg\u0131lama ve toplanan delillerden, davac\u0131-kar\u015f\u0131 daval\u0131 kad\u0131n\u0131n davas\u0131n\u0131n kabul\u00fcyle bo\u015fanmaya karar verilmi\u015ftir. Yap\u0131lan yarg\u0131lama ve toplanan delillerden, davac\u0131-kar\u015f\u0131 daval\u0131 kad\u0131n\u0131n ba\u015fkalar\u0131n\u0131n yan\u0131nda e\u015fini kastederek &#8216;Ben \u00e7ocuk avutuyorum, biz \u00e7ocu\u011fa bak\u0131yoruz demek suretiyle e\u015fini a\u015fa\u011f\u0131lad\u0131\u011f\u0131 ve ben e\u015fimi sevmiyorum sevgim bitti&#8217; dedi\u011fi anla\u015f\u0131lmaktad\u0131r. Ger\u00e7ekle\u015fen bu duruma g\u00f6re, erkek de dava a\u00e7makta hakl\u0131d\u0131r. \u00d6yleyse, erke\u011fin davas\u0131n\u0131n da kabul\u00fc ile bo\u015fanmaya karar verilmesi gerekirken, davas\u0131n\u0131n reddi do\u011fru olmay\u0131p, bozmay\u0131 gerektirmi\u015ftir&#8221; ifadelerine yer verildi.<\/p>\n\n\n\n<p class=\"wp-block-paragraph\">Bursal\u0131lar karar\u0131 farkl\u0131 farkl\u0131 g\u00f6r\u00fc\u015flerle de\u011ferlendirirken, Yarg\u0131tay&#8217;\u0131n karar\u0131n\u0131n bundan sonraki kararlarda emsal te\u015fkil edece\u011fi hat\u0131rlat\u0131ld\u0131.<\/p>\n","protected":false},"excerpt":{"rendered":"<p>Yarg\u0131tay 2. Hukuk Dairesi, bo\u015fanma davas\u0131nda e\u015fine &#8220;Seni sevmiyorum, sevgim bitti&#8221; diyen kad\u0131n\u0131 kusurlu buldu.<\/p>\n","protected":false},"author":1,"featured_media":3151,"comment_status":"open","ping_status":"open","sticky":false,"template":"","format":"standard","meta":{"_rtcl_gb_attr":"","footnotes":""},"categories":[1],"tags":[],"class_list":["post-3150","post","type-post","status-publish","format-standard","has-post-thumbnail","hentry","category-http-turkiyemhaber-com-wp-content-uploads-2026-03-saray-59-haber-13-mart-pdf"],"_links":{"self":[{"href":"https:\/\/turkiyemhaber.com\/index.php?rest_route=\/wp\/v2\/posts\/3150","targetHints":{"allow":["GET"]}}],"collection":[{"href":"https:\/\/turkiyemhaber.com\/index.php?rest_route=\/wp\/v2\/posts"}],"about":[{"href":"https:\/\/turkiyemhaber.com\/index.php?rest_route=\/wp\/v2\/types\/post"}],"author":[{"embeddable":true,"href":"https:\/\/turkiyemhaber.com\/index.php?rest_route=\/wp\/v2\/users\/1"}],"replies":[{"embeddable":true,"href":"https:\/\/turkiyemhaber.com\/index.php?rest_route=%2Fwp%2Fv2%2Fcomments&post=3150"}],"version-history":[{"count":1,"href":"https:\/\/turkiyemhaber.com\/index.php?rest_route=\/wp\/v2\/posts\/3150\/revisions"}],"predecessor-version":[{"id":3152,"href":"https:\/\/turkiyemhaber.com\/index.php?rest_route=\/wp\/v2\/posts\/3150\/revisions\/3152"}],"wp:featuredmedia":[{"embeddable":true,"href":"https:\/\/turkiyemhaber.com\/index.php?rest_route=\/wp\/v2\/media\/3151"}],"wp:attachment":[{"href":"https:\/\/turkiyemhaber.com\/index.php?rest_route=%2Fwp%2Fv2%2Fmedia&parent=3150"}],"wp:term":[{"taxonomy":"category","embeddable":true,"href":"https:\/\/turkiyemhaber.com\/index.php?rest_route=%2Fwp%2Fv2%2Fcategories&post=3150"},{"taxonomy":"post_tag","embeddable":true,"href":"https:\/\/turkiyemhaber.com\/index.php?rest_route=%2Fwp%2Fv2%2Ftags&post=3150"}],"curies":[{"name":"wp","href":"https:\/\/api.w.org\/{rel}","templated":true}]}}