{"id":3147,"date":"2026-06-14T09:33:51","date_gmt":"2026-06-14T09:33:51","guid":{"rendered":"https:\/\/turkiyemhaber.com\/?p=3147"},"modified":"2026-06-14T09:33:55","modified_gmt":"2026-06-14T09:33:55","slug":"helal-olsun-sana-yenilgiye-ragmen-tum-alkislar-ona","status":"publish","type":"post","link":"https:\/\/turkiyemhaber.com\/?p=3147","title":{"rendered":"Helal olsun sana! Yenilgiye ra\u011fmen t\u00fcm alk\u0131\u015flar ona"},"content":{"rendered":"\n<p class=\"wp-block-paragraph\">A Milli Tak\u0131m&#8217;\u0131n Avustralya kar\u015f\u0131s\u0131nda ma\u011flup oldu\u011fu ma\u00e7ta ikinci yar\u0131da oyuna giren Kenan Y\u0131ld\u0131z, etkili performans\u0131yla dikkat \u00e7ekti. Gen\u00e7 futbolcu, yenilgiye ra\u011fmen taraftarlardan tam not ald\u0131.<\/p>\n\n\n\n<p class=\"wp-block-paragraph\"><a href=\"https:\/\/www.sondakika.com\/a-milli-futbol-takimi\/\">A Milli Futbol Tak\u0131m\u0131<\/a>&#8216;n\u0131n&nbsp;<a href=\"https:\/\/www.sondakika.com\/avustralya\/\">Avustralya<\/a>&nbsp;ile oynad\u0131\u011f\u0131&nbsp;<a href=\"https:\/\/www.sondakika.com\/dunya-kupasi\/\">D\u00fcnya Kupas\u0131<\/a>&nbsp;ma\u00e7\u0131nda ikinci yar\u0131da oyuna giren&nbsp;<a href=\"https:\/\/www.sondakika.com\/kenan-yildiz\/\">Kenan Y\u0131ld\u0131z<\/a>, k\u0131sa s\u00fcrede etkisini hissettirdi.&nbsp;H\u00fccum hatt\u0131na hareketlilik getiren gen\u00e7 futbolcu, topu ileri ta\u015f\u0131yan aksiyonlar\u0131 ve bire birdeki etkili oyunuyla \u00f6n plana \u00e7\u0131kt\u0131.<\/p>\n\n\n\n<h3 class=\"wp-block-heading\">TARAFTARLARDAN TAM NOT<\/h3>\n\n\n\n<p class=\"wp-block-paragraph\"><a href=\"https:\/\/www.sondakika.com\/milli-takim\/\">Milli Tak\u0131m<\/a>&#8216;\u0131n sahadan ma\u011flubiyetle ayr\u0131lmas\u0131na ra\u011fmen Kenan Y\u0131ld\u0131z&#8217;\u0131n performans\u0131 futbolseverlerden b\u00fcy\u00fck be\u011feni toplad\u0131.&nbsp;Bir\u00e7ok taraftar, gen\u00e7 y\u0131ld\u0131z\u0131n oyuna girdikten sonra tak\u0131m\u0131n h\u00fccum g\u00fcc\u00fcn\u00fc art\u0131rd\u0131\u011f\u0131n\u0131 ve m\u00fccadele iste\u011fiyle dikkat \u00e7ekti\u011fini ifade etti.<\/p>\n\n\n\n<figure class=\"wp-block-image\"><img decoding=\"async\" src=\"https:\/\/foto.sondakika.com\/haber\/2026\/06\/14\/helal-olsun-sana-yenilgiye-rag-bba51339e3-8728_1_m.jpg\" alt=\"Helal olsun sana! Yenilgiye ra\u011fmen t\u00fcm alk\u0131\u015flar ona\"\/><\/figure>\n\n\n\n<h3 class=\"wp-block-heading\">UMUT VEREN PERFORMANS<\/h3>\n\n\n\n<p class=\"wp-block-paragraph\">Kar\u015f\u0131la\u015fma \u00f6ncesinde sakatl\u0131\u011f\u0131 nedeniyle durumu merak edilen Kenan Y\u0131ld\u0131z&#8217;\u0131n ortaya koydu\u011fu g\u00f6r\u00fcnt\u00fc, teknik heyeti de sevindirdi.&nbsp;Gen\u00e7 oyuncu, sahada kald\u0131\u011f\u0131 s\u00fcre boyunca enerjisi ve \u00fcretkenli\u011fiyle tak\u0131m ad\u0131na olumlu sinyaller verdi.<\/p>\n\n\n\n<h3 class=\"wp-block-heading\">GELECEK MA\u00c7LAR \u0130\u00c7\u0130N MESAJ VERD\u0130<\/h3>\n\n\n\n<p class=\"wp-block-paragraph\">D\u00fcnya Kupas\u0131&#8217;n\u0131n hen\u00fcz ba\u015f\u0131nda olan A Milli Tak\u0131m&#8217;da Kenan Y\u0131ld\u0131z&#8217;\u0131n performans\u0131, ilerleyen ma\u00e7lar \u00f6ncesinde taraftarlara umut a\u015f\u0131lad\u0131.&nbsp;Gen\u00e7 y\u0131ld\u0131z\u0131n ortaya koydu\u011fu futbol, tak\u0131m\u0131n kalan grup kar\u015f\u0131la\u015fmalar\u0131nda daha fazla s\u00fcre alabilece\u011fi y\u00f6n\u00fcndeki beklentileri art\u0131rd\u0131.<\/p>\n","protected":false},"excerpt":{"rendered":"<p>A Milli Tak\u0131m&#8217;\u0131n Avustralya kar\u015f\u0131s\u0131nda ma\u011flup oldu\u011fu ma\u00e7ta ikinci yar\u0131da oyuna giren Kenan Y\u0131ld\u0131z, etkili<\/p>\n","protected":false},"author":1,"featured_media":3148,"comment_status":"open","ping_status":"open","sticky":false,"template":"","format":"standard","meta":{"_rtcl_gb_attr":"","footnotes":""},"categories":[3],"tags":[],"class_list":["post-3147","post","type-post","status-publish","format-standard","has-post-thumbnail","hentry","category-spor"],"_links":{"self":[{"href":"https:\/\/turkiyemhaber.com\/index.php?rest_route=\/wp\/v2\/posts\/3147","targetHints":{"allow":["GET"]}}],"collection":[{"href":"https:\/\/turkiyemhaber.com\/index.php?rest_route=\/wp\/v2\/posts"}],"about":[{"href":"https:\/\/turkiyemhaber.com\/index.php?rest_route=\/wp\/v2\/types\/post"}],"author":[{"embeddable":true,"href":"https:\/\/turkiyemhaber.com\/index.php?rest_route=\/wp\/v2\/users\/1"}],"replies":[{"embeddable":true,"href":"https:\/\/turkiyemhaber.com\/index.php?rest_route=%2Fwp%2Fv2%2Fcomments&post=3147"}],"version-history":[{"count":1,"href":"https:\/\/turkiyemhaber.com\/index.php?rest_route=\/wp\/v2\/posts\/3147\/revisions"}],"predecessor-version":[{"id":3149,"href":"https:\/\/turkiyemhaber.com\/index.php?rest_route=\/wp\/v2\/posts\/3147\/revisions\/3149"}],"wp:featuredmedia":[{"embeddable":true,"href":"https:\/\/turkiyemhaber.com\/index.php?rest_route=\/wp\/v2\/media\/3148"}],"wp:attachment":[{"href":"https:\/\/turkiyemhaber.com\/index.php?rest_route=%2Fwp%2Fv2%2Fmedia&parent=3147"}],"wp:term":[{"taxonomy":"category","embeddable":true,"href":"https:\/\/turkiyemhaber.com\/index.php?rest_route=%2Fwp%2Fv2%2Fcategories&post=3147"},{"taxonomy":"post_tag","embeddable":true,"href":"https:\/\/turkiyemhaber.com\/index.php?rest_route=%2Fwp%2Fv2%2Ftags&post=3147"}],"curies":[{"name":"wp","href":"https:\/\/api.w.org\/{rel}","templated":true}]}}