{"id":3144,"date":"2026-06-14T09:31:42","date_gmt":"2026-06-14T09:31:42","guid":{"rendered":"https:\/\/turkiyemhaber.com\/?p=3144"},"modified":"2026-06-14T09:31:46","modified_gmt":"2026-06-14T09:31:46","slug":"dakikalarca-izlettiler-sabahin-korunde-yapilan-rezillige-bakin","status":"publish","type":"post","link":"https:\/\/turkiyemhaber.com\/?p=3144","title":{"rendered":"Dakikalarca izlettiler! Sabah\u0131n k\u00f6r\u00fcnde yap\u0131lan rezilli\u011fe bak\u0131n"},"content":{"rendered":"\n<p class=\"wp-block-paragraph\">K\u0131r\u0131kkale&#8217;de d\u00fczenlenen milli ma\u00e7 etkinli\u011finde dev ekrana iddiaya g\u00f6re yanl\u0131\u015fl\u0131kla futbol oyunu yans\u0131t\u0131ld\u0131. Bir s\u00fcre oyunu izleyen vatanda\u015flar durumu fark edince organizasyona tepki g\u00f6sterdi.<\/p>\n\n\n\n<p class=\"wp-block-paragraph\"><a href=\"https:\/\/www.sondakika.com\/a-milli-futbol-takimi\/\">A Milli Futbol Tak\u0131m\u0131<\/a>&#8216;n\u0131n&nbsp;<a href=\"https:\/\/www.sondakika.com\/dunya-kupasi\/\">D\u00fcnya Kupas\u0131<\/a>&#8216;ndaki&nbsp;<a href=\"https:\/\/www.sondakika.com\/avustralya\/\">Avustralya<\/a>&nbsp;ma\u00e7\u0131n\u0131 takip etmek i\u00e7in&nbsp;<a href=\"https:\/\/www.sondakika.com\/kirikkale\/\">K\u0131r\u0131kkale<\/a>&#8216;de d\u00fczenlenen toplu izleme etkinli\u011finde ilgin\u00e7 bir olay ya\u015fand\u0131.&nbsp;\u0130ddiaya g\u00f6re dev ekrana kar\u015f\u0131la\u015fma yay\u0131n\u0131 yerine yanl\u0131\u015fl\u0131kla bir futbol oyunu yans\u0131t\u0131ld\u0131.<\/p>\n\n\n\n<h3 class=\"wp-block-heading\">B\u0130R S\u00dcRE OYUNU \u0130ZLED\u0130LER<\/h3>\n\n\n\n<p class=\"wp-block-paragraph\">Etkinlik alan\u0131ndaki vatanda\u015flar, ilk anda ekrandaki g\u00f6r\u00fcnt\u00fclerin ger\u00e7ek ma\u00e7 yay\u0131n\u0131 olmad\u0131\u011f\u0131n\u0131 fark etmedi.&nbsp;Bir s\u00fcre futbol oyununu izleyen kalabal\u0131k, g\u00f6r\u00fcnt\u00fclerdeki detaylardan \u015f\u00fcphelenince durum ortaya \u00e7\u0131kt\u0131.<\/p>\n\n\n\n<h3 class=\"wp-block-heading\">TEPK\u0130 G\u00d6STERD\u0130LER<\/h3>\n\n\n\n<p class=\"wp-block-paragraph\">Yanl\u0131\u015f yay\u0131n\u0131n fark edilmesinin ard\u0131ndan etkinlik alan\u0131nda bulunan baz\u0131 vatanda\u015flar organizasyona tepki g\u00f6sterdi.&nbsp;Ya\u015fanan kar\u0131\u015f\u0131kl\u0131k k\u0131sa s\u00fcrede \u00e7evredeki ki\u015filer aras\u0131nda konu\u015fulurken, g\u00f6r\u00fcnt\u00fcler de dikkat \u00e7ekti.<\/p>\n\n\n\n<h3 class=\"wp-block-heading\">OLAY G\u00dcNDEM OLDU<\/h3>\n\n\n\n<p class=\"wp-block-paragraph\">Milli ma\u00e7 heyecan\u0131 s\u0131ras\u0131nda ya\u015fanan ilgin\u00e7 olay, kar\u015f\u0131la\u015fman\u0131n \u00f6n\u00fcne ge\u00e7en detaylardan biri oldu.&nbsp;Vatanda\u015flar\u0131n bir s\u00fcre ger\u00e7ek ma\u00e7 yerine futbol oyunu izlemesi, izleyenleri hem \u015fa\u015f\u0131rtt\u0131 hem de g\u00fcld\u00fcrd\u00fc.<\/p>\n","protected":false},"excerpt":{"rendered":"<p>K\u0131r\u0131kkale&#8217;de d\u00fczenlenen milli ma\u00e7 etkinli\u011finde dev ekrana iddiaya g\u00f6re yanl\u0131\u015fl\u0131kla futbol oyunu yans\u0131t\u0131ld\u0131. Bir s\u00fcre<\/p>\n","protected":false},"author":1,"featured_media":3145,"comment_status":"open","ping_status":"open","sticky":false,"template":"","format":"standard","meta":{"_rtcl_gb_attr":"","footnotes":""},"categories":[1],"tags":[],"class_list":["post-3144","post","type-post","status-publish","format-standard","has-post-thumbnail","hentry","category-http-turkiyemhaber-com-wp-content-uploads-2026-03-saray-59-haber-13-mart-pdf"],"_links":{"self":[{"href":"https:\/\/turkiyemhaber.com\/index.php?rest_route=\/wp\/v2\/posts\/3144","targetHints":{"allow":["GET"]}}],"collection":[{"href":"https:\/\/turkiyemhaber.com\/index.php?rest_route=\/wp\/v2\/posts"}],"about":[{"href":"https:\/\/turkiyemhaber.com\/index.php?rest_route=\/wp\/v2\/types\/post"}],"author":[{"embeddable":true,"href":"https:\/\/turkiyemhaber.com\/index.php?rest_route=\/wp\/v2\/users\/1"}],"replies":[{"embeddable":true,"href":"https:\/\/turkiyemhaber.com\/index.php?rest_route=%2Fwp%2Fv2%2Fcomments&post=3144"}],"version-history":[{"count":1,"href":"https:\/\/turkiyemhaber.com\/index.php?rest_route=\/wp\/v2\/posts\/3144\/revisions"}],"predecessor-version":[{"id":3146,"href":"https:\/\/turkiyemhaber.com\/index.php?rest_route=\/wp\/v2\/posts\/3144\/revisions\/3146"}],"wp:featuredmedia":[{"embeddable":true,"href":"https:\/\/turkiyemhaber.com\/index.php?rest_route=\/wp\/v2\/media\/3145"}],"wp:attachment":[{"href":"https:\/\/turkiyemhaber.com\/index.php?rest_route=%2Fwp%2Fv2%2Fmedia&parent=3144"}],"wp:term":[{"taxonomy":"category","embeddable":true,"href":"https:\/\/turkiyemhaber.com\/index.php?rest_route=%2Fwp%2Fv2%2Fcategories&post=3144"},{"taxonomy":"post_tag","embeddable":true,"href":"https:\/\/turkiyemhaber.com\/index.php?rest_route=%2Fwp%2Fv2%2Ftags&post=3144"}],"curies":[{"name":"wp","href":"https:\/\/api.w.org\/{rel}","templated":true}]}}