{"id":3141,"date":"2026-06-14T09:29:35","date_gmt":"2026-06-14T09:29:35","guid":{"rendered":"https:\/\/turkiyemhaber.com\/?p=3141"},"modified":"2026-06-14T09:29:38","modified_gmt":"2026-06-14T09:29:38","slug":"cumhurbaskani-erdogan-imzaladi-mus-bitlis-siniri-resmen-belirlendi","status":"publish","type":"post","link":"https:\/\/turkiyemhaber.com\/?p=3141","title":{"rendered":"Cumhurba\u015fkan\u0131 Erdo\u011fan imzalad\u0131! Mu\u015f-Bitlis s\u0131n\u0131r\u0131 resmen belirlendi"},"content":{"rendered":"\n<p class=\"wp-block-paragraph\">Cumhurba\u015fkan\u0131 Recep Tayyip Erdo\u011fan&#8217;\u0131n imzas\u0131yla yay\u0131mlanan kararla Mu\u015f ile Bitlis aras\u0131ndaki il s\u0131n\u0131r\u0131 resmen yeniden belirlendi. Karasu Nehri ve \u00e7evredeki \u00e7e\u015fitli noktalar esas al\u0131narak \u00e7izilen yeni s\u0131n\u0131r hatt\u0131yla iki il aras\u0131ndaki idari belirsizlik giderilirken, taraflar\u0131n mevcut genel ve \u00f6zel haklar\u0131n\u0131n korunaca\u011f\u0131 da kararda yer ald\u0131.<\/p>\n\n\n\n<p class=\"wp-block-paragraph\">Cumhurba\u015fkan\u0131&nbsp;<a href=\"https:\/\/www.sondakika.com\/recep-tayyip-erdogan\/\">Recep Tayyip Erdo\u011fan<\/a>&#8216;\u0131n imzas\u0131yla yay\u0131mlanan karar do\u011frultusunda&nbsp;<a href=\"https:\/\/www.sondakika.com\/mus\/\">Mu\u015f<\/a>&nbsp;ile&nbsp;<a href=\"https:\/\/www.sondakika.com\/bitlis\/\">Bitlis<\/a>&nbsp;aras\u0131ndaki il s\u0131n\u0131r\u0131 yeniden belirlenerek resmiyet kazand\u0131. Kararla birlikte iki il aras\u0131ndaki s\u0131n\u0131r hatt\u0131na ili\u015fkin idari belirsizlikler de sona erdi.<\/p>\n\n\n\n<h3 class=\"wp-block-heading\">CUMHURBA\u015eKANI KARARI RESM\u0130 GAZETE&#8217;DE YAYIMLANDI<\/h3>\n\n\n\n<p class=\"wp-block-paragraph\">Resmi Gazete&#8217;de yay\u0131mlanan 12 Haziran 2026 tarihli ve 11426 say\u0131l\u0131 Cumhurba\u015fkan\u0131 Karar\u0131 ile Bitlis&#8217;in G\u00fcroymak il\u00e7esine ba\u011fl\u0131 G\u00fcnk\u0131r\u0131 Belediyesi ile Mu\u015f&#8217;un Hask\u00f6y il\u00e7esine ba\u011fl\u0131 B\u00fcvetli K\u00f6y\u00fc aras\u0131ndaki il s\u0131n\u0131r\u0131 yeniden tespit edildi.<\/p>\n\n\n\n<p class=\"wp-block-paragraph\">Karar\u0131n, 5442 say\u0131l\u0131 \u0130l \u0130daresi Kanunu&#8217;nun 2&#8217;nci maddesi kapsam\u0131nda al\u0131nd\u0131\u011f\u0131 belirtildi.<\/p>\n\n\n\n<h3 class=\"wp-block-heading\">SINIR HATTI KOORD\u0130NATLARLA BEL\u0130RLEND\u0130<\/h3>\n\n\n\n<p class=\"wp-block-paragraph\">Karar\u0131n ekinde yer alan kroki ve koordinatlara g\u00f6re s\u0131n\u0131r hatt\u0131&nbsp;<a href=\"https:\/\/www.sondakika.com\/karasu-nehri\/\">Karasu Nehri<\/a>&#8216;nden ba\u015flayarak Ayzut Burnu, Kilise Tepesi, K\u00fc\u00e7\u00fckhopikan Tepesi, Gevot Tepesi ve P\u00fc\u015f\u00fcr\u00fck Tepesi gibi noktalar \u00fczerinden ge\u00e7irilerek \u00e7izildi.<\/p>\n\n\n\n<p class=\"wp-block-paragraph\">Belirlenen koordinatlar do\u011frultusunda iki il aras\u0131ndaki s\u0131n\u0131r resmi olarak kay\u0131t alt\u0131na al\u0131nd\u0131.<\/p>\n\n\n\n<h3 class=\"wp-block-heading\">\u0130DAR\u0130 BEL\u0130RS\u0130ZL\u0130K SONA ERD\u0130<\/h3>\n\n\n\n<p class=\"wp-block-paragraph\">Y\u00fcr\u00fcrl\u00fc\u011fe giren d\u00fczenlemeyle birlikte Mu\u015f ile Bitlis aras\u0131ndaki s\u00f6z konusu s\u0131n\u0131r hatt\u0131na ili\u015fkin idari belirsizlikler giderildi.<\/p>\n\n\n\n<p class=\"wp-block-paragraph\">Kararda ayr\u0131ca, taraflar\u0131n kar\u015f\u0131 taraf s\u0131n\u0131rlar\u0131 i\u00e7erisinde kalan genel ve \u00f6zel haklar\u0131n\u0131n sakl\u0131 tutuldu\u011fu h\u00fckm\u00fcne de yer verildi.<\/p>\n","protected":false},"excerpt":{"rendered":"<p>Cumhurba\u015fkan\u0131 Recep Tayyip Erdo\u011fan&#8217;\u0131n imzas\u0131yla yay\u0131mlanan kararla Mu\u015f ile Bitlis aras\u0131ndaki il s\u0131n\u0131r\u0131 resmen yeniden<\/p>\n","protected":false},"author":1,"featured_media":3142,"comment_status":"open","ping_status":"open","sticky":false,"template":"","format":"standard","meta":{"_rtcl_gb_attr":"","footnotes":""},"categories":[1],"tags":[],"class_list":["post-3141","post","type-post","status-publish","format-standard","has-post-thumbnail","hentry","category-http-turkiyemhaber-com-wp-content-uploads-2026-03-saray-59-haber-13-mart-pdf"],"_links":{"self":[{"href":"https:\/\/turkiyemhaber.com\/index.php?rest_route=\/wp\/v2\/posts\/3141","targetHints":{"allow":["GET"]}}],"collection":[{"href":"https:\/\/turkiyemhaber.com\/index.php?rest_route=\/wp\/v2\/posts"}],"about":[{"href":"https:\/\/turkiyemhaber.com\/index.php?rest_route=\/wp\/v2\/types\/post"}],"author":[{"embeddable":true,"href":"https:\/\/turkiyemhaber.com\/index.php?rest_route=\/wp\/v2\/users\/1"}],"replies":[{"embeddable":true,"href":"https:\/\/turkiyemhaber.com\/index.php?rest_route=%2Fwp%2Fv2%2Fcomments&post=3141"}],"version-history":[{"count":1,"href":"https:\/\/turkiyemhaber.com\/index.php?rest_route=\/wp\/v2\/posts\/3141\/revisions"}],"predecessor-version":[{"id":3143,"href":"https:\/\/turkiyemhaber.com\/index.php?rest_route=\/wp\/v2\/posts\/3141\/revisions\/3143"}],"wp:featuredmedia":[{"embeddable":true,"href":"https:\/\/turkiyemhaber.com\/index.php?rest_route=\/wp\/v2\/media\/3142"}],"wp:attachment":[{"href":"https:\/\/turkiyemhaber.com\/index.php?rest_route=%2Fwp%2Fv2%2Fmedia&parent=3141"}],"wp:term":[{"taxonomy":"category","embeddable":true,"href":"https:\/\/turkiyemhaber.com\/index.php?rest_route=%2Fwp%2Fv2%2Fcategories&post=3141"},{"taxonomy":"post_tag","embeddable":true,"href":"https:\/\/turkiyemhaber.com\/index.php?rest_route=%2Fwp%2Fv2%2Ftags&post=3141"}],"curies":[{"name":"wp","href":"https:\/\/api.w.org\/{rel}","templated":true}]}}