{"id":3138,"date":"2026-06-14T09:27:29","date_gmt":"2026-06-14T09:27:29","guid":{"rendered":"https:\/\/turkiyemhaber.com\/?p=3138"},"modified":"2026-06-14T09:27:32","modified_gmt":"2026-06-14T09:27:32","slug":"ozel-harekat-evi-ablukaya-aldi-yakalaninca-calsaydiniz-acardim-dedi","status":"publish","type":"post","link":"https:\/\/turkiyemhaber.com\/?p=3138","title":{"rendered":"\u00d6zel harekat evi ablukaya ald\u0131, yakalan\u0131nca &#8220;\u00c7alsayd\u0131n\u0131z a\u00e7ard\u0131m&#8221; dedi"},"content":{"rendered":"\n<p class=\"wp-block-paragraph\">Bursa&#8217;da &#8220;kasten \u00f6ld\u00fcrme&#8221; su\u00e7undan hakk\u0131nda 8 y\u0131l kesinle\u015fmi\u015f hapis cezas\u0131 bulunan firari h\u00fck\u00fcml\u00fc, polis ekiplerinin t\u00fcm \u00e7a\u011fr\u0131lar\u0131na ra\u011fmen teslim olmay\u0131nca \u00f6zel harekat deste\u011fiyle operasyon d\u00fczenlendi. Ko\u00e7ba\u015f\u0131yla k\u0131r\u0131lan kap\u0131n\u0131n ard\u0131ndan g\u00f6zalt\u0131na al\u0131nan \u015f\u00fcpheli, &#8220;Kap\u0131y\u0131 \u00e7alsayd\u0131n\u0131z a\u00e7ard\u0131m&#8221; s\u00f6zleriyle \u015fa\u015fk\u0131nl\u0131k yaratt\u0131. Emniyetteki i\u015flemlerinin ard\u0131ndan adliyeye sevk edilen h\u00fck\u00fcml\u00fc cezaevine g\u00f6nderildi.<\/p>\n\n\n\n<p class=\"wp-block-paragraph\"><a href=\"https:\/\/www.sondakika.com\/bursa\/\">Bursa<\/a>&#8216;da &#8220;kasten \u00f6ld\u00fcrme&#8221; su\u00e7undan hakk\u0131nda 8 y\u0131l kesinle\u015fmi\u015f hapis cezas\u0131 bulunan firari h\u00fck\u00fcml\u00fc, teslim olmamak i\u00e7in saatlerce direndi. \u00d6zel harekat deste\u011fiyle kap\u0131s\u0131 ko\u00e7ba\u015f\u0131yla k\u0131r\u0131lan \u015f\u00fcpheli, g\u00f6zalt\u0131na al\u0131n\u0131rken s\u00f6yledi\u011fi s\u00f6zlerle dikkat \u00e7ekti.<\/p>\n\n\n\n<h3 class=\"wp-block-heading\">8 YILDIR ARANIYORDU, ADRES\u0130 TESP\u0130T ED\u0130LD\u0130<\/h3>\n\n\n\n<p class=\"wp-block-paragraph\">Bursa Asayi\u015f \u015eube M\u00fcd\u00fcrl\u00fc\u011f\u00fc G\u00fcven Timleri Amirli\u011fi ekipleri, aranan \u015fah\u0131slar\u0131n yakalanmas\u0131na y\u00f6nelik \u00e7al\u0131\u015fmalar kapsam\u0131nda &#8220;kasten \u00f6ld\u00fcrme&#8221; su\u00e7undan hakk\u0131nda 8 y\u0131l kesinle\u015fmi\u015f hapis cezas\u0131 bulunan C.S.&#8217;nin Osmangazi il\u00e7esi Demirkap\u0131 Mahallesi&#8217;nde sakland\u0131\u011f\u0131n\u0131 belirledi.&nbsp;Bunun \u00fczerine ekipler, belirlenen adrese operasyon d\u00fczenledi.<\/p>\n\n\n\n<figure class=\"wp-block-image\"><img decoding=\"async\" src=\"https:\/\/foto.sondakika.com\/haber\/2026\/06\/14\/ozel-harekat-evi-ablukaya-aldi-19946758-6691_1_m.jpg\" alt=\"\u00d6zel harekat evi ablukaya ald\u0131, yakalan\u0131nca \"\/><\/figure>\n\n\n\n<h3 class=\"wp-block-heading\">POL\u0130S\u0130N T\u00dcM \u00c7A\u011eRILARINA RA\u011eMEN KAPIYI A\u00c7MADI<\/h3>\n\n\n\n<p class=\"wp-block-paragraph\">Adrese gelen polis ekipleri, firari h\u00fck\u00fcml\u00fcn\u00fcn teslim olmas\u0131 i\u00e7in uzun s\u00fcre \u00e7a\u011fr\u0131da bulundu. Ancak \u015f\u00fcpheli t\u00fcm uyar\u0131lara ra\u011fmen kap\u0131y\u0131 a\u00e7mayarak direndi.&nbsp;Ya\u015fanan geli\u015fmeler \u00fczerine b\u00f6lgeye \u00f6zel harekat ekipleri sevk edildi. Evin \u00e7evresinde g\u00fcvenlik \u00f6nlemleri al\u0131n\u0131rken operasyon i\u00e7in haz\u0131rl\u0131k yap\u0131ld\u0131.<\/p>\n\n\n\n<figure class=\"wp-block-image\"><img decoding=\"async\" src=\"https:\/\/foto.sondakika.com\/haber\/2026\/06\/14\/ozel-harekat-evi-ablukaya-aldi-19946758-8208_1_m.jpg\" alt=\"\u00d6zel harekat evi ablukaya ald\u0131, yakalan\u0131nca \"\/><\/figure>\n\n\n\n<h3 class=\"wp-block-heading\">KO\u00c7BA\u015eIYLA KAPI KIRILDI<\/h3>\n\n\n\n<p class=\"wp-block-paragraph\">Saatler s\u00fcren bekleyi\u015fin ard\u0131ndan ekipler ko\u00e7ba\u015f\u0131 kullanarak kap\u0131y\u0131 k\u0131rd\u0131 ve eve girdi.&nbsp;<a href=\"https:\/\/www.sondakika.com\/operasyon\/\">Operasyon<\/a>&nbsp;sonucunda firari h\u00fck\u00fcml\u00fc g\u00f6zalt\u0131na al\u0131nd\u0131.&nbsp;Operasyon anlar\u0131 bas\u0131n mensuplar\u0131n\u0131n kameralar\u0131na da yans\u0131d\u0131.<\/p>\n\n\n\n<figure class=\"wp-block-image\"><img decoding=\"async\" src=\"https:\/\/foto.sondakika.com\/haber\/2026\/06\/14\/ozel-harekat-evi-ablukaya-aldi-19946758-8252_1_m.jpg\" alt=\"\u00d6zel harekat evi ablukaya ald\u0131, yakalan\u0131nca \"\/><\/figure>\n\n\n\n<h3 class=\"wp-block-heading\">G\u00d6ZALTINA ALINIRKEN \u015eA\u015eIRTAN S\u00d6ZLER<\/h3>\n\n\n\n<p class=\"wp-block-paragraph\">Saatlerce kap\u0131y\u0131 a\u00e7mayarak polis ekiplerine direnen C.S., g\u00f6zalt\u0131na al\u0131n\u0131rken ekipleri ikna etmeye \u00e7al\u0131\u015ft\u0131.&nbsp;\u015e\u00fcpheli, &#8220;Niye kap\u0131y\u0131 \u00e7alm\u0131yorsunuz? \u00c7alsan\u0131z kap\u0131y\u0131 a\u00e7ard\u0131m, sabah kimlik kontrol\u00fcne girdim evine git dediler&#8221; ifadelerini kulland\u0131.<\/p>\n\n\n\n<h3 class=\"wp-block-heading\">CEZAEV\u0130NE G\u00d6NDER\u0130LD\u0130<\/h3>\n\n\n\n<p class=\"wp-block-paragraph\">Emniyetteki i\u015flemlerinin tamamlanmas\u0131n\u0131n ard\u0131ndan adliyeye sevk edilen firari h\u00fck\u00fcml\u00fc, \u00e7\u0131kar\u0131ld\u0131\u011f\u0131 mahkemece cezaevine g\u00f6nderildi.<\/p>\n","protected":false},"excerpt":{"rendered":"<p>Bursa&#8217;da &#8220;kasten \u00f6ld\u00fcrme&#8221; su\u00e7undan hakk\u0131nda 8 y\u0131l kesinle\u015fmi\u015f hapis cezas\u0131 bulunan firari h\u00fck\u00fcml\u00fc, polis ekiplerinin<\/p>\n","protected":false},"author":1,"featured_media":3139,"comment_status":"open","ping_status":"open","sticky":false,"template":"","format":"standard","meta":{"_rtcl_gb_attr":"","footnotes":""},"categories":[1],"tags":[],"class_list":["post-3138","post","type-post","status-publish","format-standard","has-post-thumbnail","hentry","category-http-turkiyemhaber-com-wp-content-uploads-2026-03-saray-59-haber-13-mart-pdf"],"_links":{"self":[{"href":"https:\/\/turkiyemhaber.com\/index.php?rest_route=\/wp\/v2\/posts\/3138","targetHints":{"allow":["GET"]}}],"collection":[{"href":"https:\/\/turkiyemhaber.com\/index.php?rest_route=\/wp\/v2\/posts"}],"about":[{"href":"https:\/\/turkiyemhaber.com\/index.php?rest_route=\/wp\/v2\/types\/post"}],"author":[{"embeddable":true,"href":"https:\/\/turkiyemhaber.com\/index.php?rest_route=\/wp\/v2\/users\/1"}],"replies":[{"embeddable":true,"href":"https:\/\/turkiyemhaber.com\/index.php?rest_route=%2Fwp%2Fv2%2Fcomments&post=3138"}],"version-history":[{"count":1,"href":"https:\/\/turkiyemhaber.com\/index.php?rest_route=\/wp\/v2\/posts\/3138\/revisions"}],"predecessor-version":[{"id":3140,"href":"https:\/\/turkiyemhaber.com\/index.php?rest_route=\/wp\/v2\/posts\/3138\/revisions\/3140"}],"wp:featuredmedia":[{"embeddable":true,"href":"https:\/\/turkiyemhaber.com\/index.php?rest_route=\/wp\/v2\/media\/3139"}],"wp:attachment":[{"href":"https:\/\/turkiyemhaber.com\/index.php?rest_route=%2Fwp%2Fv2%2Fmedia&parent=3138"}],"wp:term":[{"taxonomy":"category","embeddable":true,"href":"https:\/\/turkiyemhaber.com\/index.php?rest_route=%2Fwp%2Fv2%2Fcategories&post=3138"},{"taxonomy":"post_tag","embeddable":true,"href":"https:\/\/turkiyemhaber.com\/index.php?rest_route=%2Fwp%2Fv2%2Ftags&post=3138"}],"curies":[{"name":"wp","href":"https:\/\/api.w.org\/{rel}","templated":true}]}}