{"id":3135,"date":"2026-06-14T09:24:39","date_gmt":"2026-06-14T09:24:39","guid":{"rendered":"https:\/\/turkiyemhaber.com\/?p=3135"},"modified":"2026-06-14T09:24:43","modified_gmt":"2026-06-14T09:24:43","slug":"hakkaride-kayinpederinin-evini-basan-uzman-cavus-4-kisiyi-oldurdu","status":"publish","type":"post","link":"https:\/\/turkiyemhaber.com\/?p=3135","title":{"rendered":"Hakkari&#8217;de kay\u0131npederinin evini basan uzman \u00e7avu\u015f, 4 ki\u015fiyi \u00f6ld\u00fcrd\u00fc"},"content":{"rendered":"\n<p class=\"wp-block-paragraph\">Hakkari&#8217;de kay\u0131npederinin evini basan uzman \u00e7avu\u015f, 4 ki\u015fiyi \u00f6ld\u00fcrd\u00fc<\/p>\n\n\n\n<p class=\"wp-block-paragraph\">Hakkari&#8217;nin \u015eemdinli il\u00e7esinde uzman \u00e7avu\u015f oldu\u011fu belirtilen bir ki\u015fi, kay\u0131npederinin evinde 4 ki\u015fiyi silahla \u00f6ld\u00fcrd\u00fc. Olay\u0131n ard\u0131ndan intihar giri\u015fiminde bulunan \u015f\u00fcpheli a\u011f\u0131r yaraland\u0131.<\/p>\n\n\n\n<h3 class=\"wp-block-heading\">KAYINPEDER\u0130N\u0130N EV\u0130N\u0130 BASTI<\/h3>\n\n\n\n<p class=\"wp-block-paragraph\">Olay, \u015eemdinli il\u00e7esine ba\u011fl\u0131 Be\u015fevler Mahallesi&#8217;nde meydana geldi. \u0130ddiaya g\u00f6re Akt\u00fct\u00fcn k\u00f6y\u00fc n\u00fcfusuna kay\u0131tl\u0131 uzman \u00e7avu\u015f M.G., hen\u00fcz bilinmeyen bir nedenle kay\u0131npederinin evine geldi.<\/p>\n\n\n\n<h3 class=\"wp-block-heading\">E\u015e\u0130 VE A\u0130LES\u0130N\u0130 HEDEF ALDI<\/h3>\n\n\n\n<p class=\"wp-block-paragraph\">M.G., evde bulunan kay\u0131nvalidesi H.D., kay\u0131nbiraderi G.D., bald\u0131z\u0131 D.D. ve e\u015fi G.G.&#8217;ye silahla ate\u015f a\u00e7t\u0131. Sald\u0131r\u0131da 4 ki\u015fi hayat\u0131n\u0131 kaybetti.<\/p>\n\n\n\n<h3 class=\"wp-block-heading\">\u0130NT\u0130HAR G\u0130R\u0130\u015e\u0130M\u0130NDE BULUNDU<\/h3>\n\n\n\n<p class=\"wp-block-paragraph\">Sald\u0131r\u0131n\u0131n ard\u0131ndan uzman \u00e7avu\u015f M.G. ayn\u0131 silahla intihar giri\u015fiminde bulundu. A\u011f\u0131r yaralanan \u015f\u00fcpheliye olay yerine sevk edilen sa\u011fl\u0131k ekipleri m\u00fcdahale etti.<\/p>\n\n\n\n<h3 class=\"wp-block-heading\">SORU\u015eTURMA BA\u015eLATILDI<\/h3>\n\n\n\n<p class=\"wp-block-paragraph\">\u0130hbar \u00fczerine b\u00f6lgeye \u00e7ok say\u0131da polis ve sa\u011fl\u0131k ekibi sevk edildi. Polis ekipleri olay yerinde geni\u015f g\u00fcvenlik \u00f6nlemleri al\u0131rken, ya\u015fanan olayla ilgili \u00e7ok y\u00f6nl\u00fc soru\u015fturma ba\u015flat\u0131ld\u0131.<\/p>\n","protected":false},"excerpt":{"rendered":"<p>Hakkari&#8217;de kay\u0131npederinin evini basan uzman \u00e7avu\u015f, 4 ki\u015fiyi \u00f6ld\u00fcrd\u00fc Hakkari&#8217;nin \u015eemdinli il\u00e7esinde uzman \u00e7avu\u015f oldu\u011fu<\/p>\n","protected":false},"author":1,"featured_media":3136,"comment_status":"open","ping_status":"open","sticky":false,"template":"","format":"standard","meta":{"_rtcl_gb_attr":"","footnotes":""},"categories":[1],"tags":[],"class_list":["post-3135","post","type-post","status-publish","format-standard","has-post-thumbnail","hentry","category-http-turkiyemhaber-com-wp-content-uploads-2026-03-saray-59-haber-13-mart-pdf"],"_links":{"self":[{"href":"https:\/\/turkiyemhaber.com\/index.php?rest_route=\/wp\/v2\/posts\/3135","targetHints":{"allow":["GET"]}}],"collection":[{"href":"https:\/\/turkiyemhaber.com\/index.php?rest_route=\/wp\/v2\/posts"}],"about":[{"href":"https:\/\/turkiyemhaber.com\/index.php?rest_route=\/wp\/v2\/types\/post"}],"author":[{"embeddable":true,"href":"https:\/\/turkiyemhaber.com\/index.php?rest_route=\/wp\/v2\/users\/1"}],"replies":[{"embeddable":true,"href":"https:\/\/turkiyemhaber.com\/index.php?rest_route=%2Fwp%2Fv2%2Fcomments&post=3135"}],"version-history":[{"count":1,"href":"https:\/\/turkiyemhaber.com\/index.php?rest_route=\/wp\/v2\/posts\/3135\/revisions"}],"predecessor-version":[{"id":3137,"href":"https:\/\/turkiyemhaber.com\/index.php?rest_route=\/wp\/v2\/posts\/3135\/revisions\/3137"}],"wp:featuredmedia":[{"embeddable":true,"href":"https:\/\/turkiyemhaber.com\/index.php?rest_route=\/wp\/v2\/media\/3136"}],"wp:attachment":[{"href":"https:\/\/turkiyemhaber.com\/index.php?rest_route=%2Fwp%2Fv2%2Fmedia&parent=3135"}],"wp:term":[{"taxonomy":"category","embeddable":true,"href":"https:\/\/turkiyemhaber.com\/index.php?rest_route=%2Fwp%2Fv2%2Fcategories&post=3135"},{"taxonomy":"post_tag","embeddable":true,"href":"https:\/\/turkiyemhaber.com\/index.php?rest_route=%2Fwp%2Fv2%2Ftags&post=3135"}],"curies":[{"name":"wp","href":"https:\/\/api.w.org\/{rel}","templated":true}]}}