{"id":3132,"date":"2026-06-13T22:29:18","date_gmt":"2026-06-13T22:29:18","guid":{"rendered":"https:\/\/turkiyemhaber.com\/?p=3132"},"modified":"2026-06-13T22:29:21","modified_gmt":"2026-06-13T22:29:21","slug":"coplukte-1-aylik-bebek-cesedi-bulundu","status":"publish","type":"post","link":"https:\/\/turkiyemhaber.com\/?p=3132","title":{"rendered":"\u00c7\u00f6pl\u00fckte 1 ayl\u0131k bebek cesedi bulundu"},"content":{"rendered":"\n<p class=\"wp-block-paragraph\">Tekirda\u011f\u2019\u0131n \u00c7orlu il\u00e7esinde bulunan bir \u00e7\u00f6p toplama alan\u0131nda, geri d\u00f6n\u00fc\u015f\u00fcm i\u015f\u00e7ileri taraf\u0131ndan \u00e7\u00f6p ay\u0131klama band\u0131 \u00fczerinde yakla\u015f\u0131k 1 ayl\u0131k bir erkek bebek cesedi bulundu. Bebe\u011fin kesin \u00f6l\u00fcm nedenin Adli T\u0131p Kurumu&#8217;nda yap\u0131lacak i\u015flemlerin ard\u0131ndan kesinlik kazanacak.<\/p>\n\n\n\n<p class=\"wp-block-paragraph\">Tekirda\u011f\u2019\u0131n&nbsp;<a href=\"https:\/\/www.sondakika.com\/corlu\/\">\u00c7orlu<\/a>&nbsp;il\u00e7esinde \u00e7\u00f6pl\u00fckte erkek bebek cesedi bulundu.<\/p>\n\n\n\n<h3 class=\"wp-block-heading\">1 AYLIK OLDU\u011eU BEL\u0130RLEND\u0130<\/h3>\n\n\n\n<p class=\"wp-block-paragraph\">\u00c7orlu il\u00e7esi Karatepe mevkisindeki \u00f6zel firma taraf\u0131ndan i\u015fletilen \u00e7\u00f6p toplama alan\u0131nda \u00e7al\u0131\u015fan i\u015f\u00e7iler, \u00f6nceki g\u00fcn \u00e7\u00f6p ay\u0131klama band\u0131nda bir erkek bebek cesedi buldu. \u0130\u015f\u00e7ilerin ihbar\u0131 \u00fczerine b\u00f6lgeye jandarma ve sa\u011fl\u0131k ekipleri sevk edildi. Ekiplerin yapt\u0131\u011f\u0131 kontrolde, erkek bebe\u011fin yakla\u015f\u0131k 1 ayl\u0131k oldu\u011fu tespit edildi.<\/p>\n\n\n\n<h3 class=\"wp-block-heading\">KES\u0130N \u00d6L\u00dcM NEDEN\u0130 ARA\u015eTIRILIYOR<\/h3>\n\n\n\n<p class=\"wp-block-paragraph\">Jandarma ve savc\u0131n\u0131n yapt\u0131\u011f\u0131 incelemenin ard\u0131ndan bebe\u011fin cans\u0131z bedeni kesin \u00f6l\u00fcm nedeninin belirlenmesi i\u00e7in Tekirda\u011f&nbsp;<a href=\"https:\/\/www.sondakika.com\/adli-tip-kurumu\/\">Adli T\u0131p Kurumu<\/a>&#8216;na g\u00f6t\u00fcr\u00fcld\u00fc. Jandarman\u0131n olaya ili\u015fkin soru\u015fturmas\u0131 s\u00fcr\u00fcyor.<\/p>\n","protected":false},"excerpt":{"rendered":"<p>Tekirda\u011f\u2019\u0131n \u00c7orlu il\u00e7esinde bulunan bir \u00e7\u00f6p toplama alan\u0131nda, geri d\u00f6n\u00fc\u015f\u00fcm i\u015f\u00e7ileri taraf\u0131ndan \u00e7\u00f6p ay\u0131klama band\u0131<\/p>\n","protected":false},"author":1,"featured_media":3133,"comment_status":"open","ping_status":"open","sticky":false,"template":"","format":"standard","meta":{"_rtcl_gb_attr":"","footnotes":""},"categories":[43],"tags":[],"class_list":["post-3132","post","type-post","status-publish","format-standard","has-post-thumbnail","hentry","category-son-dakika"],"_links":{"self":[{"href":"https:\/\/turkiyemhaber.com\/index.php?rest_route=\/wp\/v2\/posts\/3132","targetHints":{"allow":["GET"]}}],"collection":[{"href":"https:\/\/turkiyemhaber.com\/index.php?rest_route=\/wp\/v2\/posts"}],"about":[{"href":"https:\/\/turkiyemhaber.com\/index.php?rest_route=\/wp\/v2\/types\/post"}],"author":[{"embeddable":true,"href":"https:\/\/turkiyemhaber.com\/index.php?rest_route=\/wp\/v2\/users\/1"}],"replies":[{"embeddable":true,"href":"https:\/\/turkiyemhaber.com\/index.php?rest_route=%2Fwp%2Fv2%2Fcomments&post=3132"}],"version-history":[{"count":1,"href":"https:\/\/turkiyemhaber.com\/index.php?rest_route=\/wp\/v2\/posts\/3132\/revisions"}],"predecessor-version":[{"id":3134,"href":"https:\/\/turkiyemhaber.com\/index.php?rest_route=\/wp\/v2\/posts\/3132\/revisions\/3134"}],"wp:featuredmedia":[{"embeddable":true,"href":"https:\/\/turkiyemhaber.com\/index.php?rest_route=\/wp\/v2\/media\/3133"}],"wp:attachment":[{"href":"https:\/\/turkiyemhaber.com\/index.php?rest_route=%2Fwp%2Fv2%2Fmedia&parent=3132"}],"wp:term":[{"taxonomy":"category","embeddable":true,"href":"https:\/\/turkiyemhaber.com\/index.php?rest_route=%2Fwp%2Fv2%2Fcategories&post=3132"},{"taxonomy":"post_tag","embeddable":true,"href":"https:\/\/turkiyemhaber.com\/index.php?rest_route=%2Fwp%2Fv2%2Ftags&post=3132"}],"curies":[{"name":"wp","href":"https:\/\/api.w.org\/{rel}","templated":true}]}}