{"id":3129,"date":"2026-06-13T13:25:26","date_gmt":"2026-06-13T13:25:26","guid":{"rendered":"https:\/\/turkiyemhaber.com\/?p=3129"},"modified":"2026-06-13T13:25:30","modified_gmt":"2026-06-13T13:25:30","slug":"kilicdaroglu-chpsi-yuzde-kac-oy-alir-ozgur-ozel-anket-sonucu-paylasti","status":"publish","type":"post","link":"https:\/\/turkiyemhaber.com\/?p=3129","title":{"rendered":"K\u0131l\u0131\u00e7daro\u011flu CHP&#8217;si y\u00fczde ka\u00e7 oy al\u0131r? \u00d6zg\u00fcr \u00d6zel, anket sonucu payla\u015ft\u0131"},"content":{"rendered":"\n<p class=\"wp-block-paragraph\">Mutlak butlan karar\u0131 sonras\u0131 sular\u0131n durulmad\u0131\u011f\u0131 CHP&#8217;de \u00d6zg\u00fcr \u00d6zel&#8217;den dikkat \u00e7eken bir \u00e7\u0131k\u0131\u015f geldi. Elindeki anketi sonu\u00e7lar\u0131n\u0131 payla\u015fan \u00d6zel, &#8220;\u0130lk g\u00fcnlerde vatanda\u015flar durumu \u00e7ok anlamam\u0131\u015flar ve anketlerde K\u0131l\u0131\u00e7daro\u011flu CHP\u2019sine oy verir misiniz sorusuna evet diyenlerin oran\u0131 y\u00fczde 5 &#8211; 6\u2019larda \u00e7\u0131k\u0131yormu\u015f. \u015eimdi durum daha da vahim olmu\u015f. Durum anla\u015f\u0131ld\u0131k\u00e7a K\u0131l\u0131\u00e7daro\u011flu CHP\u2019sine oy verenlerin oran\u0131 y\u00fczde 1\u2019lere d\u00fc\u015fm\u00fc\u015f&#8221; dedi.<\/p>\n\n\n\n<p class=\"wp-block-paragraph\">Yarg\u0131n\u0131n &#8220;mutlak butlan&#8221; karar\u0131 sonras\u0131 genel ba\u015fkanl\u0131k makam\u0131n\u0131n el de\u011fi\u015ftirdi\u011fi&nbsp;<a href=\"https:\/\/www.sondakika.com\/cumhuriyet-halk-partisi\/\">Cumhuriyet Halk Partisi<\/a>&#8216;nde (CHP), sular durulmak bilmiyor. Mahkeme karar\u0131yla g\u00f6reve iade edilen Kemal K\u0131l\u0131\u00e7daro\u011flu y\u00f6netimi ile&nbsp;<a href=\"https:\/\/www.sondakika.com\/ozgur-ozel\/\">\u00d6zg\u00fcr \u00d6zel<\/a>&nbsp;aras\u0131ndaki gerilim bu kez anket verileri ve parti b\u00fct\u00e7esi \u00fczerinden alevlendi. Ya\u015fanan son geli\u015fmeleri de\u011ferlendiren \u00d6zg\u00fcr \u00d6zel, kamuoyu ara\u015ft\u0131rma \u015firketlerinden kendisine gelen bilgileri payla\u015farak yeni y\u00f6netime y\u00f6nelik \u00e7ok sert su\u00e7lamalarda bulundu.<\/p>\n\n\n\n<h3 class=\"wp-block-heading\">PART\u0130N\u0130N PARASINI ANKETLERE HARCAYACAK&#8221;<\/h3>\n\n\n\n<p class=\"wp-block-paragraph\">Gazeteci Fatih Altayl\u0131&#8217;ya a\u00e7\u0131klamalarda bulunan \u00d6zg\u00fcr \u00d6zel, kendilerinin kurumsal olarak bir anket \u00e7al\u0131\u015fmas\u0131 yapt\u0131rmad\u0131klar\u0131n\u0131 ancak kamuoyu ara\u015ft\u0131rma \u015firketi sahiplerinin do\u011frudan kendisini arayarak durumu aktard\u0131\u011f\u0131n\u0131 belirtti. Kemal K\u0131l\u0131\u00e7daro\u011flu\u2019nun t\u00fcm anket firmalar\u0131n\u0131 tek tek arayarak ara\u015ft\u0131rma yapmalar\u0131n\u0131 talep etti\u011fini iddia eden \u00d6zel, harcanan b\u00fct\u00e7eye dikkat \u00e7ekerek&nbsp;&#8220;Beni kamuoyu ara\u015ft\u0131rma \u015firketi sahipleri ar\u0131yor. K\u0131l\u0131\u00e7daro\u011flu hepsini aray\u0131p anket yapmalar\u0131n\u0131 istiyormu\u015f. Meydanlara \u00e7\u0131kamayaca\u011f\u0131, mitingi yapamayaca\u011f\u0131 i\u00e7in partinin paras\u0131n\u0131 buralara harcayacak, belli. Kamuoyu ara\u015ft\u0131rmalar\u0131 yapt\u0131racak. Reklamc\u0131lar\u0131 aray\u0131p imajlar\u0131n\u0131 d\u00fczeltecek kampanya \u00f6nerileri istiyormu\u015f&#8221; ifadelerine yer verdi.&nbsp;<\/p>\n\n\n\n<figure class=\"wp-block-image\"><img decoding=\"async\" src=\"https:\/\/foto.sondakika.com\/haber\/2026\/06\/13\/kilicdaroglu-chpsi-yuzde-kac-o-19944796-8596_1_m.jpg\" alt=\"K\u0131l\u0131\u00e7daro\u011flu CHP'si y\u00fczde ka\u00e7 oy al\u0131r? \u00d6zg\u00fcr \u00d6zel, anket sonucu payla\u015ft\u0131\"\/><\/figure>\n\n\n\n<h3 class=\"wp-block-heading\">&#8220;DURUM ANLA\u015eILDIK\u00c7A OYLARI Y\u00dcZDE 1\u2019E D\u00dc\u015eT\u00dc&#8221;<\/h3>\n\n\n\n<p class=\"wp-block-paragraph\">A\u00e7\u0131klamas\u0131n\u0131n devam\u0131nda son anket sonu\u00e7lar\u0131n\u0131n \u00fcrk\u00fct\u00fcc\u00fc bir tablo ortaya koydu\u011funu belirten \u00d6zel, vatanda\u015f\u0131n durumu kavrad\u0131k\u00e7a tepki g\u00f6sterdi\u011fini vurgulad\u0131. \u0130lk g\u00fcnlerde vatanda\u015flar\u0131n hukuki durumu tam anlamad\u0131\u011f\u0131 i\u00e7in &#8220;K\u0131l\u0131\u00e7daro\u011flu CHP\u2019sine oy verir misiniz?&#8221; sorusuna %5-6 band\u0131nda &#8220;evet&#8221; yan\u0131t\u0131 \u00e7\u0131kt\u0131\u011f\u0131n\u0131 s\u00f6yleyen \u00d6zel, &#8220;\u015eimdi durum daha da vahim olmu\u015f. Durum anla\u015f\u0131ld\u0131k\u00e7a K\u0131l\u0131\u00e7daro\u011flu CHP\u2019sine oy verenlerin oran\u0131 y\u00fczde 1\u2019lere d\u00fc\u015fm\u00fc\u015f. D\u00fc\u015f\u00fcnebiliyor musunuz!&#8221; \u015feklinde konu\u015ftu.&nbsp;<\/p>\n\n\n\n<figure class=\"wp-block-image\"><img decoding=\"async\" src=\"https:\/\/foto.sondakika.com\/haber\/2026\/06\/13\/kilicdaroglu-chpsi-yuzde-kac-o-19944796-5520_1_m.jpg\" alt=\"K\u0131l\u0131\u00e7daro\u011flu CHP'si y\u00fczde ka\u00e7 oy al\u0131r? \u00d6zg\u00fcr \u00d6zel, anket sonucu payla\u015ft\u0131\"\/><\/figure>\n\n\n\n<h3 class=\"wp-block-heading\">&#8220;B\u0130Z Y\u00dcZDE 38&#8217;E TA\u015eIDIK, BUNU AK PART\u0130 B\u0130LE YAPAMAZDI&#8221;<\/h3>\n\n\n\n<p class=\"wp-block-paragraph\">Kendi y\u00f6netimleri d\u00f6nemindeki se\u00e7im ba\u015far\u0131s\u0131 ile mevcut durumu k\u0131yaslayan \u00d6zg\u00fcr \u00d6zel, partinin getirildi\u011fi noktay\u0131 sert bir dille ele\u015ftirdi. G\u00f6reve geldiklerinde se\u00e7mende b\u00fcy\u00fck bir k\u0131rg\u0131nl\u0131k oldu\u011funu hat\u0131rlatan \u00d6zel, s\u00f6zlerini \u015f\u00f6yle noktalad\u0131:&nbsp;&#8220;Biz bu partinin y\u00f6netimine talip oldu\u011fumuz zaman \u015funu dedik: \u2018Oy oranlar\u0131m\u0131z y\u00fczde 13\u2019lere d\u00fc\u015ft\u00fc. Se\u00e7mende bir k\u0131rg\u0131nl\u0131k var. Y\u00f6netim de\u011fi\u015fmeden biz se\u00e7meni ikna edemeyiz.\u2019 Ve y\u00fczde 13 ile ald\u0131\u011f\u0131m\u0131z partiyi y\u00fczde 38\u2019e ta\u015f\u0131d\u0131k. \u0130lk se\u00e7imde. Ve hala 1. partiydik. \u015eimdi bunu yeniden d\u00fc\u015f\u00fcrmeyi ba\u015fard\u0131lar. Bunu AK Parti yapamazd\u0131.\u201d<\/p>\n","protected":false},"excerpt":{"rendered":"<p>Mutlak butlan karar\u0131 sonras\u0131 sular\u0131n durulmad\u0131\u011f\u0131 CHP&#8217;de \u00d6zg\u00fcr \u00d6zel&#8217;den dikkat \u00e7eken bir \u00e7\u0131k\u0131\u015f geldi. Elindeki<\/p>\n","protected":false},"author":1,"featured_media":3130,"comment_status":"open","ping_status":"open","sticky":false,"template":"","format":"standard","meta":{"_rtcl_gb_attr":"","footnotes":""},"categories":[44],"tags":[],"class_list":["post-3129","post","type-post","status-publish","format-standard","has-post-thumbnail","hentry","category-politika"],"_links":{"self":[{"href":"https:\/\/turkiyemhaber.com\/index.php?rest_route=\/wp\/v2\/posts\/3129","targetHints":{"allow":["GET"]}}],"collection":[{"href":"https:\/\/turkiyemhaber.com\/index.php?rest_route=\/wp\/v2\/posts"}],"about":[{"href":"https:\/\/turkiyemhaber.com\/index.php?rest_route=\/wp\/v2\/types\/post"}],"author":[{"embeddable":true,"href":"https:\/\/turkiyemhaber.com\/index.php?rest_route=\/wp\/v2\/users\/1"}],"replies":[{"embeddable":true,"href":"https:\/\/turkiyemhaber.com\/index.php?rest_route=%2Fwp%2Fv2%2Fcomments&post=3129"}],"version-history":[{"count":1,"href":"https:\/\/turkiyemhaber.com\/index.php?rest_route=\/wp\/v2\/posts\/3129\/revisions"}],"predecessor-version":[{"id":3131,"href":"https:\/\/turkiyemhaber.com\/index.php?rest_route=\/wp\/v2\/posts\/3129\/revisions\/3131"}],"wp:featuredmedia":[{"embeddable":true,"href":"https:\/\/turkiyemhaber.com\/index.php?rest_route=\/wp\/v2\/media\/3130"}],"wp:attachment":[{"href":"https:\/\/turkiyemhaber.com\/index.php?rest_route=%2Fwp%2Fv2%2Fmedia&parent=3129"}],"wp:term":[{"taxonomy":"category","embeddable":true,"href":"https:\/\/turkiyemhaber.com\/index.php?rest_route=%2Fwp%2Fv2%2Fcategories&post=3129"},{"taxonomy":"post_tag","embeddable":true,"href":"https:\/\/turkiyemhaber.com\/index.php?rest_route=%2Fwp%2Fv2%2Ftags&post=3129"}],"curies":[{"name":"wp","href":"https:\/\/api.w.org\/{rel}","templated":true}]}}