{"id":3126,"date":"2026-06-13T13:22:42","date_gmt":"2026-06-13T13:22:42","guid":{"rendered":"https:\/\/turkiyemhaber.com\/?p=3126"},"modified":"2026-06-13T13:22:46","modified_gmt":"2026-06-13T13:22:46","slug":"ali-mahir-basarir-kilicdaroglu-ile-ozel-konusmasini-anlatti-odasinda-bana-dedi-ki","status":"publish","type":"post","link":"https:\/\/turkiyemhaber.com\/?p=3126","title":{"rendered":"Ali Mahir Ba\u015far\u0131r, K\u0131l\u0131\u00e7daro\u011flu ile \u00f6zel konu\u015fmas\u0131n\u0131 anlatt\u0131: Odas\u0131nda bana dedi ki&#8230;"},"content":{"rendered":"\n<p class=\"wp-block-paragraph\">Kemal K\u0131l\u0131\u00e7daro\u011flu y\u00f6netiminin, 8 milletvekiliyle birlikte ihra\u00e7 talebiyle disipline sevk etti\u011fi Mersin Milletvekili Ali Mahir Ba\u015far\u0131r, se\u00e7im d\u00f6nemine ili\u015fkin dikkat \u00e7eken a\u00e7\u0131klamalar yapt\u0131. Ba\u015far\u0131r, o d\u00f6nem K\u0131l\u0131\u00e7daro\u011flu ile aralar\u0131nda ge\u00e7en diyalo\u011fu da ilk kez anlatt\u0131.<\/p>\n\n\n\n<p class=\"wp-block-paragraph\">CHP\u2019de &#8220;mutlak butlan&#8221; karar\u0131 sonras\u0131 ikinci kez Genel Ba\u015fkanl\u0131k koltu\u011funa oturan&nbsp;<a href=\"https:\/\/www.sondakika.com\/kemal-kilicdaroglu\/\">Kemal K\u0131l\u0131\u00e7daro\u011flu<\/a>&nbsp;y\u00f6netiminin, 8 milletvekiliyle birlikte ihra\u00e7 talebiyle disipline sevk etti\u011fi CHP&nbsp;<a href=\"https:\/\/www.sondakika.com\/mersin\/\">Mersin<\/a>&nbsp;<a href=\"https:\/\/www.sondakika.com\/milletvekili\/\">Milletvekili<\/a>&nbsp;<a href=\"https:\/\/www.sondakika.com\/ali-mahir-basarir\/\">Ali Mahir Ba\u015far\u0131r<\/a>, dikkat \u00e7eken a\u00e7\u0131klamalarda bulundu.&nbsp;&nbsp;TBMM web sitesinden Grup Ba\u015fkanvekilli\u011fi g\u00f6revi dahi d\u00fc\u015f\u00fcr\u00fclen Ba\u015far\u0131r, gazeteci \u015eule Ayd\u0131n&#8217;a yapt\u0131\u011f\u0131 a\u00e7\u0131klamada&nbsp;&#8220;Kemal Bey maalesef \u00e7ok k\u00f6t\u00fc bir projeymi\u015f&#8221; diyerek eski genel ba\u015fkan\u0131n ailesine &#8220;E\u015finize, baban\u0131za sahip \u00e7\u0131k\u0131n, iyi ellerde de\u011fil&#8221; \u00e7a\u011fr\u0131s\u0131nda bulundu.<\/p>\n\n\n\n<h3 class=\"wp-block-heading\">ARALARINDA GE\u00c7EN D\u0130YALO\u011eU \u0130LK KEZ ANLATTI&nbsp;<\/h3>\n\n\n\n<p class=\"wp-block-paragraph\">K\u0131l\u0131\u00e7daro\u011flu&#8217;nun CHP&#8217;den istifa ederek AK Parti saflar\u0131na ge\u00e7en&nbsp;Mersin Milletvekili Hasan Ufuk \u00c7ak\u0131r\u2019\u0131 listeye koymas\u0131na kar\u015f\u0131 \u00e7\u0131kt\u0131\u011f\u0131n\u0131 belirten Ali Mahir Ba\u015far\u0131r, aralar\u0131nda ge\u00e7en diyalo\u011fu ilk kez anlatt\u0131.&nbsp;Listelerin YSK&#8217;ya verilmesine saatler kala K\u0131l\u0131\u00e7daro\u011flu\u2019nun 39 milletvekilini zarf i\u00e7inde PM\u2019nin \u00f6n\u00fcne att\u0131\u011f\u0131n\u0131 s\u00f6yleyen Ba\u015far\u0131r, &#8220;En ac\u0131s\u0131n\u0131 s\u00f6yleyeyim mi? K\u0131l\u0131\u00e7daro\u011flu\u2019yla kopu\u015fum bu olayd\u0131r: Hasan Ufuk \u00c7akar\u2019\u0131 milletvekili yapmak istiyor, herkes kar\u015f\u0131. \u00c7\u0131kt\u0131m odas\u0131na, \u2018ne olur yapmay\u0131n, yalvar\u0131yorum\u2019 dedim. Durdu durdu durdu \u2018zaten dedi 5 ki\u015fi \u00e7\u0131kmaz Mersin&#8217;den\u2019 dedi. Ben b\u00f6yle durdum bir \u00fc\u00e7 saniye bakt\u0131m\u2026 \u2018Mersin\u2019de be\u015f \u00e7\u0131kmazsa zaten sen Cumhurba\u015fkan\u0131 olamazs\u0131n ki\u2026&#8217; Orada bitti benim i\u00e7in K\u0131l\u0131\u00e7daro\u011flu. Mersin&#8217;den 5 ki\u015finin \u00e7\u0131kaca\u011f\u0131na inanmayan bir ki\u015fi Cumhurba\u015fkan\u0131 olaca\u011f\u0131na inan\u0131yor mudur sizce?&#8221; ifadelerini kulland\u0131.&nbsp;<\/p>\n\n\n\n<h3 class=\"wp-block-heading\">ADAYLI\u011eI H\u0130\u00c7 TARTI\u015eILMADI: B\u0130R \u00d6ZELE\u015eT\u0130R\u0130D\u0130R<\/h3>\n\n\n\n<p class=\"wp-block-paragraph\">K\u0131l\u0131\u00e7daro\u011flu\u2019nun cumhurba\u015fkanl\u0131\u011f\u0131 adayl\u0131\u011f\u0131 s\u00fcrecinin parti i\u00e7inde hi\u00e7bir \u015fekilde tart\u0131\u015ft\u0131r\u0131lmad\u0131\u011f\u0131n\u0131 vurgulayan Ba\u015far\u0131r, \u015eule Ayd\u0131n\u2019\u0131n &#8220;Neden bunu o zaman dile getirmediniz?&#8221; sorusuna ise bir \u00f6zele\u015ftiriyle yan\u0131t verdi:&nbsp;&#8220;Ben o zaman milletvekiliydim. Grup toplant\u0131s\u0131na Engin Bey geldi. &#8216;Kemal Bey aday oluyor&#8217; dedi. Tart\u0131\u015f\u0131lmad\u0131, konu\u015fturulmad\u0131. O saatten sonra itiraz etsen &#8216;Senin y\u00fcz\u00fcnden kazanamad\u0131&#8217; denilecek. Ama yine itiraz edilebilir miydi? Evet edilebilirdi. Bunu da s\u00f6yleyebilirim bir \u00f6zele\u015ftiri olarak.&#8221;<\/p>\n\n\n\n<p class=\"wp-block-paragraph\"><img decoding=\"async\" alt=\"\u0130kilinin aras\u0131ndan bir d\u00f6nem su s\u0131zm\u0131yordu\" src=\"https:\/\/foto.sondakika.com\/haber\/2026\/06\/13\/ali-mahir-basarir-kilicdaroglu-19944564-6644_1_m.jpg\">\u0130kilinin aras\u0131ndan bir d\u00f6nem su s\u0131zm\u0131yordu<\/p>\n\n\n\n<h3 class=\"wp-block-heading\">&#8220;DEMEKK\u0130 G\u00d6REV\u0130 DAHA B\u0130TMEM\u0130\u015e&#8221;<\/h3>\n\n\n\n<p class=\"wp-block-paragraph\">Ba\u015far\u0131r, &#8220;Cumhurba\u015fkan\u0131 olmak istemeyen K\u0131l\u0131\u00e7daro\u011flu bug\u00fcn yarg\u0131 karar\u0131yla genel ba\u015fkanl\u0131\u011f\u0131 geri alarak ne istiyor?&#8221; sorusuna ise zehir zemberek bir analizle kar\u015f\u0131l\u0131k verdi:&nbsp;&#8220;Demek ki g\u00f6revi daha bitmemi\u015f bu \u00fclke i\u00e7in, partisi i\u00e7in, muhalefet i\u00e7in ya da bitmeyecek bizim bir \u00e7ilemiz varm\u0131\u015f, \u00f6yle alg\u0131l\u0131yorum. Mutlaka onda, kesinlikle onun bir g\u00f6revi var. Bir g\u00f6rev varm\u0131\u015f, kasetle ba\u015flayan bu s\u00fcre\u00e7 buraya kadar geldi. En son yapmas\u0131 gereken \u015fey, Cumhuriyet Halk Partisi\u2019ni kurumsal olarak da saray\u0131n bir uydusu yapmak istemesi. Bu kadar basit.&#8221;<\/p>\n\n\n\n<h3 class=\"wp-block-heading\">A\u0130LES\u0130NE \u00c7A\u011eRI: SAH\u0130P \u00c7IKIN, \u0130Y\u0130 ELLERDE DE\u011e\u0130L<\/h3>\n\n\n\n<p class=\"wp-block-paragraph\">K\u0131l\u0131\u00e7daro\u011flu&#8217;na kar\u015f\u0131 hi\u00e7bir sayg\u0131s\u0131n\u0131n ve duygusunun kalmad\u0131\u011f\u0131n\u0131 belirten Ali Mahir Ba\u015far\u0131r, &#8220;Kemal Bey maalesef \u00e7ok k\u00f6t\u00fc bir projeymi\u015f&#8221; diyerek eski genel ba\u015fkan\u0131n ailesine \u015fu \u00e7arp\u0131c\u0131 \u00e7a\u011fr\u0131y\u0131 yapt\u0131:&nbsp;&#8220;K\u0131ymetli ailesine bir kez daha buradan sesleniyorum; baban\u0131za, e\u015finize sahip \u00e7\u0131k\u0131n \u00e7\u00fcnk\u00fc iyi ellerde de\u011fil&#8230; \u0130drak edemiyor baz\u0131 \u015feyleri.&#8221;<\/p>\n","protected":false},"excerpt":{"rendered":"<p>Kemal K\u0131l\u0131\u00e7daro\u011flu y\u00f6netiminin, 8 milletvekiliyle birlikte ihra\u00e7 talebiyle disipline sevk etti\u011fi Mersin Milletvekili Ali Mahir<\/p>\n","protected":false},"author":1,"featured_media":3127,"comment_status":"open","ping_status":"open","sticky":false,"template":"","format":"standard","meta":{"_rtcl_gb_attr":"","footnotes":""},"categories":[44],"tags":[],"class_list":["post-3126","post","type-post","status-publish","format-standard","has-post-thumbnail","hentry","category-politika"],"_links":{"self":[{"href":"https:\/\/turkiyemhaber.com\/index.php?rest_route=\/wp\/v2\/posts\/3126","targetHints":{"allow":["GET"]}}],"collection":[{"href":"https:\/\/turkiyemhaber.com\/index.php?rest_route=\/wp\/v2\/posts"}],"about":[{"href":"https:\/\/turkiyemhaber.com\/index.php?rest_route=\/wp\/v2\/types\/post"}],"author":[{"embeddable":true,"href":"https:\/\/turkiyemhaber.com\/index.php?rest_route=\/wp\/v2\/users\/1"}],"replies":[{"embeddable":true,"href":"https:\/\/turkiyemhaber.com\/index.php?rest_route=%2Fwp%2Fv2%2Fcomments&post=3126"}],"version-history":[{"count":1,"href":"https:\/\/turkiyemhaber.com\/index.php?rest_route=\/wp\/v2\/posts\/3126\/revisions"}],"predecessor-version":[{"id":3128,"href":"https:\/\/turkiyemhaber.com\/index.php?rest_route=\/wp\/v2\/posts\/3126\/revisions\/3128"}],"wp:featuredmedia":[{"embeddable":true,"href":"https:\/\/turkiyemhaber.com\/index.php?rest_route=\/wp\/v2\/media\/3127"}],"wp:attachment":[{"href":"https:\/\/turkiyemhaber.com\/index.php?rest_route=%2Fwp%2Fv2%2Fmedia&parent=3126"}],"wp:term":[{"taxonomy":"category","embeddable":true,"href":"https:\/\/turkiyemhaber.com\/index.php?rest_route=%2Fwp%2Fv2%2Fcategories&post=3126"},{"taxonomy":"post_tag","embeddable":true,"href":"https:\/\/turkiyemhaber.com\/index.php?rest_route=%2Fwp%2Fv2%2Ftags&post=3126"}],"curies":[{"name":"wp","href":"https:\/\/api.w.org\/{rel}","templated":true}]}}