{"id":3123,"date":"2026-06-13T12:41:47","date_gmt":"2026-06-13T12:41:47","guid":{"rendered":"https:\/\/turkiyemhaber.com\/?p=3123"},"modified":"2026-06-13T12:41:50","modified_gmt":"2026-06-13T12:41:50","slug":"12-yargi-paketinde-memura-kotu-haber-artik-cezalar-ertelenmeyecek","status":"publish","type":"post","link":"https:\/\/turkiyemhaber.com\/?p=3123","title":{"rendered":"12. Yarg\u0131 Paketi&#8217;nde memura k\u00f6t\u00fc haber: Art\u0131k cezalar ertelenmeyecek"},"content":{"rendered":"\n<p class=\"wp-block-paragraph\">AK Parti&#8217;nin \u00fczerinde \u00e7al\u0131\u015ft\u0131\u011f\u0131 ve Meclis&#8217;e sunulmas\u0131 beklenen 12. Yarg\u0131 Paketi&#8217;ne ili\u015fkin detaylar netle\u015fmeye ba\u015flad\u0131. Tasla\u011fa g\u00f6re; kamu g\u00f6revlileri vatanda\u015fa k\u00f6t\u00fc muamelede bulunmas\u0131 gibi su\u00e7lardan dolay\u0131 ald\u0131klar\u0131 2 y\u0131la kadar olan cezalarda art\u0131k h\u00fckm\u00fcn a\u00e7\u0131klanmas\u0131n\u0131n geri b\u0131rak\u0131lmas\u0131 uygulamas\u0131ndan yararlanamayacak ve ald\u0131klar\u0131 cezalar ertelenmeyecek.<\/p>\n\n\n\n<p class=\"wp-block-paragraph\"><a href=\"https:\/\/www.sondakika.com\/ak-parti\/\">AK Parti<\/a>&nbsp;kurmaylar\u0131n\u0131n \u00fczerinde \u00e7al\u0131\u015ft\u0131\u011f\u0131 ve Meclis\u2019e sunulmas\u0131 beklenen 12.&nbsp;<a href=\"https:\/\/www.sondakika.com\/yargi\/\">Yarg\u0131<\/a>&nbsp;Paketinin detaylar\u0131nda, toplumun pek \u00e7ok kesimini ilgilendiren \u00f6nemli konularda d\u00fczenlemeler yer al\u0131yor. AK Parti, toplamda 60 maddeyi bulan taslak paketten, g\u00f6r\u00fc\u015fmeler s\u0131ras\u0131nda tart\u0131\u015fma \u00e7\u0131karabilecek maddeleri bir sonraki paketlere b\u0131rakarak sadele\u015ftirme yapmay\u0131 planl\u0131yor. Bu nedenle madde say\u0131s\u0131n\u0131n 25 dolay\u0131nda olaca\u011f\u0131 ve \u00fczerindeki \u00e7al\u0131\u015fmalar\u0131n \u00f6n\u00fcm\u00fczdeki hafta tamamlanmas\u0131 durumunda Meclis Ba\u015fkanl\u0131\u011f\u0131\u2019na sunulaca\u011f\u0131 belirtildi.<\/p>\n\n\n\n<h3 class=\"wp-block-heading\">PAKETTE NELER VAR?<\/h3>\n\n\n\n<p class=\"wp-block-paragraph\">Haberler.com Ankara Temsilcisi \u015eerife G\u00fczel&#8217;in haberine g\u00f6re; pakette yer alan d\u00fczenlemelerden biri, vatanda\u015fa k\u00f6t\u00fc muamelede bulunan kamu personeliyle ilgili. Mevcut durumda, k\u00f6t\u00fc muamelede bulunan kamu personeli, Ceza Muhakemesi Kanunu\u2019nun 231\u2019inci maddesinde yer alan \u20182 y\u0131la kadar olan cezalar i\u00e7in uygulanan h\u00fckm\u00fcn geri b\u0131rak\u0131lmas\u0131\u2019 h\u00fckm\u00fcnden yararlan\u0131yor ve cezalar\u0131 5 y\u0131l denetimli serbestlik ko\u015fuluyla erteleniyordu. Ancak Anayasa Mahkemesi, yasan\u0131n bu maddesini 10 Temmuz 2025\u2019te iptal etmi\u015f, Meclis\u2019e de, yeni d\u00fczenleme yap\u0131lmas\u0131 i\u00e7in 9 ay s\u00fcre vermi\u015fti.<\/p>\n\n\n\n<h3 class=\"wp-block-heading\">K\u00d6T\u00dc MUAMELEDE BULUNAN MEMURA K\u00d6T\u00dc HABER<\/h3>\n\n\n\n<p class=\"wp-block-paragraph\">AK Parti hukuk\u00e7ular\u0131n\u0131n \u00fczerinde \u00e7al\u0131\u015ft\u0131\u011f\u0131 12. Yarg\u0131 paketine Anayasa Mahkemesi\u2019nin iptal karar\u0131na ili\u015fkin d\u00fczenleme konuluyor. Yap\u0131lan haz\u0131rl\u0131kta, kamu personelinin k\u00f6t\u00fc muamele gibi su\u00e7lardan dolay\u0131 ald\u0131\u011f\u0131 2 y\u0131la kadar olan cezalar\u0131n h\u00fckm\u00fcn geri b\u0131rak\u0131lmas\u0131 kapsam\u0131 d\u0131\u015f\u0131nda tutulmas\u0131 \u00f6ng\u00f6r\u00fcl\u00fcyor. Bu d\u00fczenlemenin Meclis\u2019ten ge\u00e7mesi halinde, \u00f6rne\u011fin karakola gelen bir vatanda\u015fa k\u00f6t\u00fc muamelede bulunan ve bundan dolay\u0131 mahkemelik olan polis memuru, ceza almas\u0131 durumunda bu cezay\u0131 \u00e7ekmek zorunda olacak. H\u00fckm\u00fcn geri b\u0131rak\u0131lmas\u0131 imkan\u0131ndan yararlanamayacak.<\/p>\n\n\n\n<h3 class=\"wp-block-heading\">DURU\u015eMALAR EN FAZLA 3 AY SONRAYA VER\u0130LECEK<\/h3>\n\n\n\n<p class=\"wp-block-paragraph\">12. yarg\u0131 paketinde, yarg\u0131lamalar\u0131n h\u0131zland\u0131r\u0131lmas\u0131na ili\u015fkin \u00f6nemli bir d\u00fczenleme de olacak. Yurt d\u0131\u015f\u0131ndan yaz\u0131 istenmesi gibi uzun s\u00fcrebilecek \u00f6zel durumlar hari\u00e7, duru\u015fmalar\u0131n en fazla 3 ay arayla yap\u0131lmas\u0131n\u0131 \u00f6ng\u00f6ren madde de pakette yer al\u0131yor.<\/p>\n\n\n\n<h3 class=\"wp-block-heading\">MAHKEMEL\u0130K OLAN M\u0130RAS PAYLA\u015eIMLARINA D\u00dcZENLEME<\/h3>\n\n\n\n<p class=\"wp-block-paragraph\">12. yarg\u0131 paketinde yer alan bir ba\u015fka d\u00fczenleme de geleneksel ad\u0131yla izale-i \u015f\u00fcyu olarak bilinen ortakl\u0131\u011f\u0131n giderilmesi sat\u0131\u015f\u0131n\u0131 d\u00fczenliyor. Bu sat\u0131\u015f y\u00f6ntemi, miras veya di\u011fer yollarla ortak olunan mallar payla\u015f\u0131lamad\u0131\u011f\u0131nda, hissedarlardan herhangi birinin bu davay\u0131 a\u00e7arak mal\u0131n payla\u015f\u0131lmas\u0131n\u0131 istemesi durumunu olu\u015fturuyor.&nbsp;<\/p>\n\n\n\n<p class=\"wp-block-paragraph\">Mevcut durumda, ortakl\u0131\u011f\u0131n giderilmesi (\u0130zale-i \u015fuyu) yoluyla sat\u0131\u015fa \u00e7\u0131kan bir mal i\u00e7in yap\u0131lan ihale, internet ortam\u0131nda herkese a\u00e7\u0131k ger\u00e7ekle\u015ftiriliyor. \u00d6rne\u011fin Kars\u2019\u0131n bir k\u00f6y\u00fcndeki ev i\u00e7in Edirne\u2019den bir ki\u015fi ihaleye girip evi alabiliyor. Bu durumun da, o k\u00f6yde ya\u015fayan akrabalar a\u00e7\u0131s\u0131nda sorun olu\u015fturdu\u011fu ve bu konuyla ilgili yo\u011fun \u015fikayetlerin geldi\u011fi belirtiliyor. AK Parti kurmaylar\u0131 da toplumda olu\u015fan bu t\u00fcr \u015fikayetlerin giderilmesi a\u00e7\u0131s\u0131ndan ortakl\u0131\u011f\u0131n giderilmesi yoluyla sat\u0131\u015fa \u00e7\u0131kan bir mal i\u00e7in yap\u0131lacak ilk ihalenin sadece miras\u00e7\u0131lara a\u00e7\u0131lmas\u0131n\u0131 i\u00e7eren d\u00fczenlemeyi 12. Yarg\u0131 paketine koyuyorlar. E\u011fer ilk ihalede miras\u00e7\u0131lardan hi\u00e7biri s\u00f6z konusu mal\u0131 almaz ise ikinci ihale herkese a\u00e7\u0131k yap\u0131lacak.<\/p>\n\n\n\n<p class=\"wp-block-paragraph\">Ayr\u0131ca, mevcut durumda ihaleye kat\u0131lan miras\u00e7\u0131lar ihale bedeli kar\u015f\u0131l\u0131\u011f\u0131nda teminat yat\u0131rmazken bundan sonra miras\u00e7\u0131lar da teminat yat\u0131rarak ihaleye kat\u0131labilecekler.<\/p>\n\n\n\n<h3 class=\"wp-block-heading\">YA\u015eLILARIN MALLARININ SATI\u015eINA DA \u00c7EK\u0130 D\u00dcZEN<\/h3>\n\n\n\n<p class=\"wp-block-paragraph\">Pakette, vesayet alt\u0131ndakilerin mallar\u0131n\u0131n sat\u0131\u015f\u0131na ili\u015fkin d\u00fczenleme de yer alacak. Kimsesiz ya\u015fl\u0131lar\u0131n mallar\u0131n\u0131, ihaleye \u00f6nceden planlad\u0131klar\u0131 birka\u00e7 ki\u015finin girmesini sa\u011flayarak mallar\u0131 belirli ki\u015filerin payla\u015fmalar\u0131n\u0131 sa\u011flayan ihale y\u00f6ntemine son verilecek. Bundan b\u00f6yle vesayet alt\u0131ndakilerin mallar\u0131n\u0131n sat\u0131\u015f\u0131 da internet \u00fczerinden herkese a\u00e7\u0131k olarak yap\u0131lacak.<\/p>\n","protected":false},"excerpt":{"rendered":"<p>AK Parti&#8217;nin \u00fczerinde \u00e7al\u0131\u015ft\u0131\u011f\u0131 ve Meclis&#8217;e sunulmas\u0131 beklenen 12. Yarg\u0131 Paketi&#8217;ne ili\u015fkin detaylar netle\u015fmeye ba\u015flad\u0131.<\/p>\n","protected":false},"author":1,"featured_media":3124,"comment_status":"open","ping_status":"open","sticky":false,"template":"","format":"standard","meta":{"_rtcl_gb_attr":"","footnotes":""},"categories":[1],"tags":[],"class_list":["post-3123","post","type-post","status-publish","format-standard","has-post-thumbnail","hentry","category-http-turkiyemhaber-com-wp-content-uploads-2026-03-saray-59-haber-13-mart-pdf"],"_links":{"self":[{"href":"https:\/\/turkiyemhaber.com\/index.php?rest_route=\/wp\/v2\/posts\/3123","targetHints":{"allow":["GET"]}}],"collection":[{"href":"https:\/\/turkiyemhaber.com\/index.php?rest_route=\/wp\/v2\/posts"}],"about":[{"href":"https:\/\/turkiyemhaber.com\/index.php?rest_route=\/wp\/v2\/types\/post"}],"author":[{"embeddable":true,"href":"https:\/\/turkiyemhaber.com\/index.php?rest_route=\/wp\/v2\/users\/1"}],"replies":[{"embeddable":true,"href":"https:\/\/turkiyemhaber.com\/index.php?rest_route=%2Fwp%2Fv2%2Fcomments&post=3123"}],"version-history":[{"count":1,"href":"https:\/\/turkiyemhaber.com\/index.php?rest_route=\/wp\/v2\/posts\/3123\/revisions"}],"predecessor-version":[{"id":3125,"href":"https:\/\/turkiyemhaber.com\/index.php?rest_route=\/wp\/v2\/posts\/3123\/revisions\/3125"}],"wp:featuredmedia":[{"embeddable":true,"href":"https:\/\/turkiyemhaber.com\/index.php?rest_route=\/wp\/v2\/media\/3124"}],"wp:attachment":[{"href":"https:\/\/turkiyemhaber.com\/index.php?rest_route=%2Fwp%2Fv2%2Fmedia&parent=3123"}],"wp:term":[{"taxonomy":"category","embeddable":true,"href":"https:\/\/turkiyemhaber.com\/index.php?rest_route=%2Fwp%2Fv2%2Fcategories&post=3123"},{"taxonomy":"post_tag","embeddable":true,"href":"https:\/\/turkiyemhaber.com\/index.php?rest_route=%2Fwp%2Fv2%2Ftags&post=3123"}],"curies":[{"name":"wp","href":"https:\/\/api.w.org\/{rel}","templated":true}]}}