{"id":3120,"date":"2026-06-13T12:06:29","date_gmt":"2026-06-13T12:06:29","guid":{"rendered":"https:\/\/turkiyemhaber.com\/?p=3120"},"modified":"2026-06-13T12:06:33","modified_gmt":"2026-06-13T12:06:33","slug":"8-ay-once-esini-topraga-koymustu-yeniden-evlendi","status":"publish","type":"post","link":"https:\/\/turkiyemhaber.com\/?p=3120","title":{"rendered":"8 ay \u00f6nce e\u015fini topra\u011fa koymu\u015ftu, yeniden evlendi"},"content":{"rendered":"\n<p class=\"wp-block-paragraph\">8 ay \u00f6nce e\u015fini kaybeden Ordu Korgan eski belediye ba\u015fkan\u0131 Tuncay Kiraz yeniden evlendi. Korgan M\u00fcft\u00fcl\u00fc\u011f\u00fc&#8217;nde yap\u0131lan nikah merasimine, \u00e7iftin \u00e7evresi ve aile dostlar\u0131 kat\u0131ld\u0131.<\/p>\n\n\n\n<p class=\"wp-block-paragraph\">Eski&nbsp;<a href=\"https:\/\/www.sondakika.com\/korgan\/\">Korgan<\/a>&nbsp;Belediye Ba\u015fkan\u0131 ve mevcut Akku\u015f Belediye Ba\u015fkan Yard\u0131mc\u0131s\u0131&nbsp;<a href=\"https:\/\/www.sondakika.com\/tuncay-kiraz\/\">Tuncay Kiraz<\/a>, 8 ay \u00f6nce e\u015fi Candan Kiraz&#8217;\u0131 kaybetmesinin ard\u0131ndan Serap Han\u0131m ile nikah masas\u0131na oturdu.&nbsp;<\/p>\n\n\n\n<figure class=\"wp-block-image\"><img decoding=\"async\" src=\"https:\/\/foto.sondakika.com\/haber\/2026\/06\/13\/20260613_e930ec8fc49b4ebd8474f7f6e6d581c9.jpg\" alt=\"8 ay \u00f6nce e\u015fini topra\u011fa koymu\u015ftu, yeniden evlendi\"\/><\/figure>\n\n\n\n<h3 class=\"wp-block-heading\">M\u00dcFT\u00dcL\u00dcKTE SADE T\u00d6REN<\/h3>\n\n\n\n<p class=\"wp-block-paragraph\">\u00c7iftin nikah merasimi, Korgan \u0130l\u00e7e M\u00fcft\u00fcl\u00fc\u011f\u00fc\u2019nde ger\u00e7ekle\u015ftirildi. Sade, samimi ve m\u00fctevaz\u0131 bir atmosferde d\u00fczenlenen t\u00f6rende \u00e7iftin mutluluklar\u0131 g\u00f6zlerinden ka\u00e7mad\u0131.&nbsp;<a href=\"https:\/\/www.sondakika.com\/evlilik\/\">Evlilik<\/a>&nbsp;akdinin imzaland\u0131\u011f\u0131 bu \u00f6zel g\u00fcnde, Tuncay Kiraz ve Serap Han\u0131m\u2019\u0131 aile yak\u0131nlar\u0131 ile \u00e7ok say\u0131da davetli de yaln\u0131z b\u0131rakmayarak sevin\u00e7lerine ortak oldu.<\/p>\n\n\n\n<figure class=\"wp-block-image\"><img decoding=\"async\" src=\"https:\/\/foto.sondakika.com\/haber\/2026\/06\/13\/20260613_f92877c76a394bde8631609b5d0f0261.jpg\" alt=\"8 ay \u00f6nce e\u015fini topra\u011fa koymu\u015ftu, yeniden evlendi\"\/><\/figure>\n\n\n\n<h3 class=\"wp-block-heading\">&#8220;ESK\u0130 E\u015e\u0130N\u0130N SENES\u0130 \u00c7IKSAYDI BARI&#8221;<\/h3>\n\n\n\n<p class=\"wp-block-paragraph\">Tuncay Kiraz&#8217;\u0131n yakla\u015f\u0131k 8 ay gibi k\u0131sa bir s\u00fcre \u00f6nce e\u015fi Candan Kiraz\u2019\u0131 topra\u011fa vermi\u015f olmas\u0131, evlilik haberinin ard\u0131ndan yerel kamuoyunda ve sosyal medyada geni\u015f yank\u0131 uyand\u0131rd\u0131. Kiraz\u2019\u0131n yeni bir ba\u015flang\u0131\u00e7 yapmas\u0131n\u0131 normal kar\u015f\u0131layan ve \u00e7ifte mutluluk dileyenlerin yan\u0131 s\u0131ra, bu karar\u0131 erken bulanlar da oldu.&nbsp;<\/p>\n\n\n\n<p class=\"wp-block-paragraph\"><img decoding=\"async\" alt=\"Tuncay Kiraz, nikah sonras\u0131 Sezen Aksu'nun '\u0130kinci Bahar' \u015fark\u0131s\u0131 e\u015fli\u011finde bir de video payla\u015ft\u0131.\" src=\"https:\/\/foto.sondakika.com\/haber\/2026\/06\/13\/8-ay-once-esini-topraga-vermis-19944406-1681_1_m.jpg\">Tuncay Kiraz, nikah sonras\u0131 Sezen Aksu&#8217;nun &#8216;\u0130kinci Bahar&#8217; \u015fark\u0131s\u0131 e\u015fli\u011finde bir de video payla\u015ft\u0131.<\/p>\n\n\n\n<p class=\"wp-block-paragraph\">Baz\u0131 kesimler, vefat eden e\u015fin an\u0131s\u0131na daha fazla s\u00fcre beklenmesi gerekti\u011fini savunarak Kiraz&#8217;\u0131 sert bir dille ele\u015ftirdi ve &#8220;Eski e\u015finin senesi \u00e7\u0131ksayd\u0131 bari&#8221; \u015feklinde yorumlarda bulundu.<\/p>\n\n\n\n<figure class=\"wp-block-image\"><img decoding=\"async\" src=\"https:\/\/foto.sondakika.com\/haber\/2026\/06\/13\/8-ay-once-esini-topraga-vermis-19944406-4837_1_m.jpg\" alt=\"Tuncay Kiraz ve 8 ay \u00f6nce vefat eden e\u015fi...\u00a0\" title=\"Tuncay Kiraz ve 8 ay \u00f6nce vefat eden e\u015fi...\u00a0\"\/><\/figure>\n","protected":false},"excerpt":{"rendered":"<p>8 ay \u00f6nce e\u015fini kaybeden Ordu Korgan eski belediye ba\u015fkan\u0131 Tuncay Kiraz yeniden evlendi. Korgan<\/p>\n","protected":false},"author":1,"featured_media":3121,"comment_status":"open","ping_status":"open","sticky":false,"template":"","format":"standard","meta":{"_rtcl_gb_attr":"","footnotes":""},"categories":[1],"tags":[],"class_list":["post-3120","post","type-post","status-publish","format-standard","has-post-thumbnail","hentry","category-http-turkiyemhaber-com-wp-content-uploads-2026-03-saray-59-haber-13-mart-pdf"],"_links":{"self":[{"href":"https:\/\/turkiyemhaber.com\/index.php?rest_route=\/wp\/v2\/posts\/3120","targetHints":{"allow":["GET"]}}],"collection":[{"href":"https:\/\/turkiyemhaber.com\/index.php?rest_route=\/wp\/v2\/posts"}],"about":[{"href":"https:\/\/turkiyemhaber.com\/index.php?rest_route=\/wp\/v2\/types\/post"}],"author":[{"embeddable":true,"href":"https:\/\/turkiyemhaber.com\/index.php?rest_route=\/wp\/v2\/users\/1"}],"replies":[{"embeddable":true,"href":"https:\/\/turkiyemhaber.com\/index.php?rest_route=%2Fwp%2Fv2%2Fcomments&post=3120"}],"version-history":[{"count":1,"href":"https:\/\/turkiyemhaber.com\/index.php?rest_route=\/wp\/v2\/posts\/3120\/revisions"}],"predecessor-version":[{"id":3122,"href":"https:\/\/turkiyemhaber.com\/index.php?rest_route=\/wp\/v2\/posts\/3120\/revisions\/3122"}],"wp:featuredmedia":[{"embeddable":true,"href":"https:\/\/turkiyemhaber.com\/index.php?rest_route=\/wp\/v2\/media\/3121"}],"wp:attachment":[{"href":"https:\/\/turkiyemhaber.com\/index.php?rest_route=%2Fwp%2Fv2%2Fmedia&parent=3120"}],"wp:term":[{"taxonomy":"category","embeddable":true,"href":"https:\/\/turkiyemhaber.com\/index.php?rest_route=%2Fwp%2Fv2%2Fcategories&post=3120"},{"taxonomy":"post_tag","embeddable":true,"href":"https:\/\/turkiyemhaber.com\/index.php?rest_route=%2Fwp%2Fv2%2Ftags&post=3120"}],"curies":[{"name":"wp","href":"https:\/\/api.w.org\/{rel}","templated":true}]}}