{"id":3117,"date":"2026-06-13T12:03:30","date_gmt":"2026-06-13T12:03:30","guid":{"rendered":"https:\/\/turkiyemhaber.com\/?p=3117"},"modified":"2026-06-13T12:03:34","modified_gmt":"2026-06-13T12:03:34","slug":"naci-gorurden-gaziantep-depremi-sonrasi-endiselendiren-uyari-korkarim-parcalanacak","status":"publish","type":"post","link":"https:\/\/turkiyemhaber.com\/?p=3117","title":{"rendered":"Naci G\u00f6r\u00fcr&#8217;den Gaziantep depremi sonras\u0131 endi\u015felendiren uyar\u0131: Korkar\u0131m par\u00e7alanacak"},"content":{"rendered":"\n<p class=\"wp-block-paragraph\">Gaziantep&#8217;in Nurda\u011f\u0131 il\u00e7esinde gece saatlerinde meydana gelen 4.6 b\u00fcy\u00fckl\u00fc\u011f\u00fcndeki depremin ard\u0131ndan Prof. Dr. Naci G\u00f6r\u00fcr&#8217;den dikkat \u00e7eken bir de\u011ferlendirme geldi. Depremin levha s\u0131n\u0131r\u0131 ve kenarlar\u0131nda ger\u00e7ekle\u015fti\u011fini belirten G\u00f6r\u00fcr, 6 \u015eubat depremlerinin etkisine i\u015faret ederek, &#8220;Korkar\u0131m levha i\u00e7leri par\u00e7alanacak&#8221; ifadelerini kulland\u0131.<\/p>\n\n\n\n<p class=\"wp-block-paragraph\"><a href=\"https:\/\/www.sondakika.com\/gaziantep\/\">Gaziantep<\/a>&#8216;in&nbsp;<a href=\"https:\/\/www.sondakika.com\/nurdagi\/\">Nurda\u011f\u0131<\/a>&nbsp;il\u00e7esinde gece saatlerinde meydana gelen 4.6 b\u00fcy\u00fckl\u00fc\u011f\u00fcndeki deprem b\u00f6lgede k\u0131sa s\u00fcreli pani\u011fe neden oldu.&nbsp;<a href=\"https:\/\/www.sondakika.com\/afad\/\">AFAD<\/a>&nbsp;verilerine g\u00f6re sars\u0131nt\u0131n\u0131n derinli\u011fi 7.01 kilometre olarak \u00f6l\u00e7\u00fcld\u00fc.<\/p>\n\n\n\n<p class=\"wp-block-paragraph\">Depremin ard\u0131ndan \u0130\u00e7i\u015fleri Bakan\u0131 Mustafa \u00c7ift\u00e7i, ilk belirlemelere g\u00f6re herhangi bir olumsuz durumun ya\u015fanmad\u0131\u011f\u0131n\u0131 a\u00e7\u0131klad\u0131.<\/p>\n\n\n\n<figure class=\"wp-block-image\"><img decoding=\"async\" src=\"https:\/\/foto.sondakika.com\/haber\/2026\/06\/13\/naci-gorurden-gaziantep-deprem-72263726-5832_1_m.jpg\" alt=\" &lt;a class='keyword-sd' href='\/naci-gorur\/' title='Naci G\u00f6r\u00fcr'&gt;Naci G\u00f6r\u00fcr&lt;\/a&gt;'den Gaziantep depremi sonras\u0131 endi\u015felendiren uyar\u0131: Korkar\u0131m par\u00e7alanacak\"\/><\/figure>\n\n\n\n<h3 class=\"wp-block-heading\">NAC\u0130 G\u00d6R\u00dcR&#8217;DEN D\u0130KKAT \u00c7EKEN DE\u011eERLEND\u0130RME<\/h3>\n\n\n\n<p class=\"wp-block-paragraph\">Depremin ard\u0131ndan yer bilimci Prof. Dr. Naci G\u00f6r\u00fcr, sosyal medya hesab\u0131ndan yapt\u0131\u011f\u0131 payla\u015f\u0131mda sars\u0131nt\u0131n\u0131n meydana geldi\u011fi b\u00f6lgeye ili\u015fkin de\u011ferlendirmelerde bulundu.<\/p>\n\n\n\n<p class=\"wp-block-paragraph\">G\u00f6r\u00fcr, depremin Gaziantep&#8217;in Kuzoluk-Nurda\u011f\u0131 \u00e7evresinde, Amanos Fay Hatt\u0131 ile \u00d6l\u00fcdeniz Fay Zonu segmentleri aras\u0131nda ger\u00e7ekle\u015fti\u011fini belirtti.<\/p>\n\n\n\n<figure class=\"wp-block-image\"><img decoding=\"async\" src=\"https:\/\/foto.sondakika.com\/haber\/2026\/06\/13\/naci-gorurden-gaziantep-deprem-83605495-3950_1_m.jpg\" alt=\"Naci G\u00f6r\u00fcr'den Gaziantep depremi sonras\u0131 endi\u015felendiren uyar\u0131: Korkar\u0131m par\u00e7alanacak\"\/><\/figure>\n\n\n\n<h3 class=\"wp-block-heading\">&#8220;KORKARIM LEVHA \u0130\u00c7LER\u0130 PAR\u00c7ALANACAK&#8221;<\/h3>\n\n\n\n<p class=\"wp-block-paragraph\">6 \u015eubat 2023 Kahramanmara\u015f merkezli depremlerin etkilerine dikkat \u00e7eken G\u00f6r\u00fcr, payla\u015f\u0131m\u0131nda \u015fu ifadeleri kulland\u0131:<\/p>\n\n\n\n<p class=\"wp-block-paragraph\">&#8220;Deprem levha s\u0131n\u0131r\u0131 ve kenarlar\u0131nda. Korkar\u0131m, 6 \u015eubat 2023 depremlerinin etkisiyle levha i\u00e7leri par\u00e7alanacak. Ge\u00e7mi\u015f olsun.&#8221;<\/p>\n\n\n\n<figure class=\"wp-block-image\"><img decoding=\"async\" src=\"https:\/\/foto.sondakika.com\/haber\/2026\/06\/13\/naci-gorurden-gaziantep-deprem-18591431-2473_1_m.jpg\" alt=\"Naci G\u00f6r\u00fcr'den Gaziantep depremi sonras\u0131 endi\u015felendiren uyar\u0131: Korkar\u0131m par\u00e7alanacak\"\/><\/figure>\n\n\n\n<p class=\"wp-block-paragraph\"><a href=\"https:\/\/www.sondakika.com\/naci-gorur\/\"><strong>Naci G\u00f6r\u00fcr<\/strong><\/a>,&nbsp;<a href=\"https:\/\/www.sondakika.com\/gaziantep\/\"><strong>Gaziantep<\/strong><\/a>,&nbsp;<a href=\"https:\/\/www.sondakika.com\/kandilli\/\"><strong>Kandilli<\/strong><\/a>,&nbsp;<a href=\"https:\/\/www.sondakika.com\/nurdagi\/\"><strong>Nurda\u011f\u0131<\/strong><\/a>,&nbsp;<a href=\"https:\/\/www.sondakika.com\/deprem\/\"><strong>Deprem<\/strong><\/a>,&nbsp;<a href=\"https:\/\/www.sondakika.com\/gundem\/\"><strong>G\u00fcndem<\/strong><\/a>,&nbsp;<a href=\"https:\/\/www.sondakika.com\/guncel\/\"><strong>G\u00fcncel<\/strong><\/a>,&nbsp;<a href=\"https:\/\/www.sondakika.com\/afad\/\"><strong>AFAD<\/strong><\/a>,<\/p>\n","protected":false},"excerpt":{"rendered":"<p>Gaziantep&#8217;in Nurda\u011f\u0131 il\u00e7esinde gece saatlerinde meydana gelen 4.6 b\u00fcy\u00fckl\u00fc\u011f\u00fcndeki depremin ard\u0131ndan Prof. Dr. Naci G\u00f6r\u00fcr&#8217;den<\/p>\n","protected":false},"author":1,"featured_media":3118,"comment_status":"open","ping_status":"open","sticky":false,"template":"","format":"standard","meta":{"_rtcl_gb_attr":"","footnotes":""},"categories":[1],"tags":[],"class_list":["post-3117","post","type-post","status-publish","format-standard","has-post-thumbnail","hentry","category-http-turkiyemhaber-com-wp-content-uploads-2026-03-saray-59-haber-13-mart-pdf"],"_links":{"self":[{"href":"https:\/\/turkiyemhaber.com\/index.php?rest_route=\/wp\/v2\/posts\/3117","targetHints":{"allow":["GET"]}}],"collection":[{"href":"https:\/\/turkiyemhaber.com\/index.php?rest_route=\/wp\/v2\/posts"}],"about":[{"href":"https:\/\/turkiyemhaber.com\/index.php?rest_route=\/wp\/v2\/types\/post"}],"author":[{"embeddable":true,"href":"https:\/\/turkiyemhaber.com\/index.php?rest_route=\/wp\/v2\/users\/1"}],"replies":[{"embeddable":true,"href":"https:\/\/turkiyemhaber.com\/index.php?rest_route=%2Fwp%2Fv2%2Fcomments&post=3117"}],"version-history":[{"count":1,"href":"https:\/\/turkiyemhaber.com\/index.php?rest_route=\/wp\/v2\/posts\/3117\/revisions"}],"predecessor-version":[{"id":3119,"href":"https:\/\/turkiyemhaber.com\/index.php?rest_route=\/wp\/v2\/posts\/3117\/revisions\/3119"}],"wp:featuredmedia":[{"embeddable":true,"href":"https:\/\/turkiyemhaber.com\/index.php?rest_route=\/wp\/v2\/media\/3118"}],"wp:attachment":[{"href":"https:\/\/turkiyemhaber.com\/index.php?rest_route=%2Fwp%2Fv2%2Fmedia&parent=3117"}],"wp:term":[{"taxonomy":"category","embeddable":true,"href":"https:\/\/turkiyemhaber.com\/index.php?rest_route=%2Fwp%2Fv2%2Fcategories&post=3117"},{"taxonomy":"post_tag","embeddable":true,"href":"https:\/\/turkiyemhaber.com\/index.php?rest_route=%2Fwp%2Fv2%2Ftags&post=3117"}],"curies":[{"name":"wp","href":"https:\/\/api.w.org\/{rel}","templated":true}]}}