{"id":3114,"date":"2026-06-13T12:01:22","date_gmt":"2026-06-13T12:01:22","guid":{"rendered":"https:\/\/turkiyemhaber.com\/?p=3114"},"modified":"2026-06-13T12:01:26","modified_gmt":"2026-06-13T12:01:26","slug":"trt-dizisinde-rol-alan-isimler-dudak-dudaga-yakalandi","status":"publish","type":"post","link":"https:\/\/turkiyemhaber.com\/?p=3114","title":{"rendered":"TRT dizisinde rol alan isimler, dudak duda\u011fa yakaland\u0131"},"content":{"rendered":"\n<p class=\"wp-block-paragraph\">TRT ekranlar\u0131n\u0131n iddial\u0131 yap\u0131mlar\u0131ndan &#8216;Ta\u015facak Bu Deniz&#8217; dizisinde rol alan Zeynep At\u0131lgan ve Ali \u00d6ner, Bodrum&#8217;da tatilin tad\u0131n\u0131 \u00e7\u0131kar\u0131yor. \u0130kili \u00f6nceki g\u00fcn plajda dudak duda\u011fa yakaland\u0131.<\/p>\n\n\n\n<p class=\"wp-block-paragraph\">Ta\u015facak Bu Deniz&#8217; dizisinin setinde ba\u015flayan&nbsp;Zeynep At\u0131lgan ve&nbsp;<a href=\"https:\/\/www.sondakika.com\/ali-oner\/\">Ali \u00d6ner<\/a>&nbsp;a\u015fk\u0131 dolu dizgin devam ediyor. Yo\u011fun ge\u00e7en sezonun ard\u0131ndan yorgunluk atmak i\u00e7in solu\u011fu&nbsp;<a href=\"https:\/\/www.sondakika.com\/bodrum\/\">Bodrum<\/a>&#8216;da alan ikili,&nbsp;plajda romantik anlar ya\u015fad\u0131.&nbsp;<\/p>\n\n\n\n<h3 class=\"wp-block-heading\">AL\u0130 AYDIN N\u0130\u015eAN ATTI&nbsp;<\/h3>\n\n\n\n<p class=\"wp-block-paragraph\">Ge\u00e7ti\u011fimiz y\u0131l Livanur Ayd\u0131n ile ni\u015fanlanan ve evlilik yolunda ilk ad\u0131m\u0131 atan Ali \u00d6ner, bir s\u00fcre \u00f6nce bu ili\u015fkiyi ani bir kararla sonland\u0131rm\u0131\u015ft\u0131. Ayr\u0131l\u0131\u011f\u0131n ard\u0131ndan rol arkada\u015f\u0131s\u0131 Zeynep At\u0131lgan ile yak\u0131nla\u015fmas\u0131 \u00fczerine \u00e7\u0131kan iddialara Ali \u00d6ner, sosyal medya hesab\u0131ndan yapt\u0131\u011f\u0131 bir a\u00e7\u0131klamayla son noktay\u0131 koymu\u015ftu.&nbsp;<\/p>\n\n\n\n<p class=\"wp-block-paragraph\"><img decoding=\"async\" alt=\"Ali \u00d6ner - Livanur Ayd\u0131n\" src=\"https:\/\/foto.sondakika.com\/haber\/2026\/06\/13\/trt-dizisinde-rol-alan-isimler-41639671-2716_1_m.jpg\">Ali \u00d6ner &#8211; Livanur Ayd\u0131n<\/p>\n\n\n\n<h3 class=\"wp-block-heading\">&#8220;SESS\u0130ZCE VE KEND\u0130L\u0130\u011e\u0130NDEN OLDU&#8221;<\/h3>\n\n\n\n<p class=\"wp-block-paragraph\">Ayd\u0131n a\u00e7\u0131klamas\u0131nda &#8220;Ayn\u0131 sette, ayn\u0131 yorgunlu\u011fun ve ayn\u0131 eme\u011fin i\u00e7inde birbirimizi zamanla tan\u0131d\u0131k. \u00d6nce g\u00fcven oldu, sonra insan\u0131n ad\u0131n\u0131 hemen koyamad\u0131\u011f\u0131 ama kalbinde yer a\u00e7an bir yak\u0131nl\u0131k&#8230; Bizimki g\u00fcr\u00fclt\u00fcyle de\u011fil; zamanla, sessizce ve kendili\u011finden oldu&#8221; ifadelerine yer vermi\u015fti.&nbsp;<\/p>\n\n\n\n<figure class=\"wp-block-image\"><img decoding=\"async\" src=\"https:\/\/foto.sondakika.com\/haber\/2026\/06\/13\/trt-dizisinde-rol-alan-isimler-69478653-4021_1_m.jpg\" alt=\"TRT dizisinde rol alan isimler, dudak duda\u011fa yakaland\u0131\"\/><\/figure>\n\n\n\n<h3 class=\"wp-block-heading\">SOSYAL MEDYADA B\u00dcY\u00dcK TEPK\u0130&nbsp;<\/h3>\n\n\n\n<p class=\"wp-block-paragraph\">Ancak bu ilan-\u0131 a\u015fk\u0131n hemen ard\u0131ndan Ali \u00d6ner\u2019in eski ni\u015fanl\u0131s\u0131 Livanur Ayd\u0131n\u2019\u0131n &#8220;Sizin bug\u00fcn emin oldu\u011funuz \u015f\u00fcpheler maalesef en ba\u015f\u0131ndan beri benim ger\u00e7ekli\u011fimdi&#8221; \u015feklindeki a\u00e7\u0131klamas\u0131 ile sosyal medyada bir lin\u00e7 kampanyas\u0131 ba\u015flam\u0131\u015ft\u0131.&nbsp;<\/p>\n\n\n\n<figure class=\"wp-block-image\"><img decoding=\"async\" src=\"https:\/\/foto.sondakika.com\/haber\/2026\/06\/13\/trt-dizisinde-rol-alan-isimler-41914801-3539_1_m.jpg\" alt=\"TRT dizisinde rol alan isimler, dudak duda\u011fa yakaland\u0131\"\/><\/figure>\n\n\n\n<h3 class=\"wp-block-heading\">TEPK\u0130LERE KULAK TIKADILAR&nbsp;<\/h3>\n\n\n\n<p class=\"wp-block-paragraph\">\u0130hanet iddialar\u0131 nedeniyle sosyal medyada \u00f6zellikle Zeynep At\u0131lgan\u2019a y\u00f6nelik tepkiler ve ele\u015ftiri oklar\u0131 \u00e7\u0131\u011f gibi b\u00fcy\u00fcrken, \u00fcnl\u00fc \u00e7ift t\u00fcm bu g\u00fcr\u00fclt\u00fcye kulaklar\u0131n\u0131 t\u0131kad\u0131. Bodrum\u2019da ba\u015f ba\u015fa tatil yapan iki oyuncu, d\u0131\u015f d\u00fcnyaya ald\u0131rmadan a\u015fk sarho\u015fu olarak t\u00fcm y\u0131l\u0131n stresini atmaya devam ediyor.<\/p>\n\n\n\n<h3 class=\"wp-block-heading\">\u0130\u015fte ikilinin tatil pozlar\u0131;&nbsp;<\/h3>\n\n\n\n<figure class=\"wp-block-image\"><img decoding=\"async\" src=\"https:\/\/foto.sondakika.com\/haber\/2026\/06\/13\/trt-dizisinde-rol-alan-isimler-75143107-7058_1_m.jpg\" alt=\"TRT dizisinde rol alan isimler, dudak duda\u011fa yakaland\u0131\"\/><\/figure>\n\n\n\n<figure class=\"wp-block-image\"><img decoding=\"async\" src=\"https:\/\/foto.sondakika.com\/haber\/2026\/06\/13\/trt-dizisinde-rol-alan-isimler-11554490-5756_1_m.jpg\" alt=\"TRT dizisinde rol alan isimler, dudak duda\u011fa yakaland\u0131\"\/><\/figure>\n","protected":false},"excerpt":{"rendered":"<p>TRT ekranlar\u0131n\u0131n iddial\u0131 yap\u0131mlar\u0131ndan &#8216;Ta\u015facak Bu Deniz&#8217; dizisinde rol alan Zeynep At\u0131lgan ve Ali \u00d6ner,<\/p>\n","protected":false},"author":1,"featured_media":3115,"comment_status":"open","ping_status":"open","sticky":false,"template":"","format":"standard","meta":{"_rtcl_gb_attr":"","footnotes":""},"categories":[41],"tags":[],"class_list":["post-3114","post","type-post","status-publish","format-standard","has-post-thumbnail","hentry","category-magazin"],"_links":{"self":[{"href":"https:\/\/turkiyemhaber.com\/index.php?rest_route=\/wp\/v2\/posts\/3114","targetHints":{"allow":["GET"]}}],"collection":[{"href":"https:\/\/turkiyemhaber.com\/index.php?rest_route=\/wp\/v2\/posts"}],"about":[{"href":"https:\/\/turkiyemhaber.com\/index.php?rest_route=\/wp\/v2\/types\/post"}],"author":[{"embeddable":true,"href":"https:\/\/turkiyemhaber.com\/index.php?rest_route=\/wp\/v2\/users\/1"}],"replies":[{"embeddable":true,"href":"https:\/\/turkiyemhaber.com\/index.php?rest_route=%2Fwp%2Fv2%2Fcomments&post=3114"}],"version-history":[{"count":1,"href":"https:\/\/turkiyemhaber.com\/index.php?rest_route=\/wp\/v2\/posts\/3114\/revisions"}],"predecessor-version":[{"id":3116,"href":"https:\/\/turkiyemhaber.com\/index.php?rest_route=\/wp\/v2\/posts\/3114\/revisions\/3116"}],"wp:featuredmedia":[{"embeddable":true,"href":"https:\/\/turkiyemhaber.com\/index.php?rest_route=\/wp\/v2\/media\/3115"}],"wp:attachment":[{"href":"https:\/\/turkiyemhaber.com\/index.php?rest_route=%2Fwp%2Fv2%2Fmedia&parent=3114"}],"wp:term":[{"taxonomy":"category","embeddable":true,"href":"https:\/\/turkiyemhaber.com\/index.php?rest_route=%2Fwp%2Fv2%2Fcategories&post=3114"},{"taxonomy":"post_tag","embeddable":true,"href":"https:\/\/turkiyemhaber.com\/index.php?rest_route=%2Fwp%2Fv2%2Ftags&post=3114"}],"curies":[{"name":"wp","href":"https:\/\/api.w.org\/{rel}","templated":true}]}}