{"id":3111,"date":"2026-06-13T11:58:48","date_gmt":"2026-06-13T11:58:48","guid":{"rendered":"https:\/\/turkiyemhaber.com\/?p=3111"},"modified":"2026-06-13T11:58:52","modified_gmt":"2026-06-13T11:58:52","slug":"16-yil-sonra-cozuldu-yeni-dogan-bebegi-oldurenler-annesi-ve-teyzesi-cikti","status":"publish","type":"post","link":"https:\/\/turkiyemhaber.com\/?p=3111","title":{"rendered":"16 y\u0131l sonra \u00e7\u00f6z\u00fcld\u00fc! Yeni do\u011fan bebe\u011fi \u00f6ld\u00fcrenler annesi ve teyzesi \u00e7\u0131kt\u0131"},"content":{"rendered":"\n<p class=\"wp-block-paragraph\">Manisa&#8217;da 2010&#8217;da \u00e7\u00f6p konteyneri yan\u0131nda \u00f6l\u00fc bulunan bebe\u011fe ili\u015fkin faili me\u00e7hul dosya, 16 y\u0131l sonra yeniden a\u00e7\u0131larak ayd\u0131nlat\u0131ld\u0131. Adalet Bakan\u0131 Ak\u0131n G\u00fcrlek, Sa\u011fl\u0131k Bakanl\u0131\u011f\u0131&#8217;n\u0131n topuk kan\u0131 verileri \u00fczerinden yap\u0131lan \u00e7apraz sorgulamalar sayesinde \u015f\u00fcpheli anne ile karde\u015fi hakk\u0131nda &#8220;kasten \u00f6ld\u00fcrme&#8221; su\u00e7undan g\u00f6zalt\u0131 karar\u0131 verildi\u011fini a\u00e7\u0131klad\u0131. \u00d6te yandan; su\u00e7lamalar\u0131 kabul etmeyen ve bebe\u011fin \u00f6ld\u00fc\u011f\u00fcn\u00fc polislerden \u00f6\u011frendi\u011fini belirten annenin ifadesi kan dondurdu.<\/p>\n\n\n\n<p class=\"wp-block-paragraph\">Adalet Bakan\u0131&nbsp;<a href=\"https:\/\/www.sondakika.com\/akin-gurlek\/\">Ak\u0131n G\u00fcrlek<\/a>, 2010 y\u0131l\u0131nda&nbsp;<a href=\"https:\/\/www.sondakika.com\/manisa\/\">Manisa<\/a>&#8216;da ya\u015fanan ve y\u0131llard\u0131r faili me\u00e7hul olarak kalan bebek \u00f6l\u00fcm\u00fc dosyas\u0131n\u0131n ayd\u0131nlat\u0131ld\u0131\u011f\u0131n\u0131 a\u00e7\u0131klad\u0131. G\u00fcrlek, Faili Me\u00e7hul Su\u00e7lar\u0131 Ara\u015ft\u0131rma Daire Ba\u015fkanl\u0131\u011f\u0131&#8217;n\u0131n y\u00fcr\u00fctt\u00fc\u011f\u00fc \u00e7al\u0131\u015fmalar sonucunda olay\u0131n \u00fczerindeki sis perdesinin kald\u0131r\u0131ld\u0131\u011f\u0131n\u0131 belirtti.<\/p>\n\n\n\n<h3 class=\"wp-block-heading\">DOSYANIN KIRILMA NOKTASI TOPUK KANI VER\u0130LER\u0130 OLDU<\/h3>\n\n\n\n<p class=\"wp-block-paragraph\">Bakan G\u00fcrlek&#8217;in verdi\u011fi bilgilere g\u00f6re,&nbsp;<a href=\"https:\/\/www.sondakika.com\/saglik-bakanligi\/\">Sa\u011fl\u0131k Bakanl\u0131\u011f\u0131<\/a>&#8216;n\u0131n topuk kan\u0131 verileri \u00fczerinden bu ay yap\u0131lan \u00e7apraz sorgulamalar soru\u015fturmada kritik rol oynad\u0131. N\u00fcfus kay\u0131tlar\u0131, sa\u011fl\u0131k verileri ve tan\u0131k beyanlar\u0131yla desteklenen incelemeler sonucunda, bebe\u011fin \u00f6l\u00fcm\u00fcne ili\u015fkin yeni bulgular elde edildi.<\/p>\n\n\n\n<h3 class=\"wp-block-heading\">BEBE\u011e\u0130N \u00d6L\u00dcM NEDEN\u0130: KAFA VE BEDEN TRAVMASI<\/h3>\n\n\n\n<p class=\"wp-block-paragraph\">Otopsi raporuna g\u00f6re bebe\u011fin \u00f6l\u00fcm sebebinin kafa ve beden travmas\u0131na ba\u011fl\u0131 kafatas\u0131 kemikleri k\u0131r\u0131\u011f\u0131 ve karaci\u011ferin y\u0131rt\u0131lmas\u0131na ba\u011fl\u0131 kanama sonucu meydana geldi\u011fi \u00f6\u011frenildi.&nbsp;<\/p>\n\n\n\n<figure class=\"wp-block-image\"><img decoding=\"async\" src=\"https:\/\/foto.sondakika.com\/haber\/2026\/06\/13\/16-yil-sonra-cozuldu-yeni-doga-19944091-8847_1_m.jpg\" alt=\"16 y\u0131l sonra \u00e7\u00f6z\u00fcld\u00fc! Yeni do\u011fan bebe\u011fi \u00f6ld\u00fcrenler annesi ve teyzesi \u00e7\u0131kt\u0131\"\/><\/figure>\n\n\n\n<h3 class=\"wp-block-heading\">\u015e\u00dcPHEL\u0130 ANNE VE TEYZE HAKKINDA \u0130\u015eLEM BA\u015eLATILDI<\/h3>\n\n\n\n<p class=\"wp-block-paragraph\">Y\u00fcr\u00fct\u00fclen soru\u015fturmada, bebe\u011fini d\u00fcnyaya getirdikten sonra \u00e7\u00f6p konteynerinin yan\u0131na b\u0131rakt\u0131\u011f\u0131 de\u011ferlendirilen \u015f\u00fcpheli ile olaya i\u015ftirak etti\u011fi \u00f6ne s\u00fcr\u00fclen karde\u015fi hakk\u0131nda g\u00f6zalt\u0131 karar\u0131 verildi.&nbsp;\u015e\u00fcpheliler hakk\u0131nda &#8220;altsoyu kasten \u00f6ld\u00fcrme&#8221; su\u00e7lamas\u0131 kapsam\u0131nda adli i\u015flem ba\u015flat\u0131ld\u0131\u011f\u0131 \u00f6\u011frenildi.<\/p>\n\n\n\n<h3 class=\"wp-block-heading\"><\/h3>\n\n\n\n<h3 class=\"wp-block-heading\">BAKAN G\u00dcRLEK&#8217;TEN TE\u015eEKK\u00dcR MESAJI<\/h3>\n\n\n\n<p class=\"wp-block-paragraph\">Ak\u0131n G\u00fcrlek a\u00e7\u0131klamas\u0131nda, olay\u0131n ayd\u0131nlat\u0131lmas\u0131nda g\u00f6rev alan Manisa Cumhuriyet Ba\u015fsavc\u0131l\u0131\u011f\u0131 savc\u0131lar\u0131na ve Manisa \u0130l Emniyet M\u00fcd\u00fcrl\u00fc\u011f\u00fc ekiplerine te\u015fekk\u00fcr ederek, faili me\u00e7hul dosyalar\u0131n kararl\u0131l\u0131kla takip edilmeye devam edece\u011fini vurgulad\u0131.<\/p>\n\n\n\n<figure class=\"wp-block-image\"><img decoding=\"async\" src=\"https:\/\/foto.sondakika.com\/haber\/2026\/06\/13\/16-yil-sonra-cozuldu-yeni-doga-19944091-2915_1_m.jpg\" alt=\"16 y\u0131l sonra \u00e7\u00f6z\u00fcld\u00fc! Yeni do\u011fan bebe\u011fi \u00f6ld\u00fcrenler annesi ve teyzesi \u00e7\u0131kt\u0131\"\/><\/figure>\n\n\n\n<h3 class=\"wp-block-heading\">16 YILLIK DOSYA YEN\u0130DEN A\u00c7ILDI<\/h3>\n\n\n\n<p class=\"wp-block-paragraph\">Faili Me\u00e7hul Su\u00e7lar\u0131 Ara\u015ft\u0131rma Daire Ba\u015fkanl\u0131\u011f\u0131&#8217;n\u0131n \u00f6ncelikli olarak ele ald\u0131\u011f\u0131 dosyalardan biri olan olayda, y\u0131llar sonra elde edilen veriler sayesinde soru\u015fturma yeniden canland\u0131r\u0131ld\u0131. Kurumlar aras\u0131 koordinasyonla y\u00fcr\u00fct\u00fclen \u00e7al\u0131\u015fmalar sonucunda 16 y\u0131ld\u0131r \u00e7\u00f6z\u00fclemeyen dosyada \u00f6nemli bir a\u015famaya gelindi.<\/p>\n\n\n\n<h3 class=\"wp-block-heading\">BEBE\u011e\u0130N ANNES\u0130: BEBE\u011e\u0130 BIRAKTI\u011eIM ZAMAN HAYATTAYDI<\/h3>\n\n\n\n<p class=\"wp-block-paragraph\">Berin Dikba\u015f ifadesinde, hamile kald\u0131\u011f\u0131n\u0131 \u00f6\u011frendikten sonra bebe\u011fi do\u011furmaya karar verdi\u011fini ancak ailesinden \u00e7ekindi\u011fi i\u00e7in hamileli\u011fini gizledi\u011fini anlatt\u0131. Do\u011fumun ard\u0131ndan bebe\u011fi Manisa&#8217;da bir \u00e7\u00f6p konteynerinin yan\u0131na b\u0131rakt\u0131\u011f\u0131n\u0131 kabul eden Dikba\u015f, \u201cOraya koymamdaki ama\u00e7 orada biri bulup sahiplensin diyeydi\u201d dedi. Bebe\u011fi b\u0131rakt\u0131\u011f\u0131nda hayatta oldu\u011funu \u00f6ne s\u00fcren \u015f\u00fcpheli, \u201cBen bebe\u011fe zarar vermedim. B\u0131rakt\u0131\u011f\u0131m zaman hayattayd\u0131. Bebe\u011fi \u00f6ld\u00fcrmedim\u201d ifadelerini kulland\u0131.<\/p>\n\n\n\n<p class=\"wp-block-paragraph\">Olaydan sonra bebe\u011fin hayatta olup olmad\u0131\u011f\u0131 konusunda herhangi bir ara\u015ft\u0131rma yapmad\u0131\u011f\u0131n\u0131 s\u00f6yleyen Dikba\u015f,&nbsp;&#8220;O tarihlerde \u00e7\u00f6pl\u00fckte \u00f6l\u00fc bebek cesedi bulundu\u011fundan haberim olmad\u0131. Bebe\u011fin \u00f6ld\u00fc\u011f\u00fcn\u00fc sizden \u00f6\u011frendim&#8221; dedi.<\/p>\n\n\n\n<figure class=\"wp-block-image\"><img decoding=\"async\" src=\"https:\/\/foto.sondakika.com\/haber\/2026\/06\/13\/16-yil-sonra-cozuldu-yeni-doga-19944091-4254_1_m.jpg\" alt=\"16 y\u0131l sonra \u00e7\u00f6z\u00fcld\u00fc! Yeni do\u011fan bebe\u011fi \u00f6ld\u00fcrenler annesi ve teyzesi \u00e7\u0131kt\u0131\"\/><\/figure>\n\n\n\n<h3 class=\"wp-block-heading\">BEBE\u011e\u0130N BABASI: \u00c7OCU\u011eUM OLMUYOR, BENDENSE KABUL ED\u0130YORUM<\/h3>\n\n\n\n<p class=\"wp-block-paragraph\">Bebe\u011fin babas\u0131 oldu\u011fu de\u011ferlendirilen Orhan Akta\u015f ise Berin Dikba\u015f&#8217;\u0131n ili\u015fkilerinden bir s\u00fcre sonra kendisine \u201cSenden hamileyim\u201d dedi\u011fini belirtti. Akta\u015f, ilk etapta \u00e7ocu\u011fun kendisinden oldu\u011funa inanmad\u0131\u011f\u0131n\u0131 ancak daha sonra \u201c\u00c7ocuk bendense ald\u0131rma\u201d diyerek bebe\u011fin d\u00fcnyaya gelmesine kar\u015f\u0131 \u00e7\u0131kmad\u0131\u011f\u0131n\u0131 s\u00f6yledi. Y\u0131llar sonra ortaya \u00e7\u0131kan dosyayla ilgili konu\u015fan Akta\u015f, \u201cBenim bildi\u011fim kadar\u0131yla \u00e7ocu\u011fum olmuyor. Tedavi de g\u00f6rd\u00fcm. E\u011fer bu \u00e7ocuk bendense kabul ediyorum\u201d ifadelerini kulland\u0131.<\/p>\n\n\n\n<figure class=\"wp-block-image\"><img decoding=\"async\" src=\"https:\/\/foto.sondakika.com\/haber\/2026\/06\/13\/16-yil-sonra-cozuldu-yeni-doga-30563800-7053_1_m.jpg\" alt=\"16 y\u0131l sonra \u00e7\u00f6z\u00fcld\u00fc! Yeni do\u011fan bebe\u011fi \u00f6ld\u00fcrenler annesi ve teyzesi \u00e7\u0131kt\u0131\"\/><\/figure>\n","protected":false},"excerpt":{"rendered":"<p>Manisa&#8217;da 2010&#8217;da \u00e7\u00f6p konteyneri yan\u0131nda \u00f6l\u00fc bulunan bebe\u011fe ili\u015fkin faili me\u00e7hul dosya, 16 y\u0131l sonra<\/p>\n","protected":false},"author":1,"featured_media":3112,"comment_status":"open","ping_status":"open","sticky":false,"template":"","format":"standard","meta":{"_rtcl_gb_attr":"","footnotes":""},"categories":[1],"tags":[],"class_list":["post-3111","post","type-post","status-publish","format-standard","has-post-thumbnail","hentry","category-http-turkiyemhaber-com-wp-content-uploads-2026-03-saray-59-haber-13-mart-pdf"],"_links":{"self":[{"href":"https:\/\/turkiyemhaber.com\/index.php?rest_route=\/wp\/v2\/posts\/3111","targetHints":{"allow":["GET"]}}],"collection":[{"href":"https:\/\/turkiyemhaber.com\/index.php?rest_route=\/wp\/v2\/posts"}],"about":[{"href":"https:\/\/turkiyemhaber.com\/index.php?rest_route=\/wp\/v2\/types\/post"}],"author":[{"embeddable":true,"href":"https:\/\/turkiyemhaber.com\/index.php?rest_route=\/wp\/v2\/users\/1"}],"replies":[{"embeddable":true,"href":"https:\/\/turkiyemhaber.com\/index.php?rest_route=%2Fwp%2Fv2%2Fcomments&post=3111"}],"version-history":[{"count":1,"href":"https:\/\/turkiyemhaber.com\/index.php?rest_route=\/wp\/v2\/posts\/3111\/revisions"}],"predecessor-version":[{"id":3113,"href":"https:\/\/turkiyemhaber.com\/index.php?rest_route=\/wp\/v2\/posts\/3111\/revisions\/3113"}],"wp:featuredmedia":[{"embeddable":true,"href":"https:\/\/turkiyemhaber.com\/index.php?rest_route=\/wp\/v2\/media\/3112"}],"wp:attachment":[{"href":"https:\/\/turkiyemhaber.com\/index.php?rest_route=%2Fwp%2Fv2%2Fmedia&parent=3111"}],"wp:term":[{"taxonomy":"category","embeddable":true,"href":"https:\/\/turkiyemhaber.com\/index.php?rest_route=%2Fwp%2Fv2%2Fcategories&post=3111"},{"taxonomy":"post_tag","embeddable":true,"href":"https:\/\/turkiyemhaber.com\/index.php?rest_route=%2Fwp%2Fv2%2Ftags&post=3111"}],"curies":[{"name":"wp","href":"https:\/\/api.w.org\/{rel}","templated":true}]}}