{"id":3102,"date":"2026-06-13T11:04:47","date_gmt":"2026-06-13T11:04:47","guid":{"rendered":"https:\/\/turkiyemhaber.com\/?p=3102"},"modified":"2026-06-13T11:04:51","modified_gmt":"2026-06-13T11:04:51","slug":"tekirdagda-uyusturucu-operasyonu","status":"publish","type":"post","link":"https:\/\/turkiyemhaber.com\/?p=3102","title":{"rendered":"Tekirda\u011f&#8217;da Uyu\u015fturucu Operasyonu"},"content":{"rendered":"\n<p class=\"wp-block-paragraph\">Tekirda\u011f&#8217;da yap\u0131lan operasyonda evinde 403 uyu\u015fturucu hap ele ge\u00e7irilen \u015f\u00fcpheli g\u00f6zalt\u0131na al\u0131nd\u0131.<\/p>\n\n\n\n<p class=\"wp-block-paragraph\"><a href=\"https:\/\/www.sondakika.com\/tekirdag\/\">Tekirda\u011f<\/a>&#8216;da evinde 403 uyu\u015fturucu hap ele ge\u00e7irilen \u015f\u00fcpheli g\u00f6zalt\u0131na al\u0131nd\u0131.<\/p>\n\n\n\n<p class=\"wp-block-paragraph\">\u0130l Jandarma Komutanl\u0131\u011f\u0131 ekipleri, Aydo\u011fdu Mahallesi&#8217;nde bir ki\u015finin uyu\u015fturucu ticareti yapt\u0131\u011f\u0131 bilgisi \u00fczerine \u00e7al\u0131\u015fma yapt\u0131.<\/p>\n\n\n\n<p class=\"wp-block-paragraph\">Ekipler R.E&#8217;nin evinde yapt\u0131\u011f\u0131 aramada, 403 uyu\u015fturucu hap, bir ruhsats\u0131z t\u00fcfek ve bir miktar sentetik uyu\u015fturucu ele ge\u00e7irdi.<\/p>\n\n\n\n<p class=\"wp-block-paragraph\">G\u00f6zalt\u0131na al\u0131nan \u015f\u00fcphelinin jandarmadaki i\u015flemleri s\u00fcr\u00fcyor.<\/p>\n","protected":false},"excerpt":{"rendered":"<p>Tekirda\u011f&#8217;da yap\u0131lan operasyonda evinde 403 uyu\u015fturucu hap ele ge\u00e7irilen \u015f\u00fcpheli g\u00f6zalt\u0131na al\u0131nd\u0131. Tekirda\u011f&#8216;da evinde 403<\/p>\n","protected":false},"author":1,"featured_media":3103,"comment_status":"open","ping_status":"open","sticky":false,"template":"","format":"standard","meta":{"_rtcl_gb_attr":"","footnotes":""},"categories":[43],"tags":[],"class_list":["post-3102","post","type-post","status-publish","format-standard","has-post-thumbnail","hentry","category-son-dakika"],"_links":{"self":[{"href":"https:\/\/turkiyemhaber.com\/index.php?rest_route=\/wp\/v2\/posts\/3102","targetHints":{"allow":["GET"]}}],"collection":[{"href":"https:\/\/turkiyemhaber.com\/index.php?rest_route=\/wp\/v2\/posts"}],"about":[{"href":"https:\/\/turkiyemhaber.com\/index.php?rest_route=\/wp\/v2\/types\/post"}],"author":[{"embeddable":true,"href":"https:\/\/turkiyemhaber.com\/index.php?rest_route=\/wp\/v2\/users\/1"}],"replies":[{"embeddable":true,"href":"https:\/\/turkiyemhaber.com\/index.php?rest_route=%2Fwp%2Fv2%2Fcomments&post=3102"}],"version-history":[{"count":1,"href":"https:\/\/turkiyemhaber.com\/index.php?rest_route=\/wp\/v2\/posts\/3102\/revisions"}],"predecessor-version":[{"id":3104,"href":"https:\/\/turkiyemhaber.com\/index.php?rest_route=\/wp\/v2\/posts\/3102\/revisions\/3104"}],"wp:featuredmedia":[{"embeddable":true,"href":"https:\/\/turkiyemhaber.com\/index.php?rest_route=\/wp\/v2\/media\/3103"}],"wp:attachment":[{"href":"https:\/\/turkiyemhaber.com\/index.php?rest_route=%2Fwp%2Fv2%2Fmedia&parent=3102"}],"wp:term":[{"taxonomy":"category","embeddable":true,"href":"https:\/\/turkiyemhaber.com\/index.php?rest_route=%2Fwp%2Fv2%2Fcategories&post=3102"},{"taxonomy":"post_tag","embeddable":true,"href":"https:\/\/turkiyemhaber.com\/index.php?rest_route=%2Fwp%2Fv2%2Ftags&post=3102"}],"curies":[{"name":"wp","href":"https:\/\/api.w.org\/{rel}","templated":true}]}}