{"id":3099,"date":"2026-06-13T10:59:44","date_gmt":"2026-06-13T10:59:44","guid":{"rendered":"https:\/\/turkiyemhaber.com\/?p=3099"},"modified":"2026-06-13T10:59:47","modified_gmt":"2026-06-13T10:59:47","slug":"tekirdagda-ev-yangini-kontrol-altina-alindi","status":"publish","type":"post","link":"https:\/\/turkiyemhaber.com\/?p=3099","title":{"rendered":"Tekirda\u011f&#8217;da Ev Yang\u0131n\u0131 Kontrol Alt\u0131na Al\u0131nd\u0131"},"content":{"rendered":"\n<p class=\"wp-block-paragraph\">Muratl\u0131&#8217;da bir apartman dairesinde \u00e7\u0131kan yang\u0131n itfaiye taraf\u0131ndan s\u00f6nd\u00fcr\u00fcld\u00fc; can kayb\u0131 yok.<\/p>\n\n\n\n<p class=\"wp-block-paragraph\"><a href=\"https:\/\/www.sondakika.com\/tekirdag\/\">Tekirda\u011f<\/a>&#8216;\u0131n&nbsp;<a href=\"https:\/\/www.sondakika.com\/muratli\/\">Muratl\u0131<\/a>&nbsp;il\u00e7esinde bir evde \u00e7\u0131kan yang\u0131n itfaiye ekipleri taraf\u0131ndan s\u00f6nd\u00fcr\u00fcld\u00fc.<\/p>\n\n\n\n<p class=\"wp-block-paragraph\">Edinilen bilgilere g\u00f6re, Fatih Mahallesi&#8217;ndeki bir apartman dairesinde \u00e7\u0131kan yang\u0131n\u0131n fark edilmesi \u00fczerine olay yerine itfaiye, polis ve do\u011falgaz ekipleri sevk edildi. K\u0131sa s\u00fcrede b\u00f6lgeye ula\u015fan itfaiye ekipleri yang\u0131na m\u00fcdahale ederek alevlerin b\u00fcy\u00fcmesini \u00f6zleyerek s\u00f6nd\u00fcrd\u00fc.<\/p>\n\n\n\n<p class=\"wp-block-paragraph\">Yang\u0131n sebebiyle ev i\u00e7erisinde maddi hasar meydana gelirken, olayda can kayb\u0131 ya da yaralanma ya\u015fanmad\u0131\u011f\u0131 bildirildi.<\/p>\n\n\n\n<p class=\"wp-block-paragraph\">Dairede ve \u00e7evresinde incelemelerde bulunan ekipler, yang\u0131n\u0131n \u00e7\u0131k\u0131\u015f sebebiyle ilgili inceleme ba\u015flatt\u0131. &#8211; TEK\u0130RDA\u011e<\/p>\n","protected":false},"excerpt":{"rendered":"<p>Muratl\u0131&#8217;da bir apartman dairesinde \u00e7\u0131kan yang\u0131n itfaiye taraf\u0131ndan s\u00f6nd\u00fcr\u00fcld\u00fc; can kayb\u0131 yok. Tekirda\u011f&#8216;\u0131n&nbsp;Muratl\u0131&nbsp;il\u00e7esinde bir evde<\/p>\n","protected":false},"author":1,"featured_media":3100,"comment_status":"open","ping_status":"open","sticky":false,"template":"","format":"standard","meta":{"_rtcl_gb_attr":"","footnotes":""},"categories":[1],"tags":[],"class_list":["post-3099","post","type-post","status-publish","format-standard","has-post-thumbnail","hentry","category-http-turkiyemhaber-com-wp-content-uploads-2026-03-saray-59-haber-13-mart-pdf"],"_links":{"self":[{"href":"https:\/\/turkiyemhaber.com\/index.php?rest_route=\/wp\/v2\/posts\/3099","targetHints":{"allow":["GET"]}}],"collection":[{"href":"https:\/\/turkiyemhaber.com\/index.php?rest_route=\/wp\/v2\/posts"}],"about":[{"href":"https:\/\/turkiyemhaber.com\/index.php?rest_route=\/wp\/v2\/types\/post"}],"author":[{"embeddable":true,"href":"https:\/\/turkiyemhaber.com\/index.php?rest_route=\/wp\/v2\/users\/1"}],"replies":[{"embeddable":true,"href":"https:\/\/turkiyemhaber.com\/index.php?rest_route=%2Fwp%2Fv2%2Fcomments&post=3099"}],"version-history":[{"count":1,"href":"https:\/\/turkiyemhaber.com\/index.php?rest_route=\/wp\/v2\/posts\/3099\/revisions"}],"predecessor-version":[{"id":3101,"href":"https:\/\/turkiyemhaber.com\/index.php?rest_route=\/wp\/v2\/posts\/3099\/revisions\/3101"}],"wp:featuredmedia":[{"embeddable":true,"href":"https:\/\/turkiyemhaber.com\/index.php?rest_route=\/wp\/v2\/media\/3100"}],"wp:attachment":[{"href":"https:\/\/turkiyemhaber.com\/index.php?rest_route=%2Fwp%2Fv2%2Fmedia&parent=3099"}],"wp:term":[{"taxonomy":"category","embeddable":true,"href":"https:\/\/turkiyemhaber.com\/index.php?rest_route=%2Fwp%2Fv2%2Fcategories&post=3099"},{"taxonomy":"post_tag","embeddable":true,"href":"https:\/\/turkiyemhaber.com\/index.php?rest_route=%2Fwp%2Fv2%2Ftags&post=3099"}],"curies":[{"name":"wp","href":"https:\/\/api.w.org\/{rel}","templated":true}]}}