{"id":3096,"date":"2026-06-13T10:54:52","date_gmt":"2026-06-13T10:54:52","guid":{"rendered":"https:\/\/turkiyemhaber.com\/?p=3096"},"modified":"2026-06-13T10:54:55","modified_gmt":"2026-06-13T10:54:55","slug":"uluslararasi-tekirdag-kiraz-festivali-suleymanpasa-belediyesi-organizasyonda-sinifta-kaldi","status":"publish","type":"post","link":"https:\/\/turkiyemhaber.com\/?p=3096","title":{"rendered":"Uluslararas\u0131 Tekirda\u011f Kiraz Festivali: S\u00fcleymanpa\u015fa Belediyesi Organizasyonda S\u0131n\u0131fta Kald\u0131"},"content":{"rendered":"\n<p class=\"wp-block-paragraph\">60.Uluslararas\u0131 Tekirda\u011f Kiraz Festivali, ba\u015flang\u0131\u00e7, kortej ve a\u00e7\u0131l\u0131\u015f etkinlikleriyle olduk\u00e7a iyi bir ivme yakalamas\u0131na ra\u011fmen, festivalin genel organizasyon s\u00fcreci s\u0131n\u0131fta kald\u0131.<\/p>\n\n\n\n<p class=\"wp-block-paragraph\">Sahne alan sanat\u00e7\u0131lar\u0131n se\u00e7imi ve performanslar\u0131 takdire \u015fayand\u0131. S\u00fcleymanpa\u015fa Belediye Ba\u015fkan\u0131\u2019n\u0131n bizzat sahada olmas\u0131 ve yo\u011fun \u00e7abas\u0131, organizasyonun haz\u0131rl\u0131k a\u015famas\u0131ndaki eksikliklerini ve uygulama safhas\u0131ndaki yetersizliklerini g\u00f6lgelemeye yetmedi.<\/p>\n\n\n\n<p class=\"wp-block-paragraph\"><strong>Organizasyonel Sorunlar ve G\u00fcvenlik Zaafiyetleri<\/strong><\/p>\n\n\n\n<p class=\"wp-block-paragraph\">Etkinlik g\u00fcvenli\u011finin profesyonel ekipler yerine a\u011f\u0131rl\u0131kl\u0131 olarak zab\u0131ta personeline b\u0131rak\u0131lm\u0131\u015f olmas\u0131 b\u00fcy\u00fck bir eksiklikti. &#8220;Kulis giri\u015fleri, bas\u0131n ve engelli vatanda\u015flar i\u00e7in ayr\u0131lan alanlar&#8221; konusundaki talimatlar net olsa da, uygulama tam bir karma\u015faya d\u00f6n\u00fc\u015ft\u00fc. Bas\u0131n mensuplar\u0131 aras\u0131nda ayr\u0131mc\u0131l\u0131k yap\u0131ld\u0131\u011f\u0131, yaln\u0131zca belirli bir kesime akreditasyon kart\u0131 verildi\u011fi ve di\u011fer bas\u0131n mensuplar\u0131n\u0131n g\u00f6revlerini yapmalar\u0131n\u0131n engellendi\u011fi g\u00f6zlemlendi. Engelli vatanda\u015flar i\u00e7in ayr\u0131lan b\u00f6l\u00fcmler ise, g\u00f6revlilerin y\u00f6netim zafiyeti nedeniyle amac\u0131ndan sapan bir izdiham alan\u0131na d\u00f6n\u00fc\u015ft\u00fc.<\/p>\n\n\n\n<p class=\"wp-block-paragraph\">Bu s\u00fcre\u00e7teki di\u011fer temel sorunlar \u015funlard\u0131:<\/p>\n\n\n\n<ul class=\"wp-block-list\">\n<li><strong>Profesyonel G\u00fcvenlik Eksikli\u011fi:<\/strong> Zab\u0131ta personelinin profesyonel g\u00fcvenlik donan\u0131m\u0131na sahip olmamas\u0131, 3-4 saatlik uykuyla g\u00f6rev yapmaya \u00e7al\u0131\u015fan personelin agresif tav\u0131rlar sergilemesine ve bas\u0131n mensuplar\u0131yla gereksiz tart\u0131\u015fmalar ya\u015famas\u0131na neden oldu.<\/li>\n\n\n\n<li><strong>Denetim Zafiyeti:<\/strong> Bas\u0131n kart\u0131 olanlara dahi yasakl\u0131 alanlara giri\u015f izni verilmezken, yetkisiz bir\u00e7ok ki\u015finin elini kolunu sallayarak giri\u015f-\u00e7\u0131k\u0131\u015f yapmas\u0131, g\u00fcvenlikteki \u00e7ifte standard\u0131 g\u00f6zler \u00f6n\u00fcne serdi.<\/li>\n\n\n\n<li><strong>Asayi\u015f Sorunlar\u0131:<\/strong> \u00c7evre g\u00fcvenli\u011finin zay\u0131fl\u0131\u011f\u0131, meydanlarda alkol t\u00fcketimiyle huzursuzluk yaratan ki\u015filere m\u00fcdahale edilmemesine, dolay\u0131s\u0131yla sokaklara ta\u015fan ve etkinlik alan\u0131na yans\u0131yan kavgalara zemin haz\u0131rlad\u0131.<\/li>\n<\/ul>\n\n\n\n<p class=\"wp-block-paragraph\"><strong>\u00c7\u00f6z\u00fcm \u00d6nerileri<\/strong><\/p>\n\n\n\n<p class=\"wp-block-paragraph\">B\u00f6ylesi kapsaml\u0131 bir organizasyonun ba\u015far\u0131s\u0131, detaylardaki ciddiyetle do\u011fru orant\u0131l\u0131d\u0131r:<\/p>\n\n\n\n<ol start=\"1\" class=\"wp-block-list\">\n<li><strong>Profesyonel Destek:<\/strong> Organizasyon s\u00fcrecinde, alan\u0131nda uzman \u00f6zel g\u00fcvenlik \u015firketleriyle \u00e7al\u0131\u015f\u0131lmal\u0131 veya sahne \u00f6n\u00fc\/giri\u015f g\u00fcvenli\u011fi i\u00e7in Emniyet Te\u015fkilat\u0131 ile daha koordineli, herkese e\u015fit mesafede duran bir sistem kurulmal\u0131d\u0131r.<\/li>\n\n\n\n<li><strong>Etkili Koordinasyon:<\/strong> Zab\u0131ta ekipleri, g\u00fcvenlik g\u00fc\u00e7lerine destek olarak kalabal\u0131\u011f\u0131 y\u00f6netmeli, asayi\u015fi bozan (alkoll\u00fc dola\u015fan, kavgaya meyilli) unsurlar\u0131 ay\u0131klamal\u0131d\u0131r.<\/li>\n\n\n\n<li><strong>Engelsiz Eri\u015fim:<\/strong> Engelli vatanda\u015flar\u0131m\u0131z i\u00e7in ayr\u0131lan \u00f6zel alanlar, sadece onlara tahsis edilmeli ve bu alanlar\u0131n g\u00fcvenli\u011fi, kimsenin ihlal etmeyece\u011fi \u015fekilde s\u0131k\u0131 tutulmal\u0131d\u0131r.<\/li>\n<\/ol>\n\n\n\n<p class=\"wp-block-paragraph\">\u00d6zetle; S\u00fcleymanpa\u015fa Belediyesi\u2019nin projesi ve iyi niyeti olduk\u00e7a k\u0131ymetli olsa da, uygulama a\u015famas\u0131nda ya\u015fanan bu aksakl\u0131klar festivalin genel kalitesine g\u00f6lge d\u00fc\u015f\u00fcrd\u00fc. Bir sonraki organizasyonlarda, profesyonel bir planlaman\u0131n \u015fart oldu\u011fu a\u00e7\u0131k\u00e7a g\u00f6r\u00fclmektedir.<\/p>\n","protected":false},"excerpt":{"rendered":"<p>60.Uluslararas\u0131 Tekirda\u011f Kiraz Festivali, ba\u015flang\u0131\u00e7, kortej ve a\u00e7\u0131l\u0131\u015f etkinlikleriyle olduk\u00e7a iyi bir ivme yakalamas\u0131na ra\u011fmen,<\/p>\n","protected":false},"author":1,"featured_media":3097,"comment_status":"open","ping_status":"open","sticky":false,"template":"","format":"standard","meta":{"_rtcl_gb_attr":"","footnotes":""},"categories":[1],"tags":[],"class_list":["post-3096","post","type-post","status-publish","format-standard","has-post-thumbnail","hentry","category-http-turkiyemhaber-com-wp-content-uploads-2026-03-saray-59-haber-13-mart-pdf"],"_links":{"self":[{"href":"https:\/\/turkiyemhaber.com\/index.php?rest_route=\/wp\/v2\/posts\/3096","targetHints":{"allow":["GET"]}}],"collection":[{"href":"https:\/\/turkiyemhaber.com\/index.php?rest_route=\/wp\/v2\/posts"}],"about":[{"href":"https:\/\/turkiyemhaber.com\/index.php?rest_route=\/wp\/v2\/types\/post"}],"author":[{"embeddable":true,"href":"https:\/\/turkiyemhaber.com\/index.php?rest_route=\/wp\/v2\/users\/1"}],"replies":[{"embeddable":true,"href":"https:\/\/turkiyemhaber.com\/index.php?rest_route=%2Fwp%2Fv2%2Fcomments&post=3096"}],"version-history":[{"count":1,"href":"https:\/\/turkiyemhaber.com\/index.php?rest_route=\/wp\/v2\/posts\/3096\/revisions"}],"predecessor-version":[{"id":3098,"href":"https:\/\/turkiyemhaber.com\/index.php?rest_route=\/wp\/v2\/posts\/3096\/revisions\/3098"}],"wp:featuredmedia":[{"embeddable":true,"href":"https:\/\/turkiyemhaber.com\/index.php?rest_route=\/wp\/v2\/media\/3097"}],"wp:attachment":[{"href":"https:\/\/turkiyemhaber.com\/index.php?rest_route=%2Fwp%2Fv2%2Fmedia&parent=3096"}],"wp:term":[{"taxonomy":"category","embeddable":true,"href":"https:\/\/turkiyemhaber.com\/index.php?rest_route=%2Fwp%2Fv2%2Fcategories&post=3096"},{"taxonomy":"post_tag","embeddable":true,"href":"https:\/\/turkiyemhaber.com\/index.php?rest_route=%2Fwp%2Fv2%2Ftags&post=3096"}],"curies":[{"name":"wp","href":"https:\/\/api.w.org\/{rel}","templated":true}]}}