{"id":3093,"date":"2026-06-12T21:11:09","date_gmt":"2026-06-12T21:11:09","guid":{"rendered":"https:\/\/turkiyemhaber.com\/?p=3093"},"modified":"2026-06-12T21:11:13","modified_gmt":"2026-06-12T21:11:13","slug":"malatyada-firari-cinayet-zanlilari-yakalandi","status":"publish","type":"post","link":"https:\/\/turkiyemhaber.com\/?p=3093","title":{"rendered":"Malatya&#8217;da Firari Cinayet Zanl\u0131lar\u0131 Yakaland\u0131"},"content":{"rendered":"\n<p class=\"wp-block-paragraph\">JASAT, Malatya&#8217;da kasten \u00f6ld\u00fcrme su\u00e7undan aranan iki firariyi yakalad\u0131 ve silah-ele ge\u00e7irdi.<\/p>\n\n\n\n<p class=\"wp-block-paragraph\">MALATYA&#8217;da Jandarma&nbsp;<a href=\"https:\/\/www.sondakika.com\/suc\/\">Su\u00e7<\/a>&nbsp;Ara\u015ft\u0131rma Timi (<a href=\"https:\/\/www.sondakika.com\/jasat\/\">JASAT<\/a>) taraf\u0131ndan ger\u00e7ekle\u015ftirilen operasyonlarda &#8216;Kasten \u00f6ld\u00fcrme&#8217; su\u00e7undan h\u00fck\u00fcm giyen iki firari yakaland\u0131.<\/p>\n\n\n\n<p class=\"wp-block-paragraph\">Jandarma Su\u00e7 Ara\u015ft\u0131rma Timleri (JASAT) kasten adam \u00f6ld\u00fcrme su\u00e7lar\u0131na ili\u015fkin k\u0131rsal b\u00f6lgelerde \u00e7al\u0131\u015fma ba\u015flatt\u0131. Yap\u0131lan fiziki ve teknik takip ile Ye\u015filyurt il\u00e7esi G\u00f6zene Mahallesi&#8217;nde &#8216;kasten \u00f6ld\u00fcrme&#8217; su\u00e7undan aranan 2 \u015f\u00fcphelinin adresleri tespit edildi. 8 adrese operasyon d\u00fczenleyen ekipler, 35 y\u0131l kesinle\u015fmi\u015f hapis cezas\u0131 bulunan C.A. ve 25 y\u0131l kesinle\u015fmi\u015f hapis cezas\u0131 bulunan M. A. isimli firari h\u00fck\u00fcml\u00fcleri yakalad\u0131. Ayr\u0131ca adreslerde yap\u0131lan aramalarda; 4 adet ruhsats\u0131z tabanca, 5 adet \u015farj\u00f6r, 2 adet ruhsats\u0131z av t\u00fcfe\u011fi, 522 adet fi\u015fek, 1 adet tabanca d\u00f6n\u00fc\u015f\u00fcm\u00fcnde kullan\u0131lan tetik tertibat\u0131 ve namlu ile 10 gram esrar maddesi ele ge\u00e7irildi.<\/p>\n\n\n\n<p class=\"wp-block-paragraph\">Yakalanan C.A. ve M.A. \u0130l\u00e7e Jandarma Komutanl\u0131\u011f\u0131&#8217;ndaki i\u015flemlerinin ard\u0131ndan cezaevine teslim edildi.<\/p>\n","protected":false},"excerpt":{"rendered":"<p>JASAT, Malatya&#8217;da kasten \u00f6ld\u00fcrme su\u00e7undan aranan iki firariyi yakalad\u0131 ve silah-ele ge\u00e7irdi. MALATYA&#8217;da Jandarma&nbsp;Su\u00e7&nbsp;Ara\u015ft\u0131rma Timi<\/p>\n","protected":false},"author":1,"featured_media":3094,"comment_status":"open","ping_status":"open","sticky":false,"template":"","format":"standard","meta":{"_rtcl_gb_attr":"","footnotes":""},"categories":[1],"tags":[],"class_list":["post-3093","post","type-post","status-publish","format-standard","has-post-thumbnail","hentry","category-http-turkiyemhaber-com-wp-content-uploads-2026-03-saray-59-haber-13-mart-pdf"],"_links":{"self":[{"href":"https:\/\/turkiyemhaber.com\/index.php?rest_route=\/wp\/v2\/posts\/3093","targetHints":{"allow":["GET"]}}],"collection":[{"href":"https:\/\/turkiyemhaber.com\/index.php?rest_route=\/wp\/v2\/posts"}],"about":[{"href":"https:\/\/turkiyemhaber.com\/index.php?rest_route=\/wp\/v2\/types\/post"}],"author":[{"embeddable":true,"href":"https:\/\/turkiyemhaber.com\/index.php?rest_route=\/wp\/v2\/users\/1"}],"replies":[{"embeddable":true,"href":"https:\/\/turkiyemhaber.com\/index.php?rest_route=%2Fwp%2Fv2%2Fcomments&post=3093"}],"version-history":[{"count":1,"href":"https:\/\/turkiyemhaber.com\/index.php?rest_route=\/wp\/v2\/posts\/3093\/revisions"}],"predecessor-version":[{"id":3095,"href":"https:\/\/turkiyemhaber.com\/index.php?rest_route=\/wp\/v2\/posts\/3093\/revisions\/3095"}],"wp:featuredmedia":[{"embeddable":true,"href":"https:\/\/turkiyemhaber.com\/index.php?rest_route=\/wp\/v2\/media\/3094"}],"wp:attachment":[{"href":"https:\/\/turkiyemhaber.com\/index.php?rest_route=%2Fwp%2Fv2%2Fmedia&parent=3093"}],"wp:term":[{"taxonomy":"category","embeddable":true,"href":"https:\/\/turkiyemhaber.com\/index.php?rest_route=%2Fwp%2Fv2%2Fcategories&post=3093"},{"taxonomy":"post_tag","embeddable":true,"href":"https:\/\/turkiyemhaber.com\/index.php?rest_route=%2Fwp%2Fv2%2Ftags&post=3093"}],"curies":[{"name":"wp","href":"https:\/\/api.w.org\/{rel}","templated":true}]}}