{"id":3087,"date":"2026-06-12T21:03:13","date_gmt":"2026-06-12T21:03:13","guid":{"rendered":"https:\/\/turkiyemhaber.com\/?p=3087"},"modified":"2026-06-12T21:03:16","modified_gmt":"2026-06-12T21:03:16","slug":"ilklerin-kararnamesi-hsknin-savci-ve-hakim-atamalarinda-dikkat-ceken-detaylar","status":"publish","type":"post","link":"https:\/\/turkiyemhaber.com\/?p=3087","title":{"rendered":"\u0130lklerin kararnamesi! HSK&#8217;n\u0131n savc\u0131 ve hakim atamalar\u0131nda dikkat \u00e7eken detaylar"},"content":{"rendered":"\n<p class=\"wp-block-paragraph\">HSK&#8217;n\u0131n 2026 Y\u0131l\u0131 Ana Kararnamesi&#8217;ndeki atamalarda dikkat \u00e7eken detaylar yer ald\u0131. 33 ilin cumhuriyet ba\u015fsavc\u0131s\u0131 de\u011fi\u015firken, 27 \u015fehre de yeni komisyon ba\u015fkan\u0131 atand\u0131. Ayr\u0131ca Besni ve Su\u015fehri il\u00e7elerine ilk kez asliye ceza cumhuriyet ba\u015fsavc\u0131s\u0131, Serik, Ortaca, Su\u015fehri ve Sand\u0131kl\u0131 adliyelerine ilk kez a\u011f\u0131r ceza mahkemesi ba\u015fkan\u0131 atand\u0131.<\/p>\n\n\n\n<p class=\"wp-block-paragraph\">Adalet Bakan\u0131&nbsp;<a href=\"https:\/\/www.sondakika.com\/akin-gurlek\/\">Ak\u0131n G\u00fcrlek<\/a>, Hakimler ve Savc\u0131lar Kurulunun (HSK) Adli ve \u0130dari Yarg\u0131 2026 y\u0131l\u0131 Ana Kararnamesi \u00e7al\u0131\u015fmalar\u0131n\u0131 tamamlad\u0131\u011f\u0131n\u0131 bildirerek, hakim ve savc\u0131lara yeni g\u00f6rev yerlerinde ba\u015far\u0131lar diledi.<\/p>\n\n\n\n<p class=\"wp-block-paragraph\">2026 Y\u0131l\u0131 Ana Kararnamesi ile 33 il Cumhuriyet Ba\u015fsavc\u0131s\u0131, 27 ilin ise komisyon ba\u015fkan\u0131 de\u011fi\u015fmi\u015ftir.<\/p>\n\n\n\n<p class=\"wp-block-paragraph\">A\u011f\u0131r Ceza Mahkemesi Ba\u015fkanl\u0131\u011f\u0131na 160, B\u00f6lge Adliye Mahkemesi \u00dcyeli\u011fine 471, B\u00f6lge Adliye Mahkemesi Cumhuriyet Savc\u0131l\u0131\u011f\u0131na 80, B\u00f6lge Adliye Mahkemesi Daire Ba\u015fkanl\u0131\u011f\u0131na 113, Yarg\u0131tay Tetkik H\u00e2kimli\u011fine 12 ve Yarg\u0131tay Cumhuriyet Savc\u0131l\u0131\u011f\u0131na 15 atama yap\u0131lm\u0131\u015ft\u0131r.<\/p>\n\n\n\n<p class=\"wp-block-paragraph\">\u0130stanbul Ticaret Mahkemeleri \u0130stanbul Adliyesine birle\u015ftirilerek tek \u00e7at\u0131 alt\u0131nda 30 mahkeme olarak faaliyetine devam edecektir.<\/p>\n\n\n\n<p class=\"wp-block-paragraph\">Besni ve Su\u015fehri\u2019ne ilk kez asliye ceza Cumhuriyet ba\u015fsavc\u0131s\u0131 atamas\u0131 yap\u0131lm\u0131\u015ft\u0131r.<\/p>\n\n\n\n<p class=\"wp-block-paragraph\">Serik, Ortaca, Su\u015fehri ve Sand\u0131kl\u0131 adliyelerine ilk kez a\u011f\u0131r ceza mahkemesi ba\u015fkan\u0131 atamas\u0131 yap\u0131larak bu il\u00e7eler a\u011f\u0131r ceza merkezi haline d\u00f6n\u00fc\u015ft\u00fcr\u00fclm\u00fc\u015ft\u00fcr.<\/p>\n","protected":false},"excerpt":{"rendered":"<p>HSK&#8217;n\u0131n 2026 Y\u0131l\u0131 Ana Kararnamesi&#8217;ndeki atamalarda dikkat \u00e7eken detaylar yer ald\u0131. 33 ilin cumhuriyet ba\u015fsavc\u0131s\u0131<\/p>\n","protected":false},"author":1,"featured_media":3088,"comment_status":"open","ping_status":"open","sticky":false,"template":"","format":"standard","meta":{"_rtcl_gb_attr":"","footnotes":""},"categories":[1],"tags":[],"class_list":["post-3087","post","type-post","status-publish","format-standard","has-post-thumbnail","hentry","category-http-turkiyemhaber-com-wp-content-uploads-2026-03-saray-59-haber-13-mart-pdf"],"_links":{"self":[{"href":"https:\/\/turkiyemhaber.com\/index.php?rest_route=\/wp\/v2\/posts\/3087","targetHints":{"allow":["GET"]}}],"collection":[{"href":"https:\/\/turkiyemhaber.com\/index.php?rest_route=\/wp\/v2\/posts"}],"about":[{"href":"https:\/\/turkiyemhaber.com\/index.php?rest_route=\/wp\/v2\/types\/post"}],"author":[{"embeddable":true,"href":"https:\/\/turkiyemhaber.com\/index.php?rest_route=\/wp\/v2\/users\/1"}],"replies":[{"embeddable":true,"href":"https:\/\/turkiyemhaber.com\/index.php?rest_route=%2Fwp%2Fv2%2Fcomments&post=3087"}],"version-history":[{"count":1,"href":"https:\/\/turkiyemhaber.com\/index.php?rest_route=\/wp\/v2\/posts\/3087\/revisions"}],"predecessor-version":[{"id":3089,"href":"https:\/\/turkiyemhaber.com\/index.php?rest_route=\/wp\/v2\/posts\/3087\/revisions\/3089"}],"wp:featuredmedia":[{"embeddable":true,"href":"https:\/\/turkiyemhaber.com\/index.php?rest_route=\/wp\/v2\/media\/3088"}],"wp:attachment":[{"href":"https:\/\/turkiyemhaber.com\/index.php?rest_route=%2Fwp%2Fv2%2Fmedia&parent=3087"}],"wp:term":[{"taxonomy":"category","embeddable":true,"href":"https:\/\/turkiyemhaber.com\/index.php?rest_route=%2Fwp%2Fv2%2Fcategories&post=3087"},{"taxonomy":"post_tag","embeddable":true,"href":"https:\/\/turkiyemhaber.com\/index.php?rest_route=%2Fwp%2Fv2%2Ftags&post=3087"}],"curies":[{"name":"wp","href":"https:\/\/api.w.org\/{rel}","templated":true}]}}