{"id":3084,"date":"2026-06-12T20:58:36","date_gmt":"2026-06-12T20:58:36","guid":{"rendered":"https:\/\/turkiyemhaber.com\/?p=3084"},"modified":"2026-06-12T20:58:40","modified_gmt":"2026-06-12T20:58:40","slug":"kocaelide-aci-olay-baba-evinde-asili-bulundu-sma-hastasi-oglunun-cihazinin-fisi-cekildi","status":"publish","type":"post","link":"https:\/\/turkiyemhaber.com\/?p=3084","title":{"rendered":"Kocaeli&#8217;de ac\u0131 olay: Baba evinde as\u0131l\u0131 bulundu, SMA hastas\u0131 o\u011flunun cihaz\u0131n\u0131n fi\u015fi \u00e7ekildi"},"content":{"rendered":"\n<p class=\"wp-block-paragraph\">Kocaeli&#8217;nin Derince il\u00e7esinde 44 ya\u015f\u0131ndaki Soner Ata, evinde as\u0131l\u0131 halde \u00f6l\u00fc bulundu. 12 ya\u015f\u0131ndaki SMA hastas\u0131 o\u011flunun ba\u011fl\u0131 oldu\u011fu cihaz\u0131n fi\u015finin \u00e7ekildi\u011fi tespit edildi. K\u00fc\u00e7\u00fck \u00e7ocuk hastanede yo\u011fun bak\u0131mda tedaviye al\u0131n\u0131rken, baban\u0131n cenazesi topra\u011fa verildi. Olayla ilgili soru\u015fturma s\u00fcr\u00fcyor.<\/p>\n\n\n\n<p class=\"wp-block-paragraph\">KOCAEL\u0130&#8217;nin&nbsp;<a href=\"https:\/\/www.sondakika.com\/derince\/\">Derince<\/a>&nbsp;il\u00e7esinde Soner Ata (44), evinde as\u0131l\u0131 halde \u00f6l\u00fc bulundu. Ba\u011fl\u0131 bulundu\u011fu cihaz\u0131n fi\u015finin \u00e7ekildi\u011fi belirlenen Spinal M\u00fcsk\u00fcler Atrofi (SMA) hastas\u0131 o\u011flu N.E.A. (12) ise hastanede tedaviye al\u0131nd\u0131.<\/p>\n\n\n\n<h3 class=\"wp-block-heading\">BABA \u0130NT\u0130HAR ETT\u0130, SMA HASTASI O\u011eLU YO\u011eUN BAKIMDA<\/h3>\n\n\n\n<p class=\"wp-block-paragraph\">Derince il\u00e7esi Fatih Sultan Mahallesi Furkan Sokak&#8217;ta oturan Soner Ata, eve gelen yak\u0131nlar\u0131n taraf\u0131ndan as\u0131l\u0131 bulundu. Aile, SMA hastas\u0131 o\u011fullar\u0131 N.E.A.&#8217;n\u0131n da ba\u011fl\u0131 bulundu\u011fu cihaz\u0131n fi\u015finin \u00e7ekildi\u011fini g\u00f6rd\u00fc. Ailenin ihbar\u0131 \u00fczerine adrese sa\u011fl\u0131k ve polis ekipleri sevk edildi. Sa\u011fl\u0131k ekiplerinin kontrol\u00fcnde Soner Ata&#8217;n\u0131n hayat\u0131n\u0131 kaybetti\u011fi belirlendi. N.E.A. ise Derince E\u011fitim ve Ara\u015ft\u0131rma Hastanesi&#8217;ne kald\u0131r\u0131ld\u0131. Buradaki m\u00fcdahalenin ard\u0131ndan N.E.A.,&nbsp;<a href=\"https:\/\/www.sondakika.com\/kocaeli\/\">Kocaeli<\/a>&nbsp;\u015eehir Hastanesi&#8217;ne sevk edildi. N.E.A.&#8217;n\u0131n yo\u011fun bak\u0131m \u00fcnitesindeki tedavisinin s\u00fcrd\u00fc\u011f\u00fc bildirildi.<\/p>\n\n\n\n<h3 class=\"wp-block-heading\">TOPRA\u011eA VER\u0130LD\u0130<\/h3>\n\n\n\n<p class=\"wp-block-paragraph\">Otopsi i\u015flemlerinin ard\u0131ndan Soner Ata&#8217;n\u0131n cenazesi ailesi taraf\u0131ndan teslim al\u0131narak Derince il\u00e7esindeki Ulu Cami&#8217;ye getirildi. \u00d6\u011fleyin k\u0131l\u0131nan cenaze namaz\u0131n\u0131n ard\u0131ndan Soner Ata, \u00c7\u0131narl\u0131k \u015eehitli\u011fi&#8217;nde topra\u011fa verildi.<\/p>\n\n\n\n<h3 class=\"wp-block-heading\">&#8220;\u0130NT\u0130HAR ETT\u0130KTEN SONRA F\u0130\u015e\u0130 \u00c7EKT\u0130&#8221; \u015e\u00dcPHES\u0130<\/h3>\n\n\n\n<p class=\"wp-block-paragraph\">Soner Ata&#8217;n\u0131n o\u011flunun ba\u011fl\u0131 bulundu\u011fu cihaz\u0131n fi\u015fini \u00e7ektikten sonra kendisini ast\u0131\u011f\u0131 \u00fczerinde durulurken, olayla ilgili soru\u015fturman\u0131n s\u00fcrd\u00fc\u011f\u00fc bildirildi.<\/p>\n","protected":false},"excerpt":{"rendered":"<p>Kocaeli&#8217;nin Derince il\u00e7esinde 44 ya\u015f\u0131ndaki Soner Ata, evinde as\u0131l\u0131 halde \u00f6l\u00fc bulundu. 12 ya\u015f\u0131ndaki SMA<\/p>\n","protected":false},"author":1,"featured_media":3085,"comment_status":"open","ping_status":"open","sticky":false,"template":"","format":"standard","meta":{"_rtcl_gb_attr":"","footnotes":""},"categories":[1],"tags":[],"class_list":["post-3084","post","type-post","status-publish","format-standard","has-post-thumbnail","hentry","category-http-turkiyemhaber-com-wp-content-uploads-2026-03-saray-59-haber-13-mart-pdf"],"_links":{"self":[{"href":"https:\/\/turkiyemhaber.com\/index.php?rest_route=\/wp\/v2\/posts\/3084","targetHints":{"allow":["GET"]}}],"collection":[{"href":"https:\/\/turkiyemhaber.com\/index.php?rest_route=\/wp\/v2\/posts"}],"about":[{"href":"https:\/\/turkiyemhaber.com\/index.php?rest_route=\/wp\/v2\/types\/post"}],"author":[{"embeddable":true,"href":"https:\/\/turkiyemhaber.com\/index.php?rest_route=\/wp\/v2\/users\/1"}],"replies":[{"embeddable":true,"href":"https:\/\/turkiyemhaber.com\/index.php?rest_route=%2Fwp%2Fv2%2Fcomments&post=3084"}],"version-history":[{"count":1,"href":"https:\/\/turkiyemhaber.com\/index.php?rest_route=\/wp\/v2\/posts\/3084\/revisions"}],"predecessor-version":[{"id":3086,"href":"https:\/\/turkiyemhaber.com\/index.php?rest_route=\/wp\/v2\/posts\/3084\/revisions\/3086"}],"wp:featuredmedia":[{"embeddable":true,"href":"https:\/\/turkiyemhaber.com\/index.php?rest_route=\/wp\/v2\/media\/3085"}],"wp:attachment":[{"href":"https:\/\/turkiyemhaber.com\/index.php?rest_route=%2Fwp%2Fv2%2Fmedia&parent=3084"}],"wp:term":[{"taxonomy":"category","embeddable":true,"href":"https:\/\/turkiyemhaber.com\/index.php?rest_route=%2Fwp%2Fv2%2Fcategories&post=3084"},{"taxonomy":"post_tag","embeddable":true,"href":"https:\/\/turkiyemhaber.com\/index.php?rest_route=%2Fwp%2Fv2%2Ftags&post=3084"}],"curies":[{"name":"wp","href":"https:\/\/api.w.org\/{rel}","templated":true}]}}