{"id":3080,"date":"2026-06-12T20:53:27","date_gmt":"2026-06-12T20:53:27","guid":{"rendered":"https:\/\/turkiyemhaber.com\/?p=3080"},"modified":"2026-06-12T20:53:30","modified_gmt":"2026-06-12T20:53:30","slug":"4-bin-967-hakim-ve-savcinin-gorev-yeri-degistirildi","status":"publish","type":"post","link":"https:\/\/turkiyemhaber.com\/?p=3080","title":{"rendered":"4 bin 967 hakim ve savc\u0131n\u0131n g\u00f6rev yeri de\u011fi\u015ftirildi"},"content":{"rendered":"\n<p class=\"wp-block-paragraph\">Hakimler Savc\u0131lar Kurulu, 2026 Y\u0131l\u0131 Ana Kararnamesi&#8217;ni yay\u0131mlad\u0131. Adli Yarg\u0131 Kararnamesi ile 4 bin 608, \u0130dari Yarg\u0131 Kararnamesi ile 359 olmak \u00fczere toplam 4 bin 967 hakim ve savc\u0131n\u0131n g\u00f6rev yeri de\u011fi\u015ftirildi.<\/p>\n\n\n\n<p class=\"wp-block-paragraph\">Hakimler ve Savc\u0131lar Kurulu (HSK), merakla beklenen 2026 Y\u0131l\u0131 Adli ve \u0130dari&nbsp;<a href=\"https:\/\/www.sondakika.com\/yargi\/\">Yarg\u0131<\/a>&nbsp;Ana Kararnamesi \u00fczerindeki \u00e7al\u0131\u015fmalar\u0131n\u0131 tamamlayarak ilan etti.<\/p>\n\n\n\n<h3 class=\"wp-block-heading\">4 B\u0130N 967 HAK\u0130M VE SAVCIYA YEN\u0130 G\u00d6REV<\/h3>\n\n\n\n<p class=\"wp-block-paragraph\">Yay\u0131mlanan kararnameyle, adli yarg\u0131da 4 bin 608, idari yarg\u0131da ise 359 olmak \u00fczere toplam 4 bin 967 hakim ve savc\u0131n\u0131n yeni g\u00f6rev yeri belirlendi.<\/p>\n\n\n\n<h3 class=\"wp-block-heading\">BAKAN G\u00dcRLEK&#8217;TEN A\u00c7IKLAMA<\/h3>\n\n\n\n<p class=\"wp-block-paragraph\">Adalet Bakan\u0131&nbsp;<a href=\"https:\/\/www.sondakika.com\/akin-gurlek\/\">Ak\u0131n G\u00fcrlek<\/a>, atamalara ili\u015fkin yapt\u0131\u011f\u0131 a\u00e7\u0131klamada \u015funlar\u0131 s\u00f6yledi: &#8220;H\u00e2kimler ve Savc\u0131lar Kurulu (HSK) olarak b\u00fcy\u00fck bir hassasiyetle y\u00fcr\u00fctt\u00fc\u011f\u00fcm\u00fcz Adli ve \u0130dari Yarg\u0131 2026 Y\u0131l\u0131 Ana Kararnamesi \u00e7al\u0131\u015fmalar\u0131m\u0131z\u0131 tamamlad\u0131k.&nbsp;Kararname detaylar\u0131, HSK resmi internet sitemizde (http:\/\/hsk.gov.tr) birazdan yay\u0131mlanacakt\u0131r.<\/p>\n\n\n\n<p class=\"wp-block-paragraph\">Aziz milletimiz ad\u0131na g\u00f6revini ifa eden k\u0131ymetli h\u00e2kim ve Cumhuriyet savc\u0131lar\u0131m\u0131za yeni g\u00f6rev yerlerinde \u00fcst\u00fcn ba\u015far\u0131lar diliyorum.&nbsp;Kararnamenin; h\u00e2kim ve savc\u0131lar\u0131m\u0131za, k\u0131ymetli ailelerine, yarg\u0131 te\u015fkilat\u0131m\u0131za ve aziz milletimize hay\u0131rl\u0131 olmas\u0131n\u0131 temenni ediyorum.&#8221;<\/p>\n\n\n\n<h3 class=\"wp-block-heading\">ANKARA&#8217;YA YEN\u0130 CUMHUR\u0130YET SAVCISI<\/h3>\n\n\n\n<p class=\"wp-block-paragraph\">Kararnameye g\u00f6re; Ankara Cumhuriyet Ba\u015fsavc\u0131l\u0131\u011f\u0131 g\u00f6revinden Yarg\u0131tay \u00fcyeli\u011fine atanan G\u00f6khan Karak\u00f6se&#8217;nin yerine \u0130stanbul Cumhuriyet Ba\u015fsavc\u0131 Vekili Aykut \u00c7elik atand\u0131. Ayr\u0131ca Hakimler ve Savc\u0131lar Kurulu Genel Sekreter Yard\u0131mc\u0131s\u0131 \u00d6mer \u00d6r\u00fcc\u00fc ile Ankara Cumhuriyet Savc\u0131s\u0131 Ahmet Akdeniz, Ankara Cumhuriyet Ba\u015fsavc\u0131 Vekilli\u011fi g\u00f6revine atand\u0131<\/p>\n","protected":false},"excerpt":{"rendered":"<p>Hakimler Savc\u0131lar Kurulu, 2026 Y\u0131l\u0131 Ana Kararnamesi&#8217;ni yay\u0131mlad\u0131. Adli Yarg\u0131 Kararnamesi ile 4 bin 608,<\/p>\n","protected":false},"author":1,"featured_media":3081,"comment_status":"open","ping_status":"open","sticky":false,"template":"","format":"standard","meta":{"_rtcl_gb_attr":"","footnotes":""},"categories":[43],"tags":[],"class_list":["post-3080","post","type-post","status-publish","format-standard","has-post-thumbnail","hentry","category-son-dakika"],"_links":{"self":[{"href":"https:\/\/turkiyemhaber.com\/index.php?rest_route=\/wp\/v2\/posts\/3080","targetHints":{"allow":["GET"]}}],"collection":[{"href":"https:\/\/turkiyemhaber.com\/index.php?rest_route=\/wp\/v2\/posts"}],"about":[{"href":"https:\/\/turkiyemhaber.com\/index.php?rest_route=\/wp\/v2\/types\/post"}],"author":[{"embeddable":true,"href":"https:\/\/turkiyemhaber.com\/index.php?rest_route=\/wp\/v2\/users\/1"}],"replies":[{"embeddable":true,"href":"https:\/\/turkiyemhaber.com\/index.php?rest_route=%2Fwp%2Fv2%2Fcomments&post=3080"}],"version-history":[{"count":1,"href":"https:\/\/turkiyemhaber.com\/index.php?rest_route=\/wp\/v2\/posts\/3080\/revisions"}],"predecessor-version":[{"id":3082,"href":"https:\/\/turkiyemhaber.com\/index.php?rest_route=\/wp\/v2\/posts\/3080\/revisions\/3082"}],"wp:featuredmedia":[{"embeddable":true,"href":"https:\/\/turkiyemhaber.com\/index.php?rest_route=\/wp\/v2\/media\/3081"}],"wp:attachment":[{"href":"https:\/\/turkiyemhaber.com\/index.php?rest_route=%2Fwp%2Fv2%2Fmedia&parent=3080"}],"wp:term":[{"taxonomy":"category","embeddable":true,"href":"https:\/\/turkiyemhaber.com\/index.php?rest_route=%2Fwp%2Fv2%2Fcategories&post=3080"},{"taxonomy":"post_tag","embeddable":true,"href":"https:\/\/turkiyemhaber.com\/index.php?rest_route=%2Fwp%2Fv2%2Ftags&post=3080"}],"curies":[{"name":"wp","href":"https:\/\/api.w.org\/{rel}","templated":true}]}}