{"id":3071,"date":"2026-06-12T14:31:23","date_gmt":"2026-06-12T14:31:23","guid":{"rendered":"https:\/\/turkiyemhaber.com\/?p=3071"},"modified":"2026-06-12T14:31:26","modified_gmt":"2026-06-12T14:31:26","slug":"kiraz-festivalinde-gida-kontrolleri-suruyor","status":"publish","type":"post","link":"https:\/\/turkiyemhaber.com\/?p=3071","title":{"rendered":"Kiraz Festivali&#8217;nde G\u0131da Kontrolleri S\u00fcr\u00fcyor"},"content":{"rendered":"\n<p class=\"wp-block-paragraph\">Tekirda\u011f Uluslararas\u0131 Kiraz Festivali&#8217;nde g\u0131da g\u00fcvenli\u011fi i\u00e7in denetimler aral\u0131ks\u0131z devam ediyor.<\/p>\n\n\n\n<p class=\"wp-block-paragraph\"><a href=\"https:\/\/www.sondakika.com\/tekirdag\/\">Tekirda\u011f<\/a>&#8216;da bu y\u0131l 60&#8217;\u0131nc\u0131s\u0131 d\u00fczenlenen Uluslararas\u0131 Kiraz Festivali s\u00fcresince vatanda\u015flar\u0131n sa\u011fl\u0131kl\u0131 ve g\u00fcvenilir g\u0131daya ula\u015fabilmesi amac\u0131yla g\u0131da kontrol ekipleri taraf\u0131ndan denetimler aral\u0131ks\u0131z s\u00fcrd\u00fcr\u00fcl\u00fcyor.<\/p>\n\n\n\n<p class=\"wp-block-paragraph\">Tekirda\u011f \u0130l Tar\u0131m ve Orman M\u00fcd\u00fcrl\u00fc\u011f\u00fc ekipleri, festival alan\u0131nda hizmet veren yiyecek ve i\u00e7ecek sat\u0131\u015f noktalar\u0131nda kontroller ger\u00e7ekle\u015ftiriyor. Festival s\u00fcresince yo\u011funluk ya\u015fanan stantlarda yap\u0131lan denetimlerde i\u015fletmelerin hijyen \u015fartlar\u0131, \u00fcr\u00fcnlerin muhafazas\u0131, depolama y\u00f6ntemleri ve sat\u0131\u015fa sunulan g\u0131dalar\u0131n ilgili mevzuata uygunlu\u011fu inceleniyor. Ekipler taraf\u0131ndan ger\u00e7ekle\u015ftirilen kontrollerde g\u0131da g\u00fcvenilirli\u011finin sa\u011flanmas\u0131na y\u00f6nelik kriterler tek tek de\u011ferlendirilirken, i\u015fletme sahipleri ve \u00e7al\u0131\u015fanlara da hijyen kurallar\u0131 konusunda bilgilendirmelerde bulunuluyor. \u00d6zellikle s\u0131cak havada bozulma riski ta\u015f\u0131yan \u00fcr\u00fcnlerin uygun \u015fartlarda muhafaza edilip edilmedi\u011fi denetleniyor.<\/p>\n\n\n\n<p class=\"wp-block-paragraph\">Yetkililer, festival boyunca binlerce vatanda\u015f\u0131n ziyaret etti\u011fi etkinlik alan\u0131nda herhangi bir olumsuzlu\u011fun ya\u015fanmamas\u0131 i\u00e7in denetimlerin aral\u0131ks\u0131z devam edece\u011fini belirtti. Vatanda\u015flar\u0131n g\u00fcvenilir g\u0131daya eri\u015fiminin sa\u011flanmas\u0131 ve muhtemel sa\u011fl\u0131k risklerinin \u00f6n\u00fcne ge\u00e7ilmesi amac\u0131yla s\u00fcrd\u00fcr\u00fclen \u00e7al\u0131\u015fmalar\u0131n festival s\u00fcresince yo\u011fun \u015fekilde devam edece\u011fi ifade edildi. &#8211; TEK\u0130RDA\u011e<\/p>\n","protected":false},"excerpt":{"rendered":"<p>Tekirda\u011f Uluslararas\u0131 Kiraz Festivali&#8217;nde g\u0131da g\u00fcvenli\u011fi i\u00e7in denetimler aral\u0131ks\u0131z devam ediyor. Tekirda\u011f&#8216;da bu y\u0131l 60&#8217;\u0131nc\u0131s\u0131<\/p>\n","protected":false},"author":1,"featured_media":3072,"comment_status":"open","ping_status":"open","sticky":false,"template":"","format":"standard","meta":{"_rtcl_gb_attr":"","footnotes":""},"categories":[1],"tags":[],"class_list":["post-3071","post","type-post","status-publish","format-standard","has-post-thumbnail","hentry","category-http-turkiyemhaber-com-wp-content-uploads-2026-03-saray-59-haber-13-mart-pdf"],"_links":{"self":[{"href":"https:\/\/turkiyemhaber.com\/index.php?rest_route=\/wp\/v2\/posts\/3071","targetHints":{"allow":["GET"]}}],"collection":[{"href":"https:\/\/turkiyemhaber.com\/index.php?rest_route=\/wp\/v2\/posts"}],"about":[{"href":"https:\/\/turkiyemhaber.com\/index.php?rest_route=\/wp\/v2\/types\/post"}],"author":[{"embeddable":true,"href":"https:\/\/turkiyemhaber.com\/index.php?rest_route=\/wp\/v2\/users\/1"}],"replies":[{"embeddable":true,"href":"https:\/\/turkiyemhaber.com\/index.php?rest_route=%2Fwp%2Fv2%2Fcomments&post=3071"}],"version-history":[{"count":1,"href":"https:\/\/turkiyemhaber.com\/index.php?rest_route=\/wp\/v2\/posts\/3071\/revisions"}],"predecessor-version":[{"id":3073,"href":"https:\/\/turkiyemhaber.com\/index.php?rest_route=\/wp\/v2\/posts\/3071\/revisions\/3073"}],"wp:featuredmedia":[{"embeddable":true,"href":"https:\/\/turkiyemhaber.com\/index.php?rest_route=\/wp\/v2\/media\/3072"}],"wp:attachment":[{"href":"https:\/\/turkiyemhaber.com\/index.php?rest_route=%2Fwp%2Fv2%2Fmedia&parent=3071"}],"wp:term":[{"taxonomy":"category","embeddable":true,"href":"https:\/\/turkiyemhaber.com\/index.php?rest_route=%2Fwp%2Fv2%2Fcategories&post=3071"},{"taxonomy":"post_tag","embeddable":true,"href":"https:\/\/turkiyemhaber.com\/index.php?rest_route=%2Fwp%2Fv2%2Ftags&post=3071"}],"curies":[{"name":"wp","href":"https:\/\/api.w.org\/{rel}","templated":true}]}}